{"id":100477,"date":"2026-01-21T14:47:23","date_gmt":"2026-01-21T13:47:23","guid":{"rendered":"https:\/\/cultureelpersbureau.nl\/?p=100477"},"modified":"2026-01-21T14:47:27","modified_gmt":"2026-01-21T13:47:27","slug":"vier-de-kracht-van-de-podiumkunsten-bij-zid-theater-tijdens-het-nationaal-theaterweekend-2026","status":"publish","type":"post","link":"https:\/\/cultureelpersbureau.nl\/en\/2026\/01\/vier-de-kracht-van-de-podiumkunsten-bij-zid-theater-tijdens-het-nationaal-theaterweekend-2026\/","title":{"rendered":"Celebrate the power of the performing arts at ZID Theatre during National Theatre Weekend 2026"},"content":{"rendered":"<p>During the National Theatre Weekend, the whole of the Netherlands gets the chance to experience the power of performing arts and discover new venues and performances. ZID Theatre in Amsterdam also traditionally joins in, presenting a rich, groundbreaking programme that fits seamlessly with ZID's mission: to make theatre in all its forms accessible to everyone. For three days<\/p>\n\n\n\n<p>For three days, the theatre will feature international makers from Italy and Belgium, local talent, interactive experiences and intimate storytelling you won't want to miss. Each day offers an exciting fringe programme that deepens the main programme and actively takes you, the visitor, into diverse worlds of dance, theatre, soundscapes and experimentation.<\/p>\n\n\n\n<p>On Friday, ZID Theatre opens with On the Edge: a sensory journey full of dreams, humour and confusion, followed by the Dutch premiere of Mother, an international dance performance by Italian collective Perypezye Urbane in which body and artificial intelligence meet. Saturday and Sunday are dedicated to young talent and personal stories, with inspiring fringe programmes and the co-production Missing &amp; Wishing, in which loss, longing and hope come together in intimate solos.<\/p>\n\n\n\n<p>A weekend to discover, feel and be surprised<strong>.<\/strong><\/p>\n\n\n\n<div class=\"wp-block-jetpack-tiled-gallery aligncenter is-style-rectangular\"><div class=\"\"><div class=\"tiled-gallery__gallery\"><div class=\"tiled-gallery__row\"><div class=\"tiled-gallery__col\" style=\"flex-basis:23.71214%\"><figure class=\"tiled-gallery__item\"><img decoding=\"async\" data-attachment-id=\"100480\" data-permalink=\"https:\/\/cultureelpersbureau.nl\/en\/2026\/01\/vier-de-kracht-van-de-podiumkunsten-bij-zid-theater-tijdens-het-nationaal-theaterweekend-2026\/imrane-missing-wishing-agnes-de-maeseneir-2\/\" data-orig-file=\"https:\/\/cultureelpersbureau.nl\/wp-content\/uploads\/2026\/01\/Imrane-Missing-Wishing-Agnes-De-Maeseneir-2-scaled.jpg\" data-orig-size=\"1639,2048\" data-comments-opened=\"1\" data-image-meta=\"{&quot;aperture&quot;:&quot;2.8&quot;,&quot;credit&quot;:&quot;&quot;,&quot;camera&quot;:&quot;Canon EOS 5D Mark IV&quot;,&quot;caption&quot;:&quot;&quot;,&quot;created_timestamp&quot;:&quot;1763838060&quot;,&quot;copyright&quot;:&quot;&quot;,&quot;focal_length&quot;:&quot;51&quot;,&quot;iso&quot;:&quot;12800&quot;,&quot;shutter_speed&quot;:&quot;0.00625&quot;,&quot;title&quot;:&quot;&quot;,&quot;orientation&quot;:&quot;0&quot;}\" data-image-title=\"Imrane &amp;#8211; Missing &amp;#038; Wishing &amp;#8211; Agnes De Maeseneir (2)\" data-image-description=\"\" data-image-caption=\"&lt;p&gt;Imrane &amp;#8211; Missing &amp;#038; Wishing &amp;#8211; Agnes De Maeseneir&lt;\/p&gt;\" data-large-file=\"https:\/\/cultureelpersbureau.nl\/wp-content\/uploads\/2026\/01\/Imrane-Missing-Wishing-Agnes-De-Maeseneir-2-819x1024.jpg\" role=\"button\" tabindex=\"0\" aria-label=\"Open image 1 of 3 in full-screen\" srcset=\"https:\/\/i0.wp.com\/cultureelpersbureau.nl\/wp-content\/uploads\/2026\/01\/Imrane-Missing-Wishing-Agnes-De-Maeseneir-2-819x1024.jpg?strip=info&#038;w=600&#038;ssl=1 600w,https:\/\/i0.wp.com\/cultureelpersbureau.nl\/wp-content\/uploads\/2026\/01\/Imrane-Missing-Wishing-Agnes-De-Maeseneir-2-819x1024.jpg?strip=info&#038;w=900&#038;ssl=1 900w,https:\/\/i0.wp.com\/cultureelpersbureau.nl\/wp-content\/uploads\/2026\/01\/Imrane-Missing-Wishing-Agnes-De-Maeseneir-2-819x1024.jpg?strip=info&#038;w=1200&#038;ssl=1 1200w,https:\/\/i0.wp.com\/cultureelpersbureau.nl\/wp-content\/uploads\/2026\/01\/Imrane-Missing-Wishing-Agnes-De-Maeseneir-2-819x1024.jpg?strip=info&#038;w=1500&#038;ssl=1 1500w,https:\/\/i0.wp.com\/cultureelpersbureau.nl\/wp-content\/uploads\/2026\/01\/Imrane-Missing-Wishing-Agnes-De-Maeseneir-2-819x1024.jpg?strip=info&#038;w=1639&#038;ssl=1 1639w\" alt=\"\" data-height=\"2048\" data-id=\"100480\" data-link=\"https:\/\/cultureelpersbureau.nl\/?attachment_id=100480\" data-url=\"https:\/\/cultureelpersbureau.nl\/wp-content\/uploads\/2026\/01\/Imrane-Missing-Wishing-Agnes-De-Maeseneir-2-819x1024.jpg\" data-width=\"1639\" src=\"https:\/\/i0.wp.com\/cultureelpersbureau.nl\/wp-content\/uploads\/2026\/01\/Imrane-Missing-Wishing-Agnes-De-Maeseneir-2-819x1024.jpg?ssl=1\" data-amp-layout=\"responsive\"\/><\/figure><\/div><div class=\"tiled-gallery__col\" style=\"flex-basis:52.57573%\"><figure class=\"tiled-gallery__item\"><img decoding=\"async\" data-attachment-id=\"100478\" data-permalink=\"https:\/\/cultureelpersbureau.nl\/en\/2026\/01\/vier-de-kracht-van-de-podiumkunsten-bij-zid-theater-tijdens-het-nationaal-theaterweekend-2026\/mother-photo-by-waclaw-pyzik-2\/\" data-orig-file=\"https:\/\/cultureelpersbureau.nl\/wp-content\/uploads\/2026\/01\/Mother-Photo-by-Waclaw-Pyzik-2.jpg\" data-orig-size=\"1024,575\" data-comments-opened=\"1\" data-image-meta=\"{&quot;aperture&quot;:&quot;3.5&quot;,&quot;credit&quot;:&quot;&quot;,&quot;camera&quot;:&quot;Canon EOS R5m2&quot;,&quot;caption&quot;:&quot;&quot;,&quot;created_timestamp&quot;:&quot;1757191727&quot;,&quot;copyright&quot;:&quot;&quot;,&quot;focal_length&quot;:&quot;62&quot;,&quot;iso&quot;:&quot;2500&quot;,&quot;shutter_speed&quot;:&quot;0.005&quot;,&quot;title&quot;:&quot;&quot;,&quot;orientation&quot;:&quot;1&quot;}\" data-image-title=\"Mother &amp;#8211; Photo by Waclaw Pyzik (2)\" data-image-description=\"\" data-image-caption=\"&lt;p&gt;Mother &amp;#8211; Photo by Waclaw Pyzik&lt;\/p&gt;\" data-large-file=\"https:\/\/cultureelpersbureau.nl\/wp-content\/uploads\/2026\/01\/Mother-Photo-by-Waclaw-Pyzik-2.jpg\" role=\"button\" tabindex=\"0\" aria-label=\"Open image 2 of 3 in full-screen\" srcset=\"https:\/\/i0.wp.com\/cultureelpersbureau.nl\/wp-content\/uploads\/2026\/01\/Mother-Photo-by-Waclaw-Pyzik-2.jpg?strip=info&#038;w=600&#038;ssl=1 600w,https:\/\/i0.wp.com\/cultureelpersbureau.nl\/wp-content\/uploads\/2026\/01\/Mother-Photo-by-Waclaw-Pyzik-2.jpg?strip=info&#038;w=900&#038;ssl=1 900w,https:\/\/i0.wp.com\/cultureelpersbureau.nl\/wp-content\/uploads\/2026\/01\/Mother-Photo-by-Waclaw-Pyzik-2.jpg?strip=info&#038;w=1024&#038;ssl=1 1024w\" alt=\"\" data-height=\"575\" data-id=\"100478\" data-link=\"https:\/\/cultureelpersbureau.nl\/?attachment_id=100478\" data-url=\"https:\/\/cultureelpersbureau.nl\/wp-content\/uploads\/2026\/01\/Mother-Photo-by-Waclaw-Pyzik-2.jpg\" data-width=\"1024\" src=\"https:\/\/i0.wp.com\/cultureelpersbureau.nl\/wp-content\/uploads\/2026\/01\/Mother-Photo-by-Waclaw-Pyzik-2.jpg?ssl=1\" data-amp-layout=\"responsive\"\/><\/figure><\/div><div class=\"tiled-gallery__col\" style=\"flex-basis:23.71214%\"><figure class=\"tiled-gallery__item\"><img decoding=\"async\" data-attachment-id=\"100479\" data-permalink=\"https:\/\/cultureelpersbureau.nl\/en\/2026\/01\/vier-de-kracht-van-de-podiumkunsten-bij-zid-theater-tijdens-het-nationaal-theaterweekend-2026\/dora-missing-wishing-agnes-de-maeseneir\/\" data-orig-file=\"https:\/\/cultureelpersbureau.nl\/wp-content\/uploads\/2026\/01\/Dora-Missing-Wishing-Agnes-De-Maeseneir-scaled.jpg\" data-orig-size=\"1639,2048\" data-comments-opened=\"1\" data-image-meta=\"{&quot;aperture&quot;:&quot;2.8&quot;,&quot;credit&quot;:&quot;&quot;,&quot;camera&quot;:&quot;Canon EOS 5D Mark IV&quot;,&quot;caption&quot;:&quot;&quot;,&quot;created_timestamp&quot;:&quot;1763836007&quot;,&quot;copyright&quot;:&quot;&quot;,&quot;focal_length&quot;:&quot;70&quot;,&quot;iso&quot;:&quot;12800&quot;,&quot;shutter_speed&quot;:&quot;0.005&quot;,&quot;title&quot;:&quot;&quot;,&quot;orientation&quot;:&quot;0&quot;}\" data-image-title=\"Dora &amp;#8211; Missing &amp;#038; Wishing &amp;#8211; Agnes De Maeseneir\" data-image-description=\"\" data-image-caption=\"&lt;p&gt;Dora &amp;#8211; Missing &amp;#038; Wishing &amp;#8211; Agnes De Maeseneir&lt;\/p&gt;\" data-large-file=\"https:\/\/cultureelpersbureau.nl\/wp-content\/uploads\/2026\/01\/Dora-Missing-Wishing-Agnes-De-Maeseneir-819x1024.jpg\" role=\"button\" tabindex=\"0\" aria-label=\"Open image 3 of 3 in full-screen\" srcset=\"https:\/\/i0.wp.com\/cultureelpersbureau.nl\/wp-content\/uploads\/2026\/01\/Dora-Missing-Wishing-Agnes-De-Maeseneir-819x1024.jpg?strip=info&#038;w=600&#038;ssl=1 600w,https:\/\/i0.wp.com\/cultureelpersbureau.nl\/wp-content\/uploads\/2026\/01\/Dora-Missing-Wishing-Agnes-De-Maeseneir-819x1024.jpg?strip=info&#038;w=900&#038;ssl=1 900w,https:\/\/i0.wp.com\/cultureelpersbureau.nl\/wp-content\/uploads\/2026\/01\/Dora-Missing-Wishing-Agnes-De-Maeseneir-819x1024.jpg?strip=info&#038;w=1200&#038;ssl=1 1200w,https:\/\/i0.wp.com\/cultureelpersbureau.nl\/wp-content\/uploads\/2026\/01\/Dora-Missing-Wishing-Agnes-De-Maeseneir-819x1024.jpg?strip=info&#038;w=1500&#038;ssl=1 1500w,https:\/\/i0.wp.com\/cultureelpersbureau.nl\/wp-content\/uploads\/2026\/01\/Dora-Missing-Wishing-Agnes-De-Maeseneir-819x1024.jpg?strip=info&#038;w=1639&#038;ssl=1 1639w\" alt=\"\" data-height=\"2048\" data-id=\"100479\" data-link=\"https:\/\/cultureelpersbureau.nl\/?attachment_id=100479\" data-url=\"https:\/\/cultureelpersbureau.nl\/wp-content\/uploads\/2026\/01\/Dora-Missing-Wishing-Agnes-De-Maeseneir-819x1024.jpg\" data-width=\"1639\" src=\"https:\/\/i0.wp.com\/cultureelpersbureau.nl\/wp-content\/uploads\/2026\/01\/Dora-Missing-Wishing-Agnes-De-Maeseneir-819x1024.jpg?ssl=1\" data-amp-layout=\"responsive\"\/><\/figure><\/div><\/div><\/div><\/div><\/div>\n\n\n\n<p><strong>FRIDAY 23 January Fringe programme On the Edge - ZID Theatre<br \/>Main programme dance &amp; AI performance Mother, Italy<\/strong><\/p>\n\n\n\n<p><strong>Friday 23 January 2026 | 19.45<\/strong><\/p>\n\n\n\n<p>Prior to the dance performance Mother, ZID Theatre, directed by Karolina Spai\u0107, will take you on an adventurous journey full of surprises, challenging you to push the edge. Together with regular performers like Nivin Baranbo, Daan Bosch and Sebo Bakker and special guests, you will discover worlds full of dreams and idiosyncrasies. Get carried away by dance, theatre, soundscapes and installations that stimulate your senses. Sometimes moving, sometimes confusing, sometimes funny, but always magical.<\/p>\n\n\n\n<p>Concept and direction: Karolina Spai\u0107 | Performers: Sebo Bakker, Nivin Baranbo, Daan Bosch, Dora Draghi, Issam Zemmouri | Soundscape: Jera Topolovec<\/p>\n\n\n\n<p><strong>Mother - Perypezye Urbane, Italy<\/strong><\/p>\n\n\n\n<p><strong>Friday 23 January 2026 | 20:30<\/strong><\/p>\n\n\n\n<p>Can ancient rituals and modern innovation combine to create new myths? You can find out in the Dutch premiere of the dance performance by Italian collective Perypezye Urbane, in which dance and AI merge in fascinating ways.<\/p>\n\n\n\n<p>Mother is no ordinary dance performance, but an exploration of the relationship between the body and artificial intelligence: a world where the human and the digital intersect. Here, movement and algorithms merge, physical presence and virtual experience. Mother explores the fields of tension and possibilities of this digital age: from dreams and fears to new rituals.<\/p>\n\n\n\n<p><strong>Direction and project coordination:<\/strong>\u00a0Giovanni Sabelli Fioretti |\u00a0<strong>Creative Production:<\/strong>\u00a0Giuseppe Esposito |\u00a0<strong>Dance and choreography:<\/strong>\u00a0Marianna De Vito and Maia Joseph<\/p>\n\n\n\n<p>Read more about Perypezye Urbane here<br \/>Read more about Mother here<\/p>\n\n\n\n<p><strong>Saturday 24 January 2026 | 20.30<\/strong>\u00a0with a fringe theatre programme beforehand: students Nova College MBO Theatre Haarlem<strong><br \/>Sunday 25 January 2026 | 16.30<\/strong>\u00a0with a dance programme beforehand: Carita Mirella Adiegah<\/p>\n\n\n\n<p><strong>Main programme: Missing &amp; Wishing - ZID Theatre, NL &amp; Madam Fortuna, Belgium<\/strong><\/p>\n\n\n\n<p>On Saturday and Sunday, Missing &amp; Wishing is on the programme, a co-production by ZID Theater (Amsterdam) and Madam Fortuna (Antwerp). Six young makers from both cities perform short solos that bring together loss, longing and hope. With theatre, spoken word, dance and soundscapes, they create a mosaic of personal stories: vulnerable, direct and recognisable.<\/p>\n\n\n\n<p>The performances reveal what is bubbling under the surface in the lives of the makers: dreams that give hope, memories that chafe and desires that offer direction. Missing &amp; Wishing is an intimate journey through worlds that come alive in words, images and movement.<\/p>\n\n\n\n<p><strong>Concept:<\/strong>\u00a0Hussein Al-Khalidi (MF) |<strong>\u00a0Directed:<\/strong>\u00a0Bea Van den Berg (MF) &amp; Sebo Bakker (ZID) |<strong>\u00a0Makers and execution:<\/strong>\u00a0Amanda Lee, Dora Draghi, Jera Topolovec, Rosina Lui (ZID) &amp; Imrane Akajjoua, Gloria Abena Biney (MF)<\/p>\n\n\n\n<p><strong>Tickets<\/strong>\u00a0cost only \u20ac10 and are available at www.zidtheater.nl. Neighbourhood residents from the Kolenkit neighbourhood get a \u20ac2.50 discount, as do students and CJP members.<\/p>\n\n\n\n<p>The programme at ZID Theatre during the National Theatre Weekend has come about thanks to, among others, Gemeente Amsterdam (West), Fonds voor Cultuurparticipatie, The EU-funded Erasmus + Youth Programme, and the National Theatre Fund as well as cultural partners such as Madam Fortuna and Perypezye Urbane. The tour of Mother was made possible by SIAE (The Italian Association of Authors and Publishers) and the Italian Ministry of Culture.\u00a0<\/p>","protected":false},"excerpt":{"rendered":"<p>Tijdens het Nationaal Theaterweekend krijgt heel Nederland de kans om de kracht van podiumkunsten te ervaren en nieuwe locaties en voorstellingen te ontdekken. Ook ZID Theater in Amsterdam doet traditiegetrouw mee en presenteert een rijk, grensverleggend programma dat naadloos aansluit bij ZID\u2019s missie: theater in al zijn vormen toegankelijk maken voor iedereen. Drie dagen lang [&hellip;]<\/p>\n","protected":false},"author":13,"featured_media":0,"comment_status":"open","ping_status":"closed","sticky":false,"template":"","format":"standard","meta":{"_eb_attr":"","_themeisle_gutenberg_block_has_review":false,"_jetpack_memberships_contains_paid_content":false,"activitypub_content_warning":"","activitypub_content_visibility":"","activitypub_max_image_attachments":3,"activitypub_interaction_policy_quote":"anyone","activitypub_status":"federated","footnotes":"","jetpack_publicize_message":"","jetpack_publicize_feature_enabled":true,"jetpack_social_post_already_shared":false,"jetpack_social_options":{"image_generator_settings":{"template":"highway","default_image_id":0,"font":"","enabled":false},"version":2}},"categories":[11917,8843,4759],"tags":[16503,15816],"class_list":["post-100477","post","type-post","status-publish","format-standard","hentry","category-persberichten","category-podiumkunst","category-theater-podiumkunst-2","tag-nationaal-theaterweekend","tag-zid-theater"],"views":432,"jetpack_publicize_connections":[],"jetpack_featured_media_url":"","jetpack-related-posts":[{"id":96002,"url":"https:\/\/cultureelpersbureau.nl\/en\/2025\/01\/ontdek-een-bruisend-programma-bij-zid-theater-tijdens-het-nationaal-theaterweekend\/","url_meta":{"origin":100477,"position":0},"title":"Discover a vibrant programme at ZID Theatre during National Theatre Weekend!","author":"een van onze leden","date":"7 January 2025","format":false,"excerpt":"Van 24 t\/m 26 januari 2025 opent ZID Theater haar deuren in de bruisende Kolenkitbuurt. Met een intieme verhalen over migratie en veerkracht, een krachtige multidisciplinaire productie over klimaatverandering, en een aangrijpende solovoorstelling over vrouwenrechten, is dit h\u00e9t moment om kunst te beleven die raakt en inspireert. Ontdek een plek\u2026","rel":"","context":"In &quot;PERSBERICHTEN&quot;","block_context":{"text":"PERSBERICHTEN","link":"https:\/\/cultureelpersbureau.nl\/en\/genre\/service\/persberichten\/"},"img":{"alt_text":"","src":"https:\/\/i0.wp.com\/cultureelpersbureau.nl\/wp-content\/uploads\/formidable\/7\/WATER-Foto-door-Maria-Morales.jpg?resize=350%2C200&ssl=1","width":350,"height":200,"srcset":"https:\/\/i0.wp.com\/cultureelpersbureau.nl\/wp-content\/uploads\/formidable\/7\/WATER-Foto-door-Maria-Morales.jpg?resize=350%2C200&ssl=1 1x, https:\/\/i0.wp.com\/cultureelpersbureau.nl\/wp-content\/uploads\/formidable\/7\/WATER-Foto-door-Maria-Morales.jpg?resize=525%2C300&ssl=1 1.5x, https:\/\/i0.wp.com\/cultureelpersbureau.nl\/wp-content\/uploads\/formidable\/7\/WATER-Foto-door-Maria-Morales.jpg?resize=700%2C400&ssl=1 2x"},"classes":[]},{"id":101164,"url":"https:\/\/cultureelpersbureau.nl\/en\/2026\/04\/zid-theater-presenteert-de-tiende-editie-van-het-explorez-festival-in-amsterdam\/","url_meta":{"origin":100477,"position":1},"title":"ZID Theatre presents the tenth edition of the Explorez Festival in Amsterdam!","author":"Wijbrand Schaap","date":"10 April 2026","format":false,"excerpt":"Van 28 mei t\/m 7 juni 2026 verandert Amsterdam in een bruisend podium vol voorstellingen, workshops, en interactieve activiteiten. Het jaarlijkse ExploreZ Festival staat voor diversiteit, inclusie, internationale samenwerking en verrassende cross-overs tussen disciplines en lokale gemeenschappen. ZID Theater kondigt met trots de tiende editie aan van dit meerdaagse festival\u2026","rel":"","context":"In &quot;ACTUEEL&quot;","block_context":{"text":"ACTUEEL","link":"https:\/\/cultureelpersbureau.nl\/en\/genre\/nieuws\/"},"img":{"alt_text":"","src":"","width":0,"height":0},"classes":[]},{"id":93369,"url":"https:\/\/cultureelpersbureau.nl\/en\/2024\/01\/drie-voorstellingen-van-en-bij-zid-theater-in-de-amsterdamse-kolenkitbuurttijdens-het-nationaal-theaterweekend-op-26-27-en-28-januari-2024\/","url_meta":{"origin":100477,"position":2},"title":"Three performances by and at ZID Theatre in Amsterdam's Kolenkit neighbourhood during the National Theatre Weekend on 26, 27 and 28 January 2024","author":"een van onze leden","date":"26 January 2024","format":false,"excerpt":"ZID Theatre creates multidisciplinary performances with very diverse talents, while also being a stage for these performances and for productions by other like-minded creators. We have therefore decided to open our doors for the second time for the nationalNational Theatre Weekend. What can you see at ZID? On Friday, 26 January,...","rel":"","context":"In &quot;PERSBERICHTEN&quot;","block_context":{"text":"PERSBERICHTEN","link":"https:\/\/cultureelpersbureau.nl\/en\/genre\/service\/persberichten\/"},"img":{"alt_text":"","src":"https:\/\/i0.wp.com\/cultureelpersbureau.nl\/wp-content\/uploads\/2024\/01\/foto_theaterweekend_nieuws-1024x1024-1.jpg?resize=350%2C200&ssl=1","width":350,"height":200,"srcset":"https:\/\/i0.wp.com\/cultureelpersbureau.nl\/wp-content\/uploads\/2024\/01\/foto_theaterweekend_nieuws-1024x1024-1.jpg?resize=350%2C200&ssl=1 1x, https:\/\/i0.wp.com\/cultureelpersbureau.nl\/wp-content\/uploads\/2024\/01\/foto_theaterweekend_nieuws-1024x1024-1.jpg?resize=525%2C300&ssl=1 1.5x, https:\/\/i0.wp.com\/cultureelpersbureau.nl\/wp-content\/uploads\/2024\/01\/foto_theaterweekend_nieuws-1024x1024-1.jpg?resize=700%2C400&ssl=1 2x"},"classes":[]},{"id":95163,"url":"https:\/\/cultureelpersbureau.nl\/en\/2024\/09\/zid-theater-presenteert-roots-wings-een-mozaiek-van-wereldse-verhalen-en-persoonlijke-herinneringen\/","url_meta":{"origin":100477,"position":3},"title":"ZID Theatre presents ROOTS &amp; WINGS - a mosaic of worldly stories and personal memories","author":"een van onze leden","date":"7 September 2024","format":false,"excerpt":"Welcome to the multidisciplinary collage performance Roots &amp; Wings on 27 September at 20.00 at ZID Theater Amsterdam! Roots &amp; Wings is a co-creation from ZID Theater Amsterdam and Antwerp-based Madam Fortuna. The performance combines short solo performances by six different dance and theatre makers, each with their personal interpretation of...","rel":"","context":"In &quot;PERSBERICHTEN&quot;","block_context":{"text":"PERSBERICHTEN","link":"https:\/\/cultureelpersbureau.nl\/en\/genre\/service\/persberichten\/"},"img":{"alt_text":"","src":"https:\/\/i0.wp.com\/cultureelpersbureau.nl\/wp-content\/uploads\/formidable\/7\/Issam-Zemmouri-Foto-door-Lucinde-Wahlen-roots-en-wings.jpg?resize=350%2C200&ssl=1","width":350,"height":200,"srcset":"https:\/\/i0.wp.com\/cultureelpersbureau.nl\/wp-content\/uploads\/formidable\/7\/Issam-Zemmouri-Foto-door-Lucinde-Wahlen-roots-en-wings.jpg?resize=350%2C200&ssl=1 1x, https:\/\/i0.wp.com\/cultureelpersbureau.nl\/wp-content\/uploads\/formidable\/7\/Issam-Zemmouri-Foto-door-Lucinde-Wahlen-roots-en-wings.jpg?resize=525%2C300&ssl=1 1.5x, https:\/\/i0.wp.com\/cultureelpersbureau.nl\/wp-content\/uploads\/formidable\/7\/Issam-Zemmouri-Foto-door-Lucinde-Wahlen-roots-en-wings.jpg?resize=700%2C400&ssl=1 2x, https:\/\/i0.wp.com\/cultureelpersbureau.nl\/wp-content\/uploads\/formidable\/7\/Issam-Zemmouri-Foto-door-Lucinde-Wahlen-roots-en-wings.jpg?resize=1050%2C600&ssl=1 3x"},"classes":[]},{"id":101096,"url":"https:\/\/cultureelpersbureau.nl\/en\/2026\/03\/wij-zijn-er-altijd-al-geweest-djuwa-mroivili-brengt-vergeten-queergeschiedenissen-tot-leven-in-mx-coelacunt-will-live-forever\/","url_meta":{"origin":100477,"position":4},"title":"We've always been there: Djuwa Mroivili brings forgotten queer histories to life in Mx. CoelaCunt will live forever","author":"een van onze leden","date":"31 March 2026","format":false,"excerpt":"Op donderdag 16 april gaat Mx. CoelaCunt will live forever van maker en performer Djuwa Mroivili in premi\u00e8re tijdens Motel Moza\u00efque Festival in Theater Rotterdam. In deze muziektheatervoorstelling onderzoekt Djuwa wat nooit verdwenen is: flu\u00efde identiteiten en queer geschiedenissen die door koloniale normen zijn uitgewist. Ge\u00efnspireerd door de coelacanth \u2013\u2026","rel":"","context":"In &quot;PERSBERICHTEN&quot;","block_context":{"text":"PERSBERICHTEN","link":"https:\/\/cultureelpersbureau.nl\/en\/genre\/service\/persberichten\/"},"img":{"alt_text":"","src":"","width":0,"height":0},"classes":[]},{"id":101200,"url":"https:\/\/cultureelpersbureau.nl\/en\/2026\/04\/de-kaartverkoop-voor-delft-fringe-festival-2026-is-vandaag-gestart\/","url_meta":{"origin":100477,"position":5},"title":"De kaartverkoop voor Delft Fringe Festival 2026 is vandaag gestart!","author":"een van onze leden","date":"14 April 2026","format":false,"excerpt":"Delft, 13 april 2026\u00a0-\u00a0Vandaag opent de kaartverkoop voor Delft Fringe Festival 2026, waar 23 gezelschappen uit meer dan 360 aanmeldingen twaalf dagen lang Delft vullen met podiumkunst in alle vormen - van cabaret tot opera, van dans tot fysiek theater. Collectief Teder, prijswinnaars Delft Fringe Festival 2025, door Philine van\u2026","rel":"","context":"In &quot;Delft Fringe Festival&quot;","block_context":{"text":"Delft Fringe Festival","link":"https:\/\/cultureelpersbureau.nl\/en\/genre\/service\/specials\/delft-fringe-festival\/"},"img":{"alt_text":"","src":"https:\/\/i0.wp.com\/cultureelpersbureau.nl\/wp-content\/uploads\/2026\/04\/lB14NAr5ZIs6obTf7zaAzdob9u5gBUCzfpCZl5x5-scaled.webp?resize=350%2C200&ssl=1","width":350,"height":200,"srcset":"https:\/\/i0.wp.com\/cultureelpersbureau.nl\/wp-content\/uploads\/2026\/04\/lB14NAr5ZIs6obTf7zaAzdob9u5gBUCzfpCZl5x5-scaled.webp?resize=350%2C200&ssl=1 1x, https:\/\/i0.wp.com\/cultureelpersbureau.nl\/wp-content\/uploads\/2026\/04\/lB14NAr5ZIs6obTf7zaAzdob9u5gBUCzfpCZl5x5-scaled.webp?resize=525%2C300&ssl=1 1.5x, https:\/\/i0.wp.com\/cultureelpersbureau.nl\/wp-content\/uploads\/2026\/04\/lB14NAr5ZIs6obTf7zaAzdob9u5gBUCzfpCZl5x5-scaled.webp?resize=700%2C400&ssl=1 2x, https:\/\/i0.wp.com\/cultureelpersbureau.nl\/wp-content\/uploads\/2026\/04\/lB14NAr5ZIs6obTf7zaAzdob9u5gBUCzfpCZl5x5-scaled.webp?resize=1050%2C600&ssl=1 3x, https:\/\/i0.wp.com\/cultureelpersbureau.nl\/wp-content\/uploads\/2026\/04\/lB14NAr5ZIs6obTf7zaAzdob9u5gBUCzfpCZl5x5-scaled.webp?resize=1400%2C800&ssl=1 4x"},"classes":[]}],"jetpack_shortlink":"https:\/\/wp.me\/p3yKke-q8B","jetpack_sharing_enabled":true,"_links":{"self":[{"href":"https:\/\/cultureelpersbureau.nl\/en\/wp-json\/wp\/v2\/posts\/100477","targetHints":{"allow":["GET"]}}],"collection":[{"href":"https:\/\/cultureelpersbureau.nl\/en\/wp-json\/wp\/v2\/posts"}],"about":[{"href":"https:\/\/cultureelpersbureau.nl\/en\/wp-json\/wp\/v2\/types\/post"}],"author":[{"embeddable":true,"href":"https:\/\/cultureelpersbureau.nl\/en\/wp-json\/wp\/v2\/users\/13"}],"replies":[{"embeddable":true,"href":"https:\/\/cultureelpersbureau.nl\/en\/wp-json\/wp\/v2\/comments?post=100477"}],"version-history":[{"count":1,"href":"https:\/\/cultureelpersbureau.nl\/en\/wp-json\/wp\/v2\/posts\/100477\/revisions"}],"predecessor-version":[{"id":100481,"href":"https:\/\/cultureelpersbureau.nl\/en\/wp-json\/wp\/v2\/posts\/100477\/revisions\/100481"}],"wp:attachment":[{"href":"https:\/\/cultureelpersbureau.nl\/en\/wp-json\/wp\/v2\/media?parent=100477"}],"wp:term":[{"taxonomy":"category","embeddable":true,"href":"https:\/\/cultureelpersbureau.nl\/en\/wp-json\/wp\/v2\/categories?post=100477"},{"taxonomy":"post_tag","embeddable":true,"href":"https:\/\/cultureelpersbureau.nl\/en\/wp-json\/wp\/v2\/tags?post=100477"}],"curies":[{"name":"wp","href":"https:\/\/api.w.org\/{rel}","templated":true}]}}