{"id":100808,"date":"2026-03-02T17:08:40","date_gmt":"2026-03-02T16:08:40","guid":{"rendered":"https:\/\/cultureelpersbureau.nl\/?p=100808"},"modified":"2026-03-02T17:08:42","modified_gmt":"2026-03-02T16:08:42","slug":"tryater-zoekt-vrouwenverhalen-voor-drift-input-voor-spannende-parkeergaragevoorstelling-van-2027","status":"publish","type":"post","link":"https:\/\/cultureelpersbureau.nl\/en\/2026\/03\/tryater-zoekt-vrouwenverhalen-voor-drift-input-voor-spannende-parkeergaragevoorstelling-van-2027\/","title":{"rendered":"Tryater seeks women's stories for Drift: Input for exciting 2027 car park performance"},"content":{"rendered":"<p><strong>Frisian theatre company Tryater is in the midst of its jubilee season in which it is celebrating its 60th year with a variety of performances and expressions, but is also already hard at work on the next season. In 2027, Tryater will bring the exciting car park performance <em>Drift<\/em> on stage, about the tantalising journey of discovery of an elderly woman. For inspiration, theatre producer Eva Meijering is looking for women aged between 50 and 90 to talk to her about their emotional development from childhood onwards.<\/strong><\/p>\n\n\n\n<h2 class=\"wp-block-heading\"><strong>Excitement on The Klanderij<\/strong><\/h2>\n\n\n\n<p>Site performance <em>Drift<\/em> is scheduled for the summer of 2027 and will be performed in an intriguing outdoor location: on the top deck of car park De Klanderij in Leeuwarden. The lead role is for Joke Tjalsma (68), who has appeared on television in, among others <em>Eyeballs<\/em>, <em>Bottom<\/em>, <em>Deer Park<\/em> and <em>Gooic women<\/em> and at Tryater previously in, among others <em>Part-time Paradise<\/em> played. In May-June 2025, she is also the main character in Tryater performance <em>Swimbad<\/em> in Bakkeveen. In <em>Drift<\/em> her character goes in search of excitement, of feelings she has not yet been able to develop.<\/p>\n\n\n<div class=\"wp-block-image\">\n<figure class=\"aligncenter size-large\"><img loading=\"lazy\" decoding=\"async\" width=\"1024\" height=\"576\" data-attachment-id=\"100809\" data-permalink=\"https:\/\/cultureelpersbureau.nl\/en\/2026\/03\/tryater-zoekt-vrouwenverhalen-voor-drift-input-voor-spannende-parkeergaragevoorstelling-van-2027\/tryater-drift-tryntsje-nauta-2026-web-16\/\" data-orig-file=\"https:\/\/cultureelpersbureau.nl\/wp-content\/uploads\/2026\/03\/Tryater-Drift-Tryntsje-Nauta-2026-web-16-scaled.jpg\" data-orig-size=\"2048,1152\" data-comments-opened=\"1\" data-image-meta=\"{&quot;aperture&quot;:&quot;1.4&quot;,&quot;credit&quot;:&quot;tryntsje_nauta&quot;,&quot;camera&quot;:&quot;Canon EOS R5&quot;,&quot;caption&quot;:&quot;&quot;,&quot;created_timestamp&quot;:&quot;1770908027&quot;,&quot;copyright&quot;:&quot;copyright by Tryntsje Nauta. Alle rechten voorbehouden.&quot;,&quot;focal_length&quot;:&quot;50&quot;,&quot;iso&quot;:&quot;100&quot;,&quot;shutter_speed&quot;:&quot;0.016666666666667&quot;,&quot;title&quot;:&quot;&quot;,&quot;orientation&quot;:&quot;0&quot;}\" data-image-title=\"Tryater Drift Tryntsje Nauta 2026 web-16\" data-image-description=\"\" data-image-caption=\"&lt;p&gt;Tryater Drift Tryntsje Nauta 2026 web-16&lt;\/p&gt;\" data-large-file=\"https:\/\/cultureelpersbureau.nl\/wp-content\/uploads\/2026\/03\/Tryater-Drift-Tryntsje-Nauta-2026-web-16-1024x576.jpg\" src=\"https:\/\/cultureelpersbureau.nl\/wp-content\/uploads\/2026\/03\/Tryater-Drift-Tryntsje-Nauta-2026-web-16-1024x576.jpg\" alt=\"\" class=\"wp-image-100809\" srcset=\"https:\/\/cultureelpersbureau.nl\/wp-content\/uploads\/2026\/03\/Tryater-Drift-Tryntsje-Nauta-2026-web-16-1024x576.jpg 1024w, https:\/\/cultureelpersbureau.nl\/wp-content\/uploads\/2026\/03\/Tryater-Drift-Tryntsje-Nauta-2026-web-16-300x169.jpg 300w, https:\/\/cultureelpersbureau.nl\/wp-content\/uploads\/2026\/03\/Tryater-Drift-Tryntsje-Nauta-2026-web-16-768x432.jpg 768w, https:\/\/cultureelpersbureau.nl\/wp-content\/uploads\/2026\/03\/Tryater-Drift-Tryntsje-Nauta-2026-web-16-1536x864.jpg 1536w, https:\/\/cultureelpersbureau.nl\/wp-content\/uploads\/2026\/03\/Tryater-Drift-Tryntsje-Nauta-2026-web-16-scaled.jpg 2048w, https:\/\/cultureelpersbureau.nl\/wp-content\/uploads\/2026\/03\/Tryater-Drift-Tryntsje-Nauta-2026-web-16-18x10.jpg 18w\" sizes=\"auto, (max-width: 1024px) 100vw, 1024px\" \/><figcaption class=\"wp-element-caption\">Tryater Drift. Photo: Tryntsje Nauta 2026 <\/figcaption><\/figure>\n<\/div>\n\n\n<h2 class=\"wp-block-heading\"><strong>Confidential with Frisian women<\/strong><\/h2>\n\n\n\n<p>To paint a full picture in the script and the making process and do justice to the character, theatre producer Eva Meijering likes to get input from women who also went through an emotional quest. Meijering, herself an actress with Tryater (including in <em>S\u00e2lt<\/em>, the Oerol hit of 2023), prefers to engage in personal discussions, confidentially of course. This can be done at home or at a chosen location. Women in Frysl\u00e2n aged between 50 and 90 are urged to apply for this by 21 March at Eva via <strong><a href=\"mailto:publisiteit@tryater.nl\">publisiteit@tryater.nl<\/a><\/strong>. These interesting, low-key conversations will be held between April and June and will provide content for the script, which will be worked on from next summer by award-winning writer Frank Siera.<\/p>\n\n\n\n<p>Meijering: \u2018I meitsje graach persoanlike foarstellingen, dy'tichteby my own ferhaal and ynteresses steane. A subject like this - the life process that a woman goes through in several stages - intrigues me. What is \u201cdrift\u201d foar dy? Hat dat mei lilkens te krijen, of is der ek sensu\u00eble drift? Bist wolris op drift slein? Hawwe dizze froulju altyd kontr\u00f4le oer harren gefoelens, en w\u00ear sit dat gefoel dan? Is that different ast 15, 35 or 55 bist? I would love to talk about this, just as froulju \u00fbnder elkoar and fansels fertroulik; at the dinner table or in another place. It should be a good and bys\u00fbnder ferhaal wurde and the Frysl\u00e2n froulju can contribute to that.\u2018<\/p>\n\n\n\n<h2 class=\"wp-block-heading\"><strong>Programme 2026<\/strong><\/h2>\n\n\n\n<p>Meanwhile, Tryater is working through the now ongoing school performances <em>Pl\u00fbns<\/em> and <em>Anwar and the wolf<\/em>, and the March programmed <em>Ienakterfestival<\/em> towards <em>Swimbad<\/em>. This large location performance in and around Bakkeveen's outdoor swimming pool, also starring Tjalsma, concludes Tryater's anniversary season (60 years). Ticket sales for the performance, which also stars Anna Raadsveld and Marjolein Ley, are already going surprisingly well early in the year. The jubilee book <em>Tryater spilet<\/em> (publisher Af\u00fbk) is still widely available in bookstores and at Tryater's performances. The next theatre season starts with the travel performance <em>Fierder nei it noarden<\/em> (September 2026). Tickets for this will be available soon.<\/p>","protected":false},"excerpt":{"rendered":"<p>Theatre-maker Eva Meijering is looking for women aged between 50 and 90 to talk to her about their emotional development from childhood for inspiration.<\/p>","protected":false},"author":13,"featured_media":0,"comment_status":"open","ping_status":"closed","sticky":false,"template":"","format":"standard","meta":{"_eb_attr":"","_themeisle_gutenberg_block_has_review":false,"_jetpack_memberships_contains_paid_content":false,"activitypub_content_warning":"","activitypub_content_visibility":"","activitypub_max_image_attachments":3,"activitypub_interaction_policy_quote":"anyone","activitypub_status":"federated","footnotes":"","jetpack_publicize_message":"","jetpack_publicize_feature_enabled":true,"jetpack_social_post_already_shared":false,"jetpack_social_options":{"image_generator_settings":{"template":"highway","default_image_id":0,"font":"","enabled":false},"version":2}},"categories":[11917,8843,4759],"tags":[10439,15436],"class_list":["post-100808","post","type-post","status-publish","format-standard","hentry","category-persberichten","category-podiumkunst","category-theater-podiumkunst-2","tag-leeuwarden","tag-tryater"],"views":1817,"jetpack_publicize_connections":[],"jetpack_featured_media_url":"","jetpack-related-posts":[{"id":91172,"url":"https:\/\/cultureelpersbureau.nl\/en\/2023\/06\/tryater-wisselt-internationaal-uit-over-kleine-theatertalen\/","url_meta":{"origin":100808,"position":0},"title":"Tryater exchanges internationally on small theatre languages","author":"een van onze leden","date":"29 June 2023","format":false,"excerpt":"Op donderdag 29 juni reist een delegatie van Tryater vanuit Leeuwarden af naar het Duitse Bautzen, waar in het kader van het Europese\u00a0minderheidstalenverband\u00a0ph\u014dn\u0113\u00a0een stevige driedaagse\u00a0conferentie tussen internationale theatergezelschappen plaatsvindt. \u00a0Tijdens de driedaagse spreken politici, taalkundigen, minderheidstaaldeskundigen en theatermakers elkaar over de taalsituatie, -doelen en -uitdagingen in de uiteenlopende minderheidstaalgebieden. Deze\u2026","rel":"","context":"In &quot;ACTUEEL&quot;","block_context":{"text":"ACTUEEL","link":"https:\/\/cultureelpersbureau.nl\/en\/genre\/nieuws\/"},"img":{"alt_text":"","src":"","width":0,"height":0},"classes":[]},{"id":101035,"url":"https:\/\/cultureelpersbureau.nl\/en\/2026\/03\/tryater-sluit-festivalweekend-voldaan-af\/","url_meta":{"origin":100808,"position":1},"title":"Tryater closes festival weekend satisfied","author":"Tryater","date":"23 March 2026","format":false,"excerpt":"Het jubilerende theatergezelschap kijkt tevreden terug op het Ienakterfestival dat op 21 en 22 maart in eigen gebouw plaatsvond. Ondanks het stralende weekendweer waren de uitvoeringen door amateurspelers bijna allemaal uitverkocht, met een uitgelaten festivalsfeer in het gebouw tot gevolg. Het Ienakterfestival was een cadeau van Tryater aan het Friese\u2026","rel":"","context":"In &quot;PERSBERICHTEN&quot;","block_context":{"text":"PERSBERICHTEN","link":"https:\/\/cultureelpersbureau.nl\/en\/genre\/service\/persberichten\/"},"img":{"alt_text":"","src":"https:\/\/i0.wp.com\/cultureelpersbureau.nl\/wp-content\/uploads\/2026\/03\/LucasKemper_Tryater_IenakterFestival_LR-129.jpg?resize=350%2C200&ssl=1","width":350,"height":200,"srcset":"https:\/\/i0.wp.com\/cultureelpersbureau.nl\/wp-content\/uploads\/2026\/03\/LucasKemper_Tryater_IenakterFestival_LR-129.jpg?resize=350%2C200&ssl=1 1x, https:\/\/i0.wp.com\/cultureelpersbureau.nl\/wp-content\/uploads\/2026\/03\/LucasKemper_Tryater_IenakterFestival_LR-129.jpg?resize=525%2C300&ssl=1 1.5x, https:\/\/i0.wp.com\/cultureelpersbureau.nl\/wp-content\/uploads\/2026\/03\/LucasKemper_Tryater_IenakterFestival_LR-129.jpg?resize=700%2C400&ssl=1 2x, https:\/\/i0.wp.com\/cultureelpersbureau.nl\/wp-content\/uploads\/2026\/03\/LucasKemper_Tryater_IenakterFestival_LR-129.jpg?resize=1050%2C600&ssl=1 3x, https:\/\/i0.wp.com\/cultureelpersbureau.nl\/wp-content\/uploads\/2026\/03\/LucasKemper_Tryater_IenakterFestival_LR-129.jpg?resize=1400%2C800&ssl=1 4x"},"classes":[]},{"id":101172,"url":"https:\/\/cultureelpersbureau.nl\/en\/2026\/04\/tryater-begint-aan-ombouwen-zwembad-voor-swimbad\/","url_meta":{"origin":100808,"position":2},"title":"Tryater starts converting pool for Swimbad","author":"een van onze leden","date":"10 April 2026","format":false,"excerpt":"Bij openluchtzwembad D\u00fandelle in Bakkeveen is Tryater uit Leeuwarden begonnen aan de opbouw voor Swimbad. De bijzondere locatievoorstelling gaat op deze plek op 22 mei in premi\u00e8re en loopt tot halverwege juni. De technische crew bouwt sinds een aantal dagen het zwembad alvast om tot openluchttheater: de tribune staat inmiddels.\u2026","rel":"","context":"In &quot;PERSBERICHTEN&quot;","block_context":{"text":"PERSBERICHTEN","link":"https:\/\/cultureelpersbureau.nl\/en\/genre\/service\/persberichten\/"},"img":{"alt_text":"","src":"https:\/\/i0.wp.com\/cultureelpersbureau.nl\/wp-content\/uploads\/2026\/04\/LucasKemper_Tryater_Swimbad_Opbouw_LR-111.jpg?resize=350%2C200&ssl=1","width":350,"height":200,"srcset":"https:\/\/i0.wp.com\/cultureelpersbureau.nl\/wp-content\/uploads\/2026\/04\/LucasKemper_Tryater_Swimbad_Opbouw_LR-111.jpg?resize=350%2C200&ssl=1 1x, https:\/\/i0.wp.com\/cultureelpersbureau.nl\/wp-content\/uploads\/2026\/04\/LucasKemper_Tryater_Swimbad_Opbouw_LR-111.jpg?resize=525%2C300&ssl=1 1.5x, https:\/\/i0.wp.com\/cultureelpersbureau.nl\/wp-content\/uploads\/2026\/04\/LucasKemper_Tryater_Swimbad_Opbouw_LR-111.jpg?resize=700%2C400&ssl=1 2x, https:\/\/i0.wp.com\/cultureelpersbureau.nl\/wp-content\/uploads\/2026\/04\/LucasKemper_Tryater_Swimbad_Opbouw_LR-111.jpg?resize=1050%2C600&ssl=1 3x, https:\/\/i0.wp.com\/cultureelpersbureau.nl\/wp-content\/uploads\/2026\/04\/LucasKemper_Tryater_Swimbad_Opbouw_LR-111.jpg?resize=1400%2C800&ssl=1 4x"},"classes":[]},{"id":90377,"url":"https:\/\/cultureelpersbureau.nl\/en\/2023\/04\/koningshuis-beleeft-preview-tryater-voorstelling-salt\/","url_meta":{"origin":100808,"position":3},"title":"Royal family experiences preview Tryater performance S\u00e2lt","author":"een van onze leden","date":"8 April 2023","format":false,"excerpt":"Op woensdag 9 mei krijgt het Koninklijk Paar op Terschelling een exclusief voorproefje van de voorstelling S\u00e2lt, die Tryater in de zomer op Oerol brengt. Het Paar doet Terschelling aan in een tournee langs de Waddeneilanden. Koning Willem-Alexander en Koningin M\u00e1xima worden in een uitgebreid programma ge\u00efnformeerd over de belangrijkste\u2026","rel":"","context":"In &quot;ACTUEEL&quot;","block_context":{"text":"ACTUEEL","link":"https:\/\/cultureelpersbureau.nl\/en\/genre\/nieuws\/"},"img":{"alt_text":"Tryater op Oerol 2014, foto Saris den Engelsman","src":"https:\/\/i0.wp.com\/cultureelpersbureau.nl\/wp-content\/uploads\/2023\/04\/Tryater-op-Oerol-2014-foto-Saris_denEngelsman-scaled.jpg?resize=350%2C200&ssl=1","width":350,"height":200,"srcset":"https:\/\/i0.wp.com\/cultureelpersbureau.nl\/wp-content\/uploads\/2023\/04\/Tryater-op-Oerol-2014-foto-Saris_denEngelsman-scaled.jpg?resize=350%2C200&ssl=1 1x, https:\/\/i0.wp.com\/cultureelpersbureau.nl\/wp-content\/uploads\/2023\/04\/Tryater-op-Oerol-2014-foto-Saris_denEngelsman-scaled.jpg?resize=525%2C300&ssl=1 1.5x, https:\/\/i0.wp.com\/cultureelpersbureau.nl\/wp-content\/uploads\/2023\/04\/Tryater-op-Oerol-2014-foto-Saris_denEngelsman-scaled.jpg?resize=700%2C400&ssl=1 2x, https:\/\/i0.wp.com\/cultureelpersbureau.nl\/wp-content\/uploads\/2023\/04\/Tryater-op-Oerol-2014-foto-Saris_denEngelsman-scaled.jpg?resize=1050%2C600&ssl=1 3x, https:\/\/i0.wp.com\/cultureelpersbureau.nl\/wp-content\/uploads\/2023\/04\/Tryater-op-Oerol-2014-foto-Saris_denEngelsman-scaled.jpg?resize=1400%2C800&ssl=1 4x"},"classes":[]},{"id":91349,"url":"https:\/\/cultureelpersbureau.nl\/en\/2023\/07\/tryaters-snackgelok-trekt-door-het-land-een-vette-installatie-van-levensgrote-snackbakjes\/","url_meta":{"origin":100808,"position":4},"title":"Tryater's Snack Gelok tours the country - A fat installation of life-size snack trays","author":"een van onze leden","date":"12 July 2023","format":false,"excerpt":"Snackgelok, een audio-installatie in levensgrote patatbakjes ontwikkeld door Fries\u00a0 theatergezelschap Tryater, slaat aan in het land. Na het succes van 2022 op noordelijke festivals als Oerol en Welcome to the Village, neemt het dit jaar vooral gretig aftrek op evenementen buiten de Friese grenzen. \u00a0 \u00a0 Deventer, Zwolle, Dordrecht en\u2026","rel":"","context":"In &quot;PERSBERICHTEN&quot;","block_context":{"text":"PERSBERICHTEN","link":"https:\/\/cultureelpersbureau.nl\/en\/genre\/service\/persberichten\/"},"img":{"alt_text":"Foto door Marleen Annema","src":"https:\/\/i0.wp.com\/cultureelpersbureau.nl\/wp-content\/uploads\/2023\/07\/Snackgelok-Om-Oost-%C2%A9-Marleen-Annema-7849-scaled.jpg?resize=350%2C200&ssl=1","width":350,"height":200,"srcset":"https:\/\/i0.wp.com\/cultureelpersbureau.nl\/wp-content\/uploads\/2023\/07\/Snackgelok-Om-Oost-%C2%A9-Marleen-Annema-7849-scaled.jpg?resize=350%2C200&ssl=1 1x, https:\/\/i0.wp.com\/cultureelpersbureau.nl\/wp-content\/uploads\/2023\/07\/Snackgelok-Om-Oost-%C2%A9-Marleen-Annema-7849-scaled.jpg?resize=525%2C300&ssl=1 1.5x, https:\/\/i0.wp.com\/cultureelpersbureau.nl\/wp-content\/uploads\/2023\/07\/Snackgelok-Om-Oost-%C2%A9-Marleen-Annema-7849-scaled.jpg?resize=700%2C400&ssl=1 2x, https:\/\/i0.wp.com\/cultureelpersbureau.nl\/wp-content\/uploads\/2023\/07\/Snackgelok-Om-Oost-%C2%A9-Marleen-Annema-7849-scaled.jpg?resize=1050%2C600&ssl=1 3x, https:\/\/i0.wp.com\/cultureelpersbureau.nl\/wp-content\/uploads\/2023\/07\/Snackgelok-Om-Oost-%C2%A9-Marleen-Annema-7849-scaled.jpg?resize=1400%2C800&ssl=1 4x"},"classes":[]},{"id":91147,"url":"https:\/\/cultureelpersbureau.nl\/en\/2023\/06\/tryater-herneemt-oerol-hit-salt-op-vasteland\/","url_meta":{"origin":100808,"position":5},"title":"Tryater repeats Oerol hit S\u00e2lt on mainland","author":"een van onze leden","date":"27 June 2023","format":false,"excerpt":"De Tryater-voorstelling S\u00e2lt, voor Oerol gemaakt en daar tot en met 18 juni opgevoerd, is een hit op het Terschellingse festival. Na een snelle uitverkoop, uitstekende recensies en een consequent ontroerd publiek besluit het Friese theatergezelschap de voorstelling een vervolg te geven op de wal, n\u00e1 de Fanfare-theaterreeks van het\u2026","rel":"","context":"In &quot;PERSBERICHTEN&quot;","block_context":{"text":"PERSBERICHTEN","link":"https:\/\/cultureelpersbureau.nl\/en\/genre\/service\/persberichten\/"},"img":{"alt_text":"S\u00e2lt - Bart Grietens","src":"https:\/\/i0.wp.com\/cultureelpersbureau.nl\/wp-content\/uploads\/2023\/06\/Salt-Bart-Grietens-27-scaled.jpg?resize=350%2C200&ssl=1","width":350,"height":200,"srcset":"https:\/\/i0.wp.com\/cultureelpersbureau.nl\/wp-content\/uploads\/2023\/06\/Salt-Bart-Grietens-27-scaled.jpg?resize=350%2C200&ssl=1 1x, https:\/\/i0.wp.com\/cultureelpersbureau.nl\/wp-content\/uploads\/2023\/06\/Salt-Bart-Grietens-27-scaled.jpg?resize=525%2C300&ssl=1 1.5x, https:\/\/i0.wp.com\/cultureelpersbureau.nl\/wp-content\/uploads\/2023\/06\/Salt-Bart-Grietens-27-scaled.jpg?resize=700%2C400&ssl=1 2x, https:\/\/i0.wp.com\/cultureelpersbureau.nl\/wp-content\/uploads\/2023\/06\/Salt-Bart-Grietens-27-scaled.jpg?resize=1050%2C600&ssl=1 3x, https:\/\/i0.wp.com\/cultureelpersbureau.nl\/wp-content\/uploads\/2023\/06\/Salt-Bart-Grietens-27-scaled.jpg?resize=1400%2C800&ssl=1 4x"},"classes":[]}],"jetpack_shortlink":"https:\/\/wp.me\/p3yKke-qdW","jetpack_sharing_enabled":true,"_links":{"self":[{"href":"https:\/\/cultureelpersbureau.nl\/en\/wp-json\/wp\/v2\/posts\/100808","targetHints":{"allow":["GET"]}}],"collection":[{"href":"https:\/\/cultureelpersbureau.nl\/en\/wp-json\/wp\/v2\/posts"}],"about":[{"href":"https:\/\/cultureelpersbureau.nl\/en\/wp-json\/wp\/v2\/types\/post"}],"author":[{"embeddable":true,"href":"https:\/\/cultureelpersbureau.nl\/en\/wp-json\/wp\/v2\/users\/13"}],"replies":[{"embeddable":true,"href":"https:\/\/cultureelpersbureau.nl\/en\/wp-json\/wp\/v2\/comments?post=100808"}],"version-history":[{"count":1,"href":"https:\/\/cultureelpersbureau.nl\/en\/wp-json\/wp\/v2\/posts\/100808\/revisions"}],"predecessor-version":[{"id":100810,"href":"https:\/\/cultureelpersbureau.nl\/en\/wp-json\/wp\/v2\/posts\/100808\/revisions\/100810"}],"wp:attachment":[{"href":"https:\/\/cultureelpersbureau.nl\/en\/wp-json\/wp\/v2\/media?parent=100808"}],"wp:term":[{"taxonomy":"category","embeddable":true,"href":"https:\/\/cultureelpersbureau.nl\/en\/wp-json\/wp\/v2\/categories?post=100808"},{"taxonomy":"post_tag","embeddable":true,"href":"https:\/\/cultureelpersbureau.nl\/en\/wp-json\/wp\/v2\/tags?post=100808"}],"curies":[{"name":"wp","href":"https:\/\/api.w.org\/{rel}","templated":true}]}}