{"id":99442,"date":"2025-11-03T15:17:48","date_gmt":"2025-11-03T14:17:48","guid":{"rendered":"https:\/\/cultureelpersbureau.nl\/?p=99442"},"modified":"2025-11-03T15:17:50","modified_gmt":"2025-11-03T14:17:50","slug":"minister-gouke-moes-bezoekt-bonaire","status":"publish","type":"post","link":"https:\/\/cultureelpersbureau.nl\/en\/2025\/11\/minister-gouke-moes-bezoekt-bonaire\/","title":{"rendered":"Minister Gouke Moes visits Bonaire"},"content":{"rendered":"<p><strong>Minister Gouke Moes (Education, Culture and Science) will visit Bonaire from 4 to 6 November 2025. This visit is under the auspices of the Ministerial Four-Country Consultation OCW (M4LO) and provides an opportunity to get acquainted with the Caribbean part of the Kingdom.<\/strong><br \/><br \/>On Tuesday evening, 4 November, Minister Moes will be received by Bonaire's Island Governor John Soliano and Acting Kingdom Representative Jan Helmond. The next day will be devoted to getting acquainted with the Executive Council of Public Entity Bonaire and visits to Kolegio Kristu Bon Wardador primary school and Scholengemeenschap Bonaire, where the minister will talk to teachers, school leaders and students. He will also be given a tour of cultural park Mangazina di Rei.<br \/><br \/>On the third day of the visit, the Ministerieel Vierlandenoverleg OCW (M4LO) will take place. Every year, the ministers of education, culture and science of Aruba, Cura\u00e7ao, Sint Maarten and the Netherlands meet during the M4LO. The Netherlands also represents Bonaire, Sint Eustatius and Saba during these consultations.<br \/><br \/>Participants in the four-country consultations are Minister Gerlien Croes (Kingdom Relations, Education, Youth, Innovation and Sport) of Aruba, Minister Sithree van Heydoorn (Education, Science, Culture and Sport) of Cura\u00e7ao and Minister Melissa Gumbs (Education, Culture, Youth and Sport) of Sint Maarten.<br \/><br \/>Topics of the M4LO include the Strategic Education Alliance programme (SEA). This is an important Kingdom-wide programme of the education ministries of Aruba, Cura\u00e7ao, Sint Maarten and the Netherlands to increase the study success of Caribbean students. It also talks about the \u201cKibrahacha\u201d partnership. This programme focuses on the joint training of teachers for primary education in Aruba, Bonaire and Cura\u00e7ao. Another topic is the joint nomination procedure for the UNESCO list of Intangible Heritage on behalf of the entire Kingdom.<br \/><br \/>Finally, the minister will visit Bonaire's new library: Biblioteka P\u00fabliko Boneiru.<\/p>","protected":false},"excerpt":{"rendered":"<p>Minister Gouke Moes (Onderwijs, Cultuur en Wetenschap) bezoekt Bonaire van 4 tot en met 6 november 2025. Dit bezoek staat in het teken van het Ministerieel Vierlandenoverleg OCW (M4LO) en biedt ruimte voor kennismaking met het Caribisch deel van het Koninkrijk. Op dinsdagavond 4 november wordt minister Moes ontvangen door gezaghebber van Bonaire, John Soliano, [&hellip;]<\/p>\n","protected":false},"author":13,"featured_media":65060,"comment_status":"open","ping_status":"closed","sticky":false,"template":"","format":"standard","meta":{"_eb_attr":"","_themeisle_gutenberg_block_has_review":false,"_jetpack_memberships_contains_paid_content":false,"activitypub_content_warning":"","activitypub_content_visibility":"","activitypub_max_image_attachments":3,"activitypub_interaction_policy_quote":"anyone","activitypub_status":"federated","footnotes":"","jetpack_publicize_message":"","jetpack_publicize_feature_enabled":true,"jetpack_social_post_already_shared":false,"jetpack_social_options":{"image_generator_settings":{"template":"highway","default_image_id":0,"font":"","enabled":false},"version":2}},"categories":[15614,11917],"tags":[9041],"class_list":["post-99442","post","type-post","status-publish","format-standard","has-post-thumbnail","hentry","category-beleid","category-persberichten","tag-ministerie-van-ocw"],"views":343,"jetpack_publicize_connections":[],"jetpack_featured_media_url":"https:\/\/cultureelpersbureau.nl\/wp-content\/uploads\/2020\/05\/Logo_ministerie_OCW.svg_.png","jetpack-related-posts":[{"id":100371,"url":"https:\/\/cultureelpersbureau.nl\/en\/2026\/01\/wetgevingsoverleg-cultuur-was-bruikbaar-podium-voor-trumpistische-kamerfracties\/","url_meta":{"origin":99442,"position":0},"title":"Culture legislative consultation was useful stage for Trumpist House factions","author":"Wijbrand Schaap","date":"19 January 2026","format":false,"excerpt":"\u2018I was brought up with the 1951 translation of the Bible, but also glad that since then translations have appeared in which new words have been found.\u2019 Thus Gouke Moes, double-deputy minister of OCW. With this interesting formulation, he responded during the Culture legislative consultation to the question of PVV MP Bosma, who wanted to know what Moes...","rel":"","context":"In &quot;beleid&quot;","block_context":{"text":"beleid","link":"https:\/\/cultureelpersbureau.nl\/en\/genre\/beleid\/"},"img":{"alt_text":"","src":"https:\/\/i0.wp.com\/cultureelpersbureau.nl\/wp-content\/uploads\/2026\/01\/Schermafdruk-van-2026-01-19-11-02-33.png?resize=350%2C200&ssl=1","width":350,"height":200,"srcset":"https:\/\/i0.wp.com\/cultureelpersbureau.nl\/wp-content\/uploads\/2026\/01\/Schermafdruk-van-2026-01-19-11-02-33.png?resize=350%2C200&ssl=1 1x, https:\/\/i0.wp.com\/cultureelpersbureau.nl\/wp-content\/uploads\/2026\/01\/Schermafdruk-van-2026-01-19-11-02-33.png?resize=525%2C300&ssl=1 1.5x"},"classes":[]},{"id":98746,"url":"https:\/\/cultureelpersbureau.nl\/en\/2025\/09\/nederland-geeft-dubois-collectie-terug-aan-indonesie\/","url_meta":{"origin":99442,"position":1},"title":"Netherlands returns Dubois collection to Indonesia","author":"een van onze leden","date":"26 September 2025","format":false,"excerpt":"The Netherlands is transferring over 28,000 fossils from the Dubois collection at the request of Indonesia.  Today, Minister Moes (Education, Culture and Science) handed over a letter to Indonesian Minister Fadli Zon (Culture) announcing this decision. The collection is now managed by Naturalis Biodiversity Center in Leiden. Minister Gouke Moes...","rel":"","context":"In &quot;beleid&quot;","block_context":{"text":"beleid","link":"https:\/\/cultureelpersbureau.nl\/en\/genre\/beleid\/"},"img":{"alt_text":"Logo van het ministerie van OCW","src":"https:\/\/i0.wp.com\/cultureelpersbureau.nl\/wp-content\/uploads\/2020\/05\/Logo_ministerie_OCW.svg_.png?resize=350%2C200&ssl=1","width":350,"height":200,"srcset":"https:\/\/i0.wp.com\/cultureelpersbureau.nl\/wp-content\/uploads\/2020\/05\/Logo_ministerie_OCW.svg_.png?resize=350%2C200&ssl=1 1x, https:\/\/i0.wp.com\/cultureelpersbureau.nl\/wp-content\/uploads\/2020\/05\/Logo_ministerie_OCW.svg_.png?resize=525%2C300&ssl=1 1.5x, https:\/\/i0.wp.com\/cultureelpersbureau.nl\/wp-content\/uploads\/2020\/05\/Logo_ministerie_OCW.svg_.png?resize=700%2C400&ssl=1 2x, https:\/\/i0.wp.com\/cultureelpersbureau.nl\/wp-content\/uploads\/2020\/05\/Logo_ministerie_OCW.svg_.png?resize=1050%2C600&ssl=1 3x"},"classes":[]},{"id":98631,"url":"https:\/\/cultureelpersbureau.nl\/en\/2025\/09\/raad-voor-cultuur-openbaart-vertrouwelijk-advies-panorama-mesdag\/","url_meta":{"origin":99442,"position":2},"title":"Culture Council reveals confidential advice Panorama Mesdag","author":"een van onze leden","date":"22 September 2025","format":false,"excerpt":"News release | 22-09-2025 | 11:55 On Friday 19 September, Museum Panorama Mesdag transferred its collection and building to the State of the Netherlands. The museum has now been given a statutory duty to manage the collection and building and keep them accessible to the public. To carry out this task, from 2026 the","rel":"","context":"In &quot;ACTUEEL&quot;","block_context":{"text":"ACTUEEL","link":"https:\/\/cultureelpersbureau.nl\/en\/genre\/nieuws\/"},"img":{"alt_text":"","src":"","width":0,"height":0},"classes":[]},{"id":101437,"url":"https:\/\/cultureelpersbureau.nl\/en\/2026\/04\/koninklijk-paar-opent-nederlands-paviljoen-biennale-venetie\/","url_meta":{"origin":99442,"position":3},"title":"Koninklijk Paar opent Nederlands Paviljoen Bi\u00ebnnale Veneti\u00eb","author":"Ministerie van OCW","date":"21 April 2026","format":false,"excerpt":"Zijne Majesteit de Koning en Hare Majesteit Koningin M\u00e1xima openen woensdag 6 mei 2026 het Nederlands paviljoen van de Bi\u00ebnnale van Veneti\u00eb. Minister Letschert van Onderwijs, Cultuur en Wetenschap is ook bij de opening aanwezig en houdt een toespraak. De Nederlandse inzending bij de 61e editie van de bi\u00ebnnale heeft\u2026","rel":"","context":"In &quot;BEELDEND&quot;","block_context":{"text":"BEELDEND","link":"https:\/\/cultureelpersbureau.nl\/en\/genre\/beeldende-kunst-2\/"},"img":{"alt_text":"","src":"","width":0,"height":0},"classes":[]},{"id":101119,"url":"https:\/\/cultureelpersbureau.nl\/en\/2026\/04\/koninklijk-paar-brengt-werkbezoek-aan-pennsylvania-washington-d-c-en-florida-programma\/","url_meta":{"origin":99442,"position":4},"title":"Royal Couple pays working visit to Pennsylvania, Washington D.C. and Florida - programme","author":"een van onze leden","date":"3 April 2026","format":false,"excerpt":"Zijne Majesteit de Koning en Hare Majesteit Koningin M\u00e1xima brengen een werkbezoek aan de Verenigde Staten (VS). Zij bezoeken van maandag 13 april tot en met woensdag 15 april 2026 Philadelphia in de staat Pennsylvania, Washington D.C. en Miami in de staat Florida.\u00a0De betrekkingen en de onderlinge Transatlantische band tussen\u2026","rel":"","context":"In &quot;beleid&quot;","block_context":{"text":"beleid","link":"https:\/\/cultureelpersbureau.nl\/en\/genre\/beleid\/"},"img":{"alt_text":"","src":"","width":0,"height":0},"classes":[]},{"id":100443,"url":"https:\/\/cultureelpersbureau.nl\/en\/2026\/01\/maken-zonder-druk-raad-voor-cultuur-roept-op-tot-actieve-bescherming-van-artistieke-vrijheid\/","url_meta":{"origin":99442,"position":5},"title":"Making (s)under pressure: Culture Council calls for active protection of artistic freedom","author":"een van onze leden","date":"20 January 2026","format":false,"excerpt":"Artistic freedom is one of the pillars of our democratic rule of law. It has an essential function in an open society. Therefore, this freedom must be actively nurtured and protected. In its advice Maken (z)onder druk (Making (under) pressure), the Council for Culture states that here lies a task for politics, the sector and education. In this way,","rel":"","context":"In &quot;beleid&quot;","block_context":{"text":"beleid","link":"https:\/\/cultureelpersbureau.nl\/en\/genre\/beleid\/"},"img":{"alt_text":"","src":"","width":0,"height":0},"classes":[]}],"jetpack_shortlink":"https:\/\/wp.me\/p3yKke-pRU","jetpack_sharing_enabled":true,"_links":{"self":[{"href":"https:\/\/cultureelpersbureau.nl\/en\/wp-json\/wp\/v2\/posts\/99442","targetHints":{"allow":["GET"]}}],"collection":[{"href":"https:\/\/cultureelpersbureau.nl\/en\/wp-json\/wp\/v2\/posts"}],"about":[{"href":"https:\/\/cultureelpersbureau.nl\/en\/wp-json\/wp\/v2\/types\/post"}],"author":[{"embeddable":true,"href":"https:\/\/cultureelpersbureau.nl\/en\/wp-json\/wp\/v2\/users\/13"}],"replies":[{"embeddable":true,"href":"https:\/\/cultureelpersbureau.nl\/en\/wp-json\/wp\/v2\/comments?post=99442"}],"version-history":[{"count":1,"href":"https:\/\/cultureelpersbureau.nl\/en\/wp-json\/wp\/v2\/posts\/99442\/revisions"}],"predecessor-version":[{"id":99443,"href":"https:\/\/cultureelpersbureau.nl\/en\/wp-json\/wp\/v2\/posts\/99442\/revisions\/99443"}],"wp:featuredmedia":[{"embeddable":true,"href":"https:\/\/cultureelpersbureau.nl\/en\/wp-json\/wp\/v2\/media\/65060"}],"wp:attachment":[{"href":"https:\/\/cultureelpersbureau.nl\/en\/wp-json\/wp\/v2\/media?parent=99442"}],"wp:term":[{"taxonomy":"category","embeddable":true,"href":"https:\/\/cultureelpersbureau.nl\/en\/wp-json\/wp\/v2\/categories?post=99442"},{"taxonomy":"post_tag","embeddable":true,"href":"https:\/\/cultureelpersbureau.nl\/en\/wp-json\/wp\/v2\/tags?post=99442"}],"curies":[{"name":"wp","href":"https:\/\/api.w.org\/{rel}","templated":true}]}}