{"id":99689,"date":"2025-11-18T13:00:00","date_gmt":"2025-11-18T12:00:00","guid":{"rendered":"https:\/\/cultureelpersbureau.nl\/?p=99689"},"modified":"2025-11-18T11:38:16","modified_gmt":"2025-11-18T10:38:16","slug":"twee-unieke-samenwerkingen-drie-coproducties-en-een-compositieopdracht-de-eerste-vier-voorstellingen-van-holland-festival-2026-zijn-bekend","status":"publish","type":"post","link":"https:\/\/cultureelpersbureau.nl\/en\/2025\/11\/twee-unieke-samenwerkingen-drie-coproducties-en-een-compositieopdracht-de-eerste-vier-voorstellingen-van-holland-festival-2026-zijn-bekend\/","title":{"rendered":"Two unique collaborations, three co-productions and a composition commission: the first four performances of Holland Festival 2026 have been announced.\u00a0"},"content":{"rendered":"<p>Ticket sales for the first four performances of the 79th Holland Festival will start on 25 November.<em> A Trial - after An Enemy of the People<\/em> by Brazilian director Christiane Jatahy and actor Wagner Moura is a contemporary adaptation of Henrik Ibsen's <em>An enemy of the people<\/em>. This performance is a special collaboration between the Holland Festival, Festival d'Avignon and Edinburgh International Festival, the three European festivals founded in 1947. <\/p>\n\n\n\n<p>Dutch artist Germaine Kruip explores with <em>A Possibility<\/em> the boundaries between perception, sound and performance and will thus be shown in Amsterdam as well as in Heerlen. Associate artist Hildur Gu\u00f0nadottir shows in<em> N\u00e6rmynd: Iceland Symphony Orchestra x Hildur Gu\u00f0nad\u00f3ttir<\/em> hear her own work, alongside that of composers who inspire her. And Lebanese theatre-maker and choreographer Ali Chahrour returns with a show full of resilience, music, poetry and raw emotion in <em>When I Saw the Sea<\/em>.\u00a0<\/p>\n\n\n\n<h2 class=\"wp-block-heading\"><strong>Three iconic festivals join forces: <em>A Trial - after An Enemy of the People<\/em>by Christiane Jatahy and Wagner Moura<\/strong><\/h2>\n\n\n\n<p>In 1947, in the aftermath of World War II, Holland Festival, Festival d'Avignon and Edinburgh International Festival were founded on the same conviction: art as an engine for reconciliation and cultural reconstruction. Almost eight decades later, it marks<em> A Trial - after An Enemy of the People <\/em>the special bond of these three festivals and the beginning of a multi-year collaboration to mark their 80th anniversaries in 2027.\u00a0<\/p>\n\n\n\n<h2 class=\"wp-block-heading\"><strong>About this collaboration<\/strong><\/h2>\n\n\n\n<p>Emily Ansenk, Holland Festival director: \u2018International festivals such as the Holland Festival, the Festival d'Avignon and the Edinburgh International Festival are vibrant breeding grounds for artistic exchange. Artist-driven and looking to the future, together we facilitate new work that challenges conventions and allows room for artistic risk. Based on the belief that art can connect, these post-war performing arts festivals have become platforms for new voices, stimulating ideas and artistic collaborations that know no national boundaries.\u2019\u00a0<\/p>\n\n\n\n<p><em>A Trial<\/em> is also the first collaboration between theatre and film director Christiane Jatahy (associate artist of the Holland Festival in 2024) and award-winning actor Wagner Moura (best known for his Golden Globe-nominated role as Pablo Escobar in the Netflix series <em>Narcos<\/em>). Together, they give a new, radical and contemporary interpretation of Henrik Ibsen's <em>An enemy of the people<\/em>, inviting the audience to pick a side.\u00a0<\/p>\n\n\n\n<p>In Ibsen's landmark 1882 play, protagonist Thomas Stockmann tries to expose a water pollution scandal in his spa town, but ends up in exile as a result. More than a century later, the work remains painfully topical, with its sharp look at the tension between personal integrity and social conformism, and between ecology and profit.\u00a0<\/p>\n\n\n\n<p>In Jatahy's adaptation, Stockmann, interpreted by Wagner Moura, finds himself in a contemporary Brazilian courtroom where his fate is decided. Lawyers and judges are missing: it is up to the audience, to decide whether he is innocent or an \u2018enemy of the people\u2019.\u00a0<\/p>\n\n\n\n<p>Christiane Jatahy says of the collaboration: \u2019For an artist, support from festivals and theatres is essential to conduct research and develop work. Without that support, ideas don't take shape, time slips through our fingers and creations never come to life. The support and collaboration of the Holland Festival, the Festival d'Avignon and the Edinburgh International Festival have been - and continue to be - fundamental to realising my artistic dreams, turning them into theatre and being able to share them with audiences.\u2019\u00a0<\/p>\n\n\n\n<p><img decoding=\"async\" width=\"600\" src=\"https:\/\/hollandfestival.file.force.com\/file-asset-public\/A_Trial_Caio_Lrio_20?oid=00D5J000000nKz6\" alt=\"\"\/><br \/><br \/>\u00a0<br \/><img decoding=\"async\" width=\"600\" src=\"https:\/\/hollandfestival.file.force.com\/file-asset-public\/Holland_Festival_Festival_dAvignon2?oid=00D5J000000nKz6\" alt=\"\"\/><\/p>\n\n\n\n<h2 class=\"wp-block-heading\"><strong>Light, space and sound: Germaine Kruips<em> A Possibility\u00a0<\/em><\/strong><\/h2>\n\n\n\n<p>Another first: for the first time, the Holland Festival is teaming up with PLT Theater Heerlen and will feature <em>A Possibility<\/em> by Germaine Kruip was presented both in Amsterdam and Heerlen. This collaboration came about on the initiative of PLT. It fits well with their ambition to present special and ground-breaking performances and with that of the Holland Festival to present festival performances outside the Randstad. Both partners made the performance possible with a co-production contribution.\u00a0<\/p>\n\n\n\n<p>Originally trained as a scenographer, Dutch artist Germaine Kruip moves between visual art, architecture and performance.<em> A Possibility<\/em> is a new theatre work by Kruip, exploring perception, sound and performance.\u00a0<\/p>\n\n\n\n<p><em>A Possibility<\/em> consists of two parts, the first of which builds on the work <em>A Possibility of an Abstraction<\/em> from 2014. In this revamped first act, the stage becomes a blank canvas for a game of perception: light plays with shadow, reflection and the architecture of the theatre, transforming them into characters in a hypnotic, sense-making performance.\u00a0<\/p>\n\n\n\n<p>The second act introduces the human element: four percussionists enter the stage and play Kruip's tuned sculptures, eliciting unique sounds from the unusual instruments. With <em>A Possibility<\/em> Kruip creates a work that transforms the theatre into a place of wonder and invites the audience to explore a world of infinite possibilities.\u00a0<\/p>\n\n\n\n<p><em>A Possibility<\/em> was commissioned by Factory International, Manchester; Holland Festival and PLT and produced by Factory International, Manchester.<\/p>\n\n\n\n<h2 class=\"wp-block-heading\"><strong>Raw emotions in Ali Chahrours<em>When I Saw the Sea\u00a0<\/em><\/strong><\/h2>\n\n\n\n<p>Lebanese director and choreographer Ali Chahrour impresses with his performances about mourning, rituals and survival. After the heartbreaking <em>Told by My Mothe<\/em>r<em>,<\/em> (Holland Festival 2025), he returns with <em>When I Saw the Sea<\/em>. This time, he turns his gaze to the exploitation of migrant workers under Lebanon's kafala system, which puts migrants' residence status in the hands of their employer, making them very vulnerable.<\/p>\n\n\n\n<p>On stage, three women - Tenei Ahmad, Zena Moussa, Rania Jamal - tell their own stories as well as those of thousands of others. They sing, move and speak in a form that balances between performance and testimony. The music is by singer Lynn Adib and musician Abed Kobeissy, who together create a combination of traditional and electronic music.<\/p>\n\n\n\n<p>The design of <em>When I Saw the Sea <\/em>is austere: an empty stage, subtly shifting lights and music that oscillates between lamentation and the rhythms of the heart. Three women, armed with only their voices and their bodies, demand their right to be seen and heard, and Chahrour transforms their survival into art. <em>When I Saw the Sea<\/em> is a co-production of the Holland Festival.\u00a0<\/p>\n\n\n\n<h2 class=\"wp-block-heading\"><strong>Personal portrait in sound:<em>N\u00e6rmynd: Iceland Symphony Orchestra x Hildur Gu\u00f0nad\u00f3ttir<\/em><\/strong>\u202f<\/h2>\n\n\n\n<p>Associate artist for the upcoming edition, Hildur Gu\u00f0nad\u00f3ttir, is among the leading (film) composers of her generation. Her work is characterised by an enchanting combination of ambient drones - a lingering layer of sound that evokes a certain tension or atmosphere - and contemporary composed music.\u00a0<\/p>\n\n\n\n<p>During <em>N\u00e6rmynd: Iceland Symphony Orchestra x Hildur Gu\u00f0nad\u00f3ttir<\/em>\u00a0not only stars Gu\u00f0nad\u00f3ttir as a composer, she also performs as a cellist with the Iceland Symphony Orchestra. This orchestra, founded in 1950, gained notoriety with performances at the BBC Proms, at Carnegie Hall and at the Musikverein in Vienna, among others, and is playing their compatriot's music for the first time at The Concertgebouw in Amsterdam. The programme of <em>N\u00e6rmynd<\/em>, Icelandic for \u2018close-up\u2019, features music from Gu\u00f0nad\u00f3ttir's award-winning film scores <em>Joker<\/em>, <em>T\u00c1R <\/em>and<em> A Haunting in Venice<\/em>. It will also sound new work that she is co-commissioning (i.c.w. Reykjav\u00edk Arts Festival) especially for this occasion. Music by composers who inspire her will also be heard: Arvo P\u00e4rt, Ryuichi Sakamoto (associate artist in 2021), Mica Levi, Kaija Saariaho and Alvin Lucier.\u00a0<\/p>\n\n\n\n<p><em>N\u00e6rmynd<\/em>will be conducted by Dan\u00edel Bjarnason, one of Iceland's most distinguished conductors and composers, who has previously appeared at the Holland Festival with <em>We Came in Peace for All Mankind<\/em> (2018). Most recently, he was involved as a conductor in <em>Lux<\/em>, the new abum of Spanish superstar Rosal\u00eda. <\/p>\n\n\n\n<div class=\"su-note\"  style=\"border-color:#e5e54c;border-radius:3px;-moz-border-radius:3px;-webkit-border-radius:3px;\"><div class=\"su-note-inner su-u-clearfix su-u-trim\" style=\"background-color:#FFFF66;border-color:#ffffff;color:#333333;border-radius:3px;-moz-border-radius:3px;-webkit-border-radius:3px;\">Sales for the performances below will start on 25 November. The complete Holland Festival programme will be announced on 3 March 2026.The 79th Holland Festival will run from 3 - 28 June 2026.\u00a0<\/p>\n\n\n\n<ul class=\"wp-block-list\">\n<li><em>A Trial - after An Enemy of the People<\/em>\u00a0- ITA, 25-28 June; Festival d'Avignon, July 2026, Edinburgh International Festival, 7-10 Aug\u00a0<\/li>\n\n\n\n<li><em>A Possibility<\/em>\u00a0- International Theatre Amsterdam (ITA), 13-15 June; Theater Heerlen, 25-26 June\u00a0<\/li>\n\n\n\n<li><em>When I Saw the Sea<\/em>\u00a0- Bellevue Theatre, 10-14 June\u00a0<\/li>\n\n\n\n<li><em>N\u00e6rmynd: Iceland Symphony Orchestra x Hildur Gu\u00f0nad\u00f3ttir<\/em>\u00a0- The Concertgebouw, 15 June\u00a0<\/li>\n<\/ul>\n\n\n\n<p>For tickets, times and more info, see <a href=\"https:\/\/hollandfestival.nl\" title=\"\">hollandfestival.co.uk<\/a>\u202f\u202f\u00a0<\/div><\/div>","protected":false},"excerpt":{"rendered":"<p>Op 25 november start de kaartverkoop van de eerste vier voorstellingen van het 79e Holland Festival. A Trial \u2013 after An Enemy of the People van de Braziliaanse regisseur Christiane Jatahy en acteur Wagner Moura is een hedendaagse adaptatie van Henrik Ibsens Een vijand van het volk. Deze voorstelling is een speciale samenwerking tussen het [&hellip;]<\/p>\n","protected":false},"author":13,"featured_media":99691,"comment_status":"open","ping_status":"closed","sticky":false,"template":"","format":"standard","meta":{"_eb_attr":"","_themeisle_gutenberg_block_has_review":false,"_jetpack_memberships_contains_paid_content":false,"activitypub_content_warning":"","activitypub_content_visibility":"","activitypub_max_image_attachments":3,"activitypub_interaction_policy_quote":"anyone","activitypub_status":"federated","footnotes":"","jetpack_publicize_message":"","jetpack_publicize_feature_enabled":true,"jetpack_social_post_already_shared":true,"jetpack_social_options":{"image_generator_settings":{"template":"highway","default_image_id":0,"font":"","enabled":false},"version":2}},"categories":[1,38,11917,8843,3059,4759],"tags":[27,16470,6776,12003],"class_list":["post-99689","post","type-post","status-publish","format-standard","has-post-thumbnail","hentry","category-nieuws","category-holland-festival","category-persberichten","category-podiumkunst","category-specials","category-theater-podiumkunst-2","tag-avignon","tag-edinburgh","tag-holland-festival","tag-manchester"],"views":396,"jetpack_publicize_connections":[],"jetpack_featured_media_url":"https:\/\/cultureelpersbureau.nl\/wp-content\/uploads\/2025\/11\/Hildur_Gunadttir_Camille_Blake_10-scaled.jpg","jetpack-related-posts":[{"id":100832,"url":"https:\/\/cultureelpersbureau.nl\/en\/2026\/03\/echt-luisteren-empathie-en-veranderende-perspectieven-in-het-79e-holland-festival\/","url_meta":{"origin":99689,"position":0},"title":"True listening, empathy and changing perspectives in 79th Holland Festival","author":"een van onze leden","date":"4 March 2026","format":false,"excerpt":"The Holland Festival opens on 3 June with City of Floating Sounds by Huang Ruo, a concert in two parts. The first part is a musical walk to Carr\u00e9, with visitors using an app to sound an orchestral work through the city. In the auditorium, the full composition is then...","rel":"","context":"In &quot;beleid&quot;","block_context":{"text":"beleid","link":"https:\/\/cultureelpersbureau.nl\/en\/genre\/beleid\/"},"img":{"alt_text":"","src":"https:\/\/i0.wp.com\/img.youtube.com\/vi\/Jba1BC32zE4\/0.jpg?resize=350%2C200","width":350,"height":200},"classes":[]},{"id":101164,"url":"https:\/\/cultureelpersbureau.nl\/en\/2026\/04\/zid-theater-presenteert-de-tiende-editie-van-het-explorez-festival-in-amsterdam\/","url_meta":{"origin":99689,"position":1},"title":"ZID Theatre presents the tenth edition of the Explorez Festival in Amsterdam!","author":"Wijbrand Schaap","date":"10 April 2026","format":false,"excerpt":"Van 28 mei t\/m 7 juni 2026 verandert Amsterdam in een bruisend podium vol voorstellingen, workshops, en interactieve activiteiten. Het jaarlijkse ExploreZ Festival staat voor diversiteit, inclusie, internationale samenwerking en verrassende cross-overs tussen disciplines en lokale gemeenschappen. ZID Theater kondigt met trots de tiende editie aan van dit meerdaagse festival\u2026","rel":"","context":"In &quot;ACTUEEL&quot;","block_context":{"text":"ACTUEEL","link":"https:\/\/cultureelpersbureau.nl\/en\/genre\/nieuws\/"},"img":{"alt_text":"","src":"","width":0,"height":0},"classes":[]},{"id":100327,"url":"https:\/\/cultureelpersbureau.nl\/en\/2026\/01\/livemuziek-in-nederland-onder-toenemende-druk-aantal-festivals-en-laagdrempelig-aanbod-neemt-af-aanbod-in-poppodia-groeit-nog-wel\/","url_meta":{"origin":99689,"position":2},"title":"Live music in the Netherlands under increasing pressure: number of festivals and low-threshold offer decreases; offer in pop venues still grows","author":"een van onze leden","date":"15 January 2026","format":false,"excerpt":"The supply of pop concerts and festivals has come under pressure in recent years, according to the Dutch Live Music Monitor launched at music conference Eurosonic Noorderslag on 15 January. The number of festivals with pop performances in 2024 was lower than the 15 previous years. Also, the number of venues where...","rel":"","context":"In &quot;beleid&quot;","block_context":{"text":"beleid","link":"https:\/\/cultureelpersbureau.nl\/en\/genre\/beleid\/"},"img":{"alt_text":"","src":"","width":0,"height":0},"classes":[]},{"id":102036,"url":"https:\/\/cultureelpersbureau.nl\/en\/2026\/04\/programma-festival-tweetakt-2026-bekend\/","url_meta":{"origin":99689,"position":3},"title":"Programma Festival Tweetakt 2026 bekend","author":"Festival Tweetakt","date":"22 April 2026","format":false,"excerpt":"Utrecht, 22 april, 2026 - Van vrijdag 5 juni tot en met zondag 14 juni vindt Festival Tweetakt weer plaats in de Utrechtse binnenstad en op Fort Ruigenhoek. Het internationale festival biedt een breed scala aan theater, dans, beeldende kunst en nog veel meer. Tweetakt richt zich op kinderen, jongvolwassenen\u2026","rel":"","context":"In &quot;PERSBERICHTEN&quot;","block_context":{"text":"PERSBERICHTEN","link":"https:\/\/cultureelpersbureau.nl\/en\/genre\/service\/persberichten\/"},"img":{"alt_text":"","src":"https:\/\/i0.wp.com\/cultureelpersbureau.nl\/wp-content\/uploads\/2026\/04\/e_000000_ab8a0e57-b858-4d98-b055-cc94d94e134e.jpg?resize=350%2C200&ssl=1","width":350,"height":200,"srcset":"https:\/\/i0.wp.com\/cultureelpersbureau.nl\/wp-content\/uploads\/2026\/04\/e_000000_ab8a0e57-b858-4d98-b055-cc94d94e134e.jpg?resize=350%2C200&ssl=1 1x, https:\/\/i0.wp.com\/cultureelpersbureau.nl\/wp-content\/uploads\/2026\/04\/e_000000_ab8a0e57-b858-4d98-b055-cc94d94e134e.jpg?resize=525%2C300&ssl=1 1.5x, https:\/\/i0.wp.com\/cultureelpersbureau.nl\/wp-content\/uploads\/2026\/04\/e_000000_ab8a0e57-b858-4d98-b055-cc94d94e134e.jpg?resize=700%2C400&ssl=1 2x, https:\/\/i0.wp.com\/cultureelpersbureau.nl\/wp-content\/uploads\/2026\/04\/e_000000_ab8a0e57-b858-4d98-b055-cc94d94e134e.jpg?resize=1050%2C600&ssl=1 3x, https:\/\/i0.wp.com\/cultureelpersbureau.nl\/wp-content\/uploads\/2026\/04\/e_000000_ab8a0e57-b858-4d98-b055-cc94d94e134e.jpg?resize=1400%2C800&ssl=1 4x"},"classes":[]},{"id":23009,"url":"https:\/\/cultureelpersbureau.nl\/en\/2015\/06\/deelde-bed-actrice-en-heel-even-was-wereld-stiller\/","url_meta":{"origin":99689,"position":4},"title":"I shared the bed with an actress, and for a moment the world was quieter","author":"Wijbrand Schaap","date":"4 June 2015","format":false,"excerpt":"Een bekentenis. Het kan niet anders. Dus: ja. Ik lag tussen smetteloos witte lakens in een comfortabel bed met actrice Lina Issa en het was mooi. Ze fluisterde me zachte woordjes in het oor, legde een hand op mijn hand en het was heel stil om ons heen. Dankzij dat\u2026","rel":"","context":"In &quot;Holland Festival&quot;","block_context":{"text":"Holland Festival","link":"https:\/\/cultureelpersbureau.nl\/en\/genre\/service\/specials\/holland-festival\/"},"img":{"alt_text":"Todo lo que est\u00e1 a mi lado op de Dam in Amsterdam (foto Wijbrand Schaap)","src":"https:\/\/i0.wp.com\/cultureelpersbureau.nl\/wp-content\/uploads\/2015\/06\/img_20150603_172029.jpg?resize=350%2C200&ssl=1","width":350,"height":200,"srcset":"https:\/\/i0.wp.com\/cultureelpersbureau.nl\/wp-content\/uploads\/2015\/06\/img_20150603_172029.jpg?resize=350%2C200&ssl=1 1x, https:\/\/i0.wp.com\/cultureelpersbureau.nl\/wp-content\/uploads\/2015\/06\/img_20150603_172029.jpg?resize=525%2C300&ssl=1 1.5x, https:\/\/i0.wp.com\/cultureelpersbureau.nl\/wp-content\/uploads\/2015\/06\/img_20150603_172029.jpg?resize=700%2C400&ssl=1 2x"},"classes":[]},{"id":101200,"url":"https:\/\/cultureelpersbureau.nl\/en\/2026\/04\/de-kaartverkoop-voor-delft-fringe-festival-2026-is-vandaag-gestart\/","url_meta":{"origin":99689,"position":5},"title":"De kaartverkoop voor Delft Fringe Festival 2026 is vandaag gestart!","author":"een van onze leden","date":"14 April 2026","format":false,"excerpt":"Delft, 13 april 2026\u00a0-\u00a0Vandaag opent de kaartverkoop voor Delft Fringe Festival 2026, waar 23 gezelschappen uit meer dan 360 aanmeldingen twaalf dagen lang Delft vullen met podiumkunst in alle vormen - van cabaret tot opera, van dans tot fysiek theater. Collectief Teder, prijswinnaars Delft Fringe Festival 2025, door Philine van\u2026","rel":"","context":"In &quot;Delft Fringe Festival&quot;","block_context":{"text":"Delft Fringe Festival","link":"https:\/\/cultureelpersbureau.nl\/en\/genre\/service\/specials\/delft-fringe-festival\/"},"img":{"alt_text":"","src":"https:\/\/i0.wp.com\/cultureelpersbureau.nl\/wp-content\/uploads\/2026\/04\/lB14NAr5ZIs6obTf7zaAzdob9u5gBUCzfpCZl5x5-scaled.webp?resize=350%2C200&ssl=1","width":350,"height":200,"srcset":"https:\/\/i0.wp.com\/cultureelpersbureau.nl\/wp-content\/uploads\/2026\/04\/lB14NAr5ZIs6obTf7zaAzdob9u5gBUCzfpCZl5x5-scaled.webp?resize=350%2C200&ssl=1 1x, https:\/\/i0.wp.com\/cultureelpersbureau.nl\/wp-content\/uploads\/2026\/04\/lB14NAr5ZIs6obTf7zaAzdob9u5gBUCzfpCZl5x5-scaled.webp?resize=525%2C300&ssl=1 1.5x, https:\/\/i0.wp.com\/cultureelpersbureau.nl\/wp-content\/uploads\/2026\/04\/lB14NAr5ZIs6obTf7zaAzdob9u5gBUCzfpCZl5x5-scaled.webp?resize=700%2C400&ssl=1 2x, https:\/\/i0.wp.com\/cultureelpersbureau.nl\/wp-content\/uploads\/2026\/04\/lB14NAr5ZIs6obTf7zaAzdob9u5gBUCzfpCZl5x5-scaled.webp?resize=1050%2C600&ssl=1 3x, https:\/\/i0.wp.com\/cultureelpersbureau.nl\/wp-content\/uploads\/2026\/04\/lB14NAr5ZIs6obTf7zaAzdob9u5gBUCzfpCZl5x5-scaled.webp?resize=1400%2C800&ssl=1 4x"},"classes":[]}],"jetpack_shortlink":"https:\/\/wp.me\/p3yKke-pVT","jetpack_sharing_enabled":true,"_links":{"self":[{"href":"https:\/\/cultureelpersbureau.nl\/en\/wp-json\/wp\/v2\/posts\/99689","targetHints":{"allow":["GET"]}}],"collection":[{"href":"https:\/\/cultureelpersbureau.nl\/en\/wp-json\/wp\/v2\/posts"}],"about":[{"href":"https:\/\/cultureelpersbureau.nl\/en\/wp-json\/wp\/v2\/types\/post"}],"author":[{"embeddable":true,"href":"https:\/\/cultureelpersbureau.nl\/en\/wp-json\/wp\/v2\/users\/13"}],"replies":[{"embeddable":true,"href":"https:\/\/cultureelpersbureau.nl\/en\/wp-json\/wp\/v2\/comments?post=99689"}],"version-history":[{"count":1,"href":"https:\/\/cultureelpersbureau.nl\/en\/wp-json\/wp\/v2\/posts\/99689\/revisions"}],"predecessor-version":[{"id":99692,"href":"https:\/\/cultureelpersbureau.nl\/en\/wp-json\/wp\/v2\/posts\/99689\/revisions\/99692"}],"wp:featuredmedia":[{"embeddable":true,"href":"https:\/\/cultureelpersbureau.nl\/en\/wp-json\/wp\/v2\/media\/99691"}],"wp:attachment":[{"href":"https:\/\/cultureelpersbureau.nl\/en\/wp-json\/wp\/v2\/media?parent=99689"}],"wp:term":[{"taxonomy":"category","embeddable":true,"href":"https:\/\/cultureelpersbureau.nl\/en\/wp-json\/wp\/v2\/categories?post=99689"},{"taxonomy":"post_tag","embeddable":true,"href":"https:\/\/cultureelpersbureau.nl\/en\/wp-json\/wp\/v2\/tags?post=99689"}],"curies":[{"name":"wp","href":"https:\/\/api.w.org\/{rel}","templated":true}]}}