{"id":100924,"date":"2026-03-13T18:08:30","date_gmt":"2026-03-13T17:08:30","guid":{"rendered":"https:\/\/cultureelpersbureau.nl\/?p=100924"},"modified":"2026-03-13T18:08:33","modified_gmt":"2026-03-13T17:08:33","slug":"tryater-verwelkomt-heel-weekend-toneelspelers","status":"publish","type":"post","link":"https:\/\/cultureelpersbureau.nl\/fr\/2026\/03\/tryater-verwelkomt-heel-weekend-toneelspelers\/","title":{"rendered":"Tryater accueille des acteurs de th\u00e9\u00e2tre tout le week-end"},"content":{"rendered":"<p><strong>Les samedi 21 et dimanche 22 mars, le b\u00e2timent du th\u00e9\u00e2tre Tryater \u00e0 Leeuwarden sera investi par des acteurs amateurs de tout le Frysl\u00e2n. <em>Ienakterfestival<\/em> plusieurs groupes d'acteurs joueront des pi\u00e8ces en un acte \u00e9crites sp\u00e9cialement pour l'occasion, avec le soutien professionnel de la compagnie th\u00e9\u00e2trale elle-m\u00eame. Ceci \u00e0 l'occasion de la saison anniversaire de Tryater, qui f\u00eate ses 60 ans d'existence.<\/strong><\/p>\n\n\n\n<p>Tryater est n\u00e9 en 1965 d'un certain nombre d'associations th\u00e9\u00e2trales qui se concentraient sur un r\u00e9pertoire plus innovant et souhaitaient se professionnaliser. La Fryske Toanielstifting, comme elle s'appelait \u00e0 l'origine, s'est lentement d\u00e9velopp\u00e9e pour devenir l'organisation s\u00e9rieuse avec des saisons th\u00e9\u00e2trales bien remplies que Tryater est aujourd'hui.&nbsp;<\/p>\n\n\n\n<p>Pour c\u00e9l\u00e9brer ses origines et renforcer son lien avec le riche champ th\u00e9\u00e2tral de Frysl\u00e2n, Tryater met \u00e0 l'honneur le th\u00e9\u00e2tre de la ville de Frysl\u00e2n. <em>Ienakterfestival<\/em> on. Les clubs frisons et les joueurs individuels ont pu s'inscrire pour participer l'ann\u00e9e derni\u00e8re. Les inscriptions ont pu \u00eatre cl\u00f4tur\u00e9es rapidement car l'enthousiasme \u00e9tait grand.<\/p>\n\n\n\n<h2 class=\"wp-block-heading\"><strong>Cadeau de Tryater<\/strong><\/h2>\n\n\n\n<p>Des groupes de Drachten, Suw\u00e2ld, Dokkum, Easterlittens et Suw\u00e2ld et des joueurs de tout le Frysl\u00e2n joueront leurs courtes pi\u00e8ces dans les salles de Tryater. Les spectateurs peuvent choisir leurs pi\u00e8ces pr\u00e9f\u00e9r\u00e9es via le site web pendant deux jours, d\u00e9terminant ainsi leur propre programme de festival. Tryater guide le processus, fournit le texte et apporte un soutien technique. Les textes produits par des \u00e9crivains professionnels restent \u00e0 la disposition des amateurs apr\u00e8s le festival, \u00e9largissant ainsi le r\u00e9pertoire du th\u00e9\u00e2tre frison. Les groupes participants peuvent \u00e9galement jouer plus tard l'acte unique dans leurs propres lieux de repr\u00e9sentation. Avec le Ienakterfestival, Tryater fait donc un cadeau au th\u00e9\u00e2tre amateur frison dont il est issu depuis 1965.<\/p>\n\n\n\n<figure class=\"wp-block-image size-large\"><img loading=\"lazy\" decoding=\"async\" width=\"1024\" height=\"683\" data-attachment-id=\"100926\" data-permalink=\"https:\/\/cultureelpersbureau.nl\/fr\/2026\/03\/tryater-verwelkomt-heel-weekend-toneelspelers\/lucaskemper_tryater_eenakterfestival_portret_lr-72\/\" data-orig-file=\"https:\/\/cultureelpersbureau.nl\/wp-content\/uploads\/2026\/03\/LucasKemper_Tryater_Eenakterfestival_Portret_LR-72.jpg\" data-orig-size=\"2048,1366\" data-comments-opened=\"1\" data-image-meta=\"{&quot;aperture&quot;:&quot;4.5&quot;,&quot;credit&quot;:&quot;Lucas kemper&quot;,&quot;camera&quot;:&quot;Canon EOS R5m2&quot;,&quot;caption&quot;:&quot;&quot;,&quot;created_timestamp&quot;:&quot;1764438568&quot;,&quot;copyright&quot;:&quot;Lucas Kemper Fotografie&quot;,&quot;focal_length&quot;:&quot;38&quot;,&quot;iso&quot;:&quot;400&quot;,&quot;shutter_speed&quot;:&quot;0.008&quot;,&quot;title&quot;:&quot;&quot;,&quot;orientation&quot;:&quot;0&quot;}\" data-image-title=\"LucasKemper_Tryater_Eenakterfestival_Portret_LR-72\" data-image-description=\"\" data-image-caption=\"\" data-large-file=\"https:\/\/cultureelpersbureau.nl\/wp-content\/uploads\/2026\/03\/LucasKemper_Tryater_Eenakterfestival_Portret_LR-72-1024x683.jpg\" src=\"https:\/\/cultureelpersbureau.nl\/wp-content\/uploads\/2026\/03\/LucasKemper_Tryater_Eenakterfestival_Portret_LR-72-1024x683.jpg\" alt=\"\" class=\"wp-image-100926\" srcset=\"https:\/\/cultureelpersbureau.nl\/wp-content\/uploads\/2026\/03\/LucasKemper_Tryater_Eenakterfestival_Portret_LR-72-1024x683.jpg 1024w, https:\/\/cultureelpersbureau.nl\/wp-content\/uploads\/2026\/03\/LucasKemper_Tryater_Eenakterfestival_Portret_LR-72-300x200.jpg 300w, https:\/\/cultureelpersbureau.nl\/wp-content\/uploads\/2026\/03\/LucasKemper_Tryater_Eenakterfestival_Portret_LR-72-768x512.jpg 768w, https:\/\/cultureelpersbureau.nl\/wp-content\/uploads\/2026\/03\/LucasKemper_Tryater_Eenakterfestival_Portret_LR-72-1536x1025.jpg 1536w, https:\/\/cultureelpersbureau.nl\/wp-content\/uploads\/2026\/03\/LucasKemper_Tryater_Eenakterfestival_Portret_LR-72-18x12.jpg 18w, https:\/\/cultureelpersbureau.nl\/wp-content\/uploads\/2026\/03\/LucasKemper_Tryater_Eenakterfestival_Portret_LR-72.jpg 2048w\" sizes=\"auto, (max-width: 1024px) 100vw, 1024px\" \/><figcaption class=\"wp-element-caption\">Lucas Kemper, <em>Ienaksy est l'une des formations occasionnelles participant au festival.<\/em><\/figcaption><\/figure>\n\n\n\n<h2 class=\"wp-block-heading\"><strong>Acte unique<\/strong><\/h2>\n\n\n\n<p>Les pi\u00e8ces uniques jou\u00e9es sont <em>Kerreven <\/em>Par Doutsen van Gosliga, <em>Une piscine abandonn\u00e9e<\/em> Par Sanne Schumacher, <em>Le loup<\/em> Par Maaike Bergstra, <em>Wa fan hjir\u00fat te sjen<\/em> par Raymond Muller et <em>Danse de salon pour les seniors<\/em> de Wessel de Vries. Une pi\u00e8ce en un acte est une courte pi\u00e8ce de th\u00e9\u00e2tre ou un op\u00e9ra compos\u00e9 d'un seul acte et d'une dur\u00e9e maximale de 40 \u00e0 60 minutes. Le festival de deux jours est organis\u00e9 de mani\u00e8re \u00e0 ce que chaque visiteur puisse voir plusieurs pi\u00e8ces en un acte. Les associations et groupes participants sont Theatre in the neighbourhood de Leeuwarden, Kom mar op ! de Suw\u00e2ld, De Pionier Theatercreaties de Dokkum, Toneelgroep Verder de Drachten, Stichting Nut en Genoegen d'Easterlittens et les formations occasionnelles Ienaksy et Botervloot.<\/p>","protected":false},"excerpt":{"rendered":"<p>Op zaterdag 21 en zondag 22 maart wordt het theatergebouw van Tryater in Leeuwarden overgenomen door amateurspelers uit heel Frysl\u00e2n. Tijdens het Ienakterfestival brengen verschillende spelersgroepen speciaal voor de gelegenheid geschreven eenakters, met professionele ondersteuning van het theatergezelschap zelf. Dit, ter gelegenheid van het jubileumseizoen van Tryater, waarin het zijn zestigjarig bestaan viert. Tryater kwam [&hellip;]<\/p>\n","protected":false},"author":13,"featured_media":0,"comment_status":"open","ping_status":"closed","sticky":false,"template":"","format":"standard","meta":{"_eb_attr":"","_themeisle_gutenberg_block_has_review":false,"_jetpack_memberships_contains_paid_content":false,"activitypub_content_warning":"","activitypub_content_visibility":"","activitypub_max_image_attachments":3,"activitypub_interaction_policy_quote":"anyone","activitypub_status":"federated","footnotes":"","jetpack_publicize_message":"","jetpack_publicize_feature_enabled":true,"jetpack_social_post_already_shared":false,"jetpack_social_options":{"image_generator_settings":{"template":"highway","default_image_id":0,"font":"","enabled":false},"version":2}},"categories":[11917,8843,4759],"tags":[4305,15436],"class_list":["post-100924","post","type-post","status-publish","format-standard","hentry","category-persberichten","category-podiumkunst","category-theater-podiumkunst-2","tag-amateurkunst","tag-tryater"],"views":2894,"jetpack_publicize_connections":[],"jetpack_featured_media_url":"","jetpack-related-posts":[{"id":91172,"url":"https:\/\/cultureelpersbureau.nl\/fr\/2023\/06\/tryater-wisselt-internationaal-uit-over-kleine-theatertalen\/","url_meta":{"origin":100924,"position":0},"title":"Tryater \u00e9change au niveau international sur les petites langues th\u00e9\u00e2trales","author":"een van onze leden","date":"29 juin 2023","format":false,"excerpt":"Le jeudi 29 juin, une d\u00e9l\u00e9gation de Tryater se rendra de Leeuwarden \u00e0 Bautzen, en Allemagne, o\u00f9 se tiendra une solide conf\u00e9rence de trois jours entre des compagnies de th\u00e9\u00e2tre internationales, dans le cadre de l'association europ\u00e9enne des langues minoritaires ph\u014dn\u0113.  Pendant ces trois jours, des politiciens, des linguistes, des experts en langues minoritaires et des cr\u00e9ateurs de th\u00e9\u00e2tre s'entretiennent de la situation linguistique, des objectifs et des d\u00e9fis dans diverses r\u00e9gions linguistiques minoritaires. Ces jours-ci, des compagnies du monde entier se rencontrent \u00e0...","rel":"","context":"Dans &quot;ACTUEEL&quot;","block_context":{"text":"ACTUEEL","link":"https:\/\/cultureelpersbureau.nl\/fr\/genre\/nieuws\/"},"img":{"alt_text":"","src":"","width":0,"height":0},"classes":[]},{"id":90377,"url":"https:\/\/cultureelpersbureau.nl\/fr\/2023\/04\/koningshuis-beleeft-preview-tryater-voorstelling-salt\/","url_meta":{"origin":100924,"position":1},"title":"La famille royale d\u00e9couvre en avant-premi\u00e8re le spectacle Tryater S\u00e2lt","author":"een van onze leden","date":"8 avril 2023","format":false,"excerpt":"Le mercredi 9 mai, le couple royal pr\u00e9sent \u00e0 Terschelling pourra d\u00e9couvrir en avant-premi\u00e8re et en exclusivit\u00e9 le spectacle S\u00e2lt que Tryater pr\u00e9sentera \u00e0 Oerol au cours de l'\u00e9t\u00e9. Le couple se rendra \u00e0 Terschelling dans le cadre d'une visite des \u00eeles des Wadden. Dans le cadre d'un vaste programme, le Roi Willem-Alexander et la Reine M\u00e1xima seront inform\u00e9s des principales...","rel":"","context":"Dans &quot;ACTUEEL&quot;","block_context":{"text":"ACTUEEL","link":"https:\/\/cultureelpersbureau.nl\/fr\/genre\/nieuws\/"},"img":{"alt_text":"Tryater op Oerol 2014, foto Saris den Engelsman","src":"https:\/\/i0.wp.com\/cultureelpersbureau.nl\/wp-content\/uploads\/2023\/04\/Tryater-op-Oerol-2014-foto-Saris_denEngelsman-scaled.jpg?resize=350%2C200&ssl=1","width":350,"height":200,"srcset":"https:\/\/i0.wp.com\/cultureelpersbureau.nl\/wp-content\/uploads\/2023\/04\/Tryater-op-Oerol-2014-foto-Saris_denEngelsman-scaled.jpg?resize=350%2C200&ssl=1 1x, https:\/\/i0.wp.com\/cultureelpersbureau.nl\/wp-content\/uploads\/2023\/04\/Tryater-op-Oerol-2014-foto-Saris_denEngelsman-scaled.jpg?resize=525%2C300&ssl=1 1.5x, https:\/\/i0.wp.com\/cultureelpersbureau.nl\/wp-content\/uploads\/2023\/04\/Tryater-op-Oerol-2014-foto-Saris_denEngelsman-scaled.jpg?resize=700%2C400&ssl=1 2x, https:\/\/i0.wp.com\/cultureelpersbureau.nl\/wp-content\/uploads\/2023\/04\/Tryater-op-Oerol-2014-foto-Saris_denEngelsman-scaled.jpg?resize=1050%2C600&ssl=1 3x, https:\/\/i0.wp.com\/cultureelpersbureau.nl\/wp-content\/uploads\/2023\/04\/Tryater-op-Oerol-2014-foto-Saris_denEngelsman-scaled.jpg?resize=1400%2C800&ssl=1 4x"},"classes":[]},{"id":91147,"url":"https:\/\/cultureelpersbureau.nl\/fr\/2023\/06\/tryater-herneemt-oerol-hit-salt-op-vasteland\/","url_meta":{"origin":100924,"position":2},"title":"Tryater r\u00e9p\u00e8te Oerol hit S\u00e2lt sur le continent","author":"een van onze leden","date":"27 juin 2023","format":false,"excerpt":"La pi\u00e8ce de th\u00e9\u00e2tre Tryater S\u00e2lt, cr\u00e9\u00e9e pour Oerol et jou\u00e9e l\u00e0-bas jusqu'au 18 juin, fait un tabac au festival de Terschelling. Apr\u00e8s une vente rapide, d'excellentes critiques et un public toujours \u00e9mu, la compagnie th\u00e9\u00e2trale frisonne d\u00e9cide de donner une suite au spectacle sur le rivage, apr\u00e8s la s\u00e9rie th\u00e9\u00e2trale de la Fanfare, la saison th\u00e9\u00e2trale suivante.","rel":"","context":"Dans &quot;PERSBERICHTEN&quot;","block_context":{"text":"PERSBERICHTEN","link":"https:\/\/cultureelpersbureau.nl\/fr\/genre\/service\/persberichten\/"},"img":{"alt_text":"S\u00e2lt - Bart Grietens","src":"https:\/\/i0.wp.com\/cultureelpersbureau.nl\/wp-content\/uploads\/2023\/06\/Salt-Bart-Grietens-27-scaled.jpg?resize=350%2C200&ssl=1","width":350,"height":200,"srcset":"https:\/\/i0.wp.com\/cultureelpersbureau.nl\/wp-content\/uploads\/2023\/06\/Salt-Bart-Grietens-27-scaled.jpg?resize=350%2C200&ssl=1 1x, https:\/\/i0.wp.com\/cultureelpersbureau.nl\/wp-content\/uploads\/2023\/06\/Salt-Bart-Grietens-27-scaled.jpg?resize=525%2C300&ssl=1 1.5x, https:\/\/i0.wp.com\/cultureelpersbureau.nl\/wp-content\/uploads\/2023\/06\/Salt-Bart-Grietens-27-scaled.jpg?resize=700%2C400&ssl=1 2x, https:\/\/i0.wp.com\/cultureelpersbureau.nl\/wp-content\/uploads\/2023\/06\/Salt-Bart-Grietens-27-scaled.jpg?resize=1050%2C600&ssl=1 3x, https:\/\/i0.wp.com\/cultureelpersbureau.nl\/wp-content\/uploads\/2023\/06\/Salt-Bart-Grietens-27-scaled.jpg?resize=1400%2C800&ssl=1 4x"},"classes":[]},{"id":91349,"url":"https:\/\/cultureelpersbureau.nl\/fr\/2023\/07\/tryaters-snackgelok-trekt-door-het-land-een-vette-installatie-van-levensgrote-snackbakjes\/","url_meta":{"origin":100924,"position":3},"title":"Le Snack Gelok de Tryater fait le tour du pays - Une grosse installation de plateaux-repas grandeur nature","author":"een van onze leden","date":"12 juillet 2023","format":false,"excerpt":"Snackgelok, une installation audio dans des barquettes de chips grandeur nature d\u00e9velopp\u00e9e par la compagnie th\u00e9\u00e2trale frisonne Tryater, est en train de prendre de l'ampleur dans le pays. Apr\u00e8s le succ\u00e8s rencontr\u00e9 en 2022 lors de festivals nordiques tels qu'Oerol et Welcome to the Village, elle est particuli\u00e8rement attendue cette ann\u00e9e lors d'\u00e9v\u00e9nements organis\u00e9s en dehors des fronti\u00e8res frisonnes.     Deventer, Zwolle, Dordrecht et plus encore Au d\u00e9but de l'ann\u00e9e,...","rel":"","context":"Dans &quot;PERSBERICHTEN&quot;","block_context":{"text":"PERSBERICHTEN","link":"https:\/\/cultureelpersbureau.nl\/fr\/genre\/service\/persberichten\/"},"img":{"alt_text":"Foto door Marleen Annema","src":"https:\/\/i0.wp.com\/cultureelpersbureau.nl\/wp-content\/uploads\/2023\/07\/Snackgelok-Om-Oost-%C2%A9-Marleen-Annema-7849-scaled.jpg?resize=350%2C200&ssl=1","width":350,"height":200,"srcset":"https:\/\/i0.wp.com\/cultureelpersbureau.nl\/wp-content\/uploads\/2023\/07\/Snackgelok-Om-Oost-%C2%A9-Marleen-Annema-7849-scaled.jpg?resize=350%2C200&ssl=1 1x, https:\/\/i0.wp.com\/cultureelpersbureau.nl\/wp-content\/uploads\/2023\/07\/Snackgelok-Om-Oost-%C2%A9-Marleen-Annema-7849-scaled.jpg?resize=525%2C300&ssl=1 1.5x, https:\/\/i0.wp.com\/cultureelpersbureau.nl\/wp-content\/uploads\/2023\/07\/Snackgelok-Om-Oost-%C2%A9-Marleen-Annema-7849-scaled.jpg?resize=700%2C400&ssl=1 2x, https:\/\/i0.wp.com\/cultureelpersbureau.nl\/wp-content\/uploads\/2023\/07\/Snackgelok-Om-Oost-%C2%A9-Marleen-Annema-7849-scaled.jpg?resize=1050%2C600&ssl=1 3x, https:\/\/i0.wp.com\/cultureelpersbureau.nl\/wp-content\/uploads\/2023\/07\/Snackgelok-Om-Oost-%C2%A9-Marleen-Annema-7849-scaled.jpg?resize=1400%2C800&ssl=1 4x"},"classes":[]},{"id":101035,"url":"https:\/\/cultureelpersbureau.nl\/fr\/2026\/03\/tryater-sluit-festivalweekend-voldaan-af\/","url_meta":{"origin":100924,"position":4},"title":"Tryater cl\u00f4t le week-end du festival satisfait","author":"Tryater","date":"23 mars 2026","format":false,"excerpt":"Het jubilerende theatergezelschap kijkt tevreden terug op het Ienakterfestival dat op 21 en 22 maart in eigen gebouw plaatsvond. Ondanks het stralende weekendweer waren de uitvoeringen door amateurspelers bijna allemaal uitverkocht, met een uitgelaten festivalsfeer in het gebouw tot gevolg. Het Ienakterfestival was een cadeau van Tryater aan het Friese\u2026","rel":"","context":"Dans &quot;PERSBERICHTEN&quot;","block_context":{"text":"PERSBERICHTEN","link":"https:\/\/cultureelpersbureau.nl\/fr\/genre\/service\/persberichten\/"},"img":{"alt_text":"","src":"https:\/\/i0.wp.com\/cultureelpersbureau.nl\/wp-content\/uploads\/2026\/03\/LucasKemper_Tryater_IenakterFestival_LR-129.jpg?resize=350%2C200&ssl=1","width":350,"height":200,"srcset":"https:\/\/i0.wp.com\/cultureelpersbureau.nl\/wp-content\/uploads\/2026\/03\/LucasKemper_Tryater_IenakterFestival_LR-129.jpg?resize=350%2C200&ssl=1 1x, https:\/\/i0.wp.com\/cultureelpersbureau.nl\/wp-content\/uploads\/2026\/03\/LucasKemper_Tryater_IenakterFestival_LR-129.jpg?resize=525%2C300&ssl=1 1.5x, https:\/\/i0.wp.com\/cultureelpersbureau.nl\/wp-content\/uploads\/2026\/03\/LucasKemper_Tryater_IenakterFestival_LR-129.jpg?resize=700%2C400&ssl=1 2x, https:\/\/i0.wp.com\/cultureelpersbureau.nl\/wp-content\/uploads\/2026\/03\/LucasKemper_Tryater_IenakterFestival_LR-129.jpg?resize=1050%2C600&ssl=1 3x, https:\/\/i0.wp.com\/cultureelpersbureau.nl\/wp-content\/uploads\/2026\/03\/LucasKemper_Tryater_IenakterFestival_LR-129.jpg?resize=1400%2C800&ssl=1 4x"},"classes":[]},{"id":100769,"url":"https:\/\/cultureelpersbureau.nl\/fr\/2026\/02\/tryater-opent-deuren-voor-amateurtheater-met-ienakterfestival-spelers-uit-heel-fryslan-op-21-en-22-maart\/","url_meta":{"origin":100924,"position":5},"title":"Tryater ouvre les portes du th\u00e9\u00e2tre amateur avec le Ienakterfestival : des acteurs de tout le Frysl\u00e2n les 21 et 22 mars","author":"een van onze leden","date":"22 f\u00e9vrier 2026","format":false,"excerpt":"Op 21 en 22 maart wordt het theatergebouw van Tryater in Leeuwarden overgenomen door het Friese amateurtoneel. In het kader van het 60-jarig jubileum organiseert het Friese gezelschap het Ienakterfestival, waar zes verenigingen en twee samengestelde groepen speciaal door professionals geschreven eenakters spelen. Cadeau van Tryater Groepen uit Drachten, Suw\u00e2ld,\u2026","rel":"","context":"Dans &quot;PERSBERICHTEN&quot;","block_context":{"text":"PERSBERICHTEN","link":"https:\/\/cultureelpersbureau.nl\/fr\/genre\/service\/persberichten\/"},"img":{"alt_text":"","src":"https:\/\/i0.wp.com\/cultureelpersbureau.nl\/wp-content\/uploads\/2026\/02\/Ienakterfestival-c-Roman-Dankert-Tryater.jpg?resize=350%2C200&ssl=1","width":350,"height":200,"srcset":"https:\/\/i0.wp.com\/cultureelpersbureau.nl\/wp-content\/uploads\/2026\/02\/Ienakterfestival-c-Roman-Dankert-Tryater.jpg?resize=350%2C200&ssl=1 1x, https:\/\/i0.wp.com\/cultureelpersbureau.nl\/wp-content\/uploads\/2026\/02\/Ienakterfestival-c-Roman-Dankert-Tryater.jpg?resize=525%2C300&ssl=1 1.5x, https:\/\/i0.wp.com\/cultureelpersbureau.nl\/wp-content\/uploads\/2026\/02\/Ienakterfestival-c-Roman-Dankert-Tryater.jpg?resize=700%2C400&ssl=1 2x, https:\/\/i0.wp.com\/cultureelpersbureau.nl\/wp-content\/uploads\/2026\/02\/Ienakterfestival-c-Roman-Dankert-Tryater.jpg?resize=1050%2C600&ssl=1 3x, https:\/\/i0.wp.com\/cultureelpersbureau.nl\/wp-content\/uploads\/2026\/02\/Ienakterfestival-c-Roman-Dankert-Tryater.jpg?resize=1400%2C800&ssl=1 4x"},"classes":[]}],"jetpack_shortlink":"https:\/\/wp.me\/p3yKke-qfO","jetpack_sharing_enabled":true,"_links":{"self":[{"href":"https:\/\/cultureelpersbureau.nl\/fr\/wp-json\/wp\/v2\/posts\/100924","targetHints":{"allow":["GET"]}}],"collection":[{"href":"https:\/\/cultureelpersbureau.nl\/fr\/wp-json\/wp\/v2\/posts"}],"about":[{"href":"https:\/\/cultureelpersbureau.nl\/fr\/wp-json\/wp\/v2\/types\/post"}],"author":[{"embeddable":true,"href":"https:\/\/cultureelpersbureau.nl\/fr\/wp-json\/wp\/v2\/users\/13"}],"replies":[{"embeddable":true,"href":"https:\/\/cultureelpersbureau.nl\/fr\/wp-json\/wp\/v2\/comments?post=100924"}],"version-history":[{"count":2,"href":"https:\/\/cultureelpersbureau.nl\/fr\/wp-json\/wp\/v2\/posts\/100924\/revisions"}],"predecessor-version":[{"id":100934,"href":"https:\/\/cultureelpersbureau.nl\/fr\/wp-json\/wp\/v2\/posts\/100924\/revisions\/100934"}],"wp:attachment":[{"href":"https:\/\/cultureelpersbureau.nl\/fr\/wp-json\/wp\/v2\/media?parent=100924"}],"wp:term":[{"taxonomy":"category","embeddable":true,"href":"https:\/\/cultureelpersbureau.nl\/fr\/wp-json\/wp\/v2\/categories?post=100924"},{"taxonomy":"post_tag","embeddable":true,"href":"https:\/\/cultureelpersbureau.nl\/fr\/wp-json\/wp\/v2\/tags?post=100924"}],"curies":[{"name":"wp","href":"https:\/\/api.w.org\/{rel}","templated":true}]}}