{"id":101140,"date":"2026-04-08T13:17:40","date_gmt":"2026-04-08T11:17:40","guid":{"rendered":"https:\/\/cultureelpersbureau.nl\/?p=101140"},"modified":"2026-04-08T13:17:43","modified_gmt":"2026-04-08T11:17:43","slug":"pilot-subsidieregeling-voor-monumentale-woonhuizen-in-caribisch-nederland","status":"publish","type":"post","link":"https:\/\/cultureelpersbureau.nl\/fr\/2026\/04\/pilot-subsidieregeling-voor-monumentale-woonhuizen-in-caribisch-nederland\/","title":{"rendered":"R\u00e9gime pilote de subventions pour les r\u00e9sidences monumentales dans les Cara\u00efbes Pays-Bas"},"content":{"rendered":"<p><strong>Les Pays-Bas carib\u00e9ens vont b\u00e9n\u00e9ficier d'un programme pilote de subventions pour la pr\u00e9servation des maisons r\u00e9sidentielles monumentales. D'ici septembre 2026, les propri\u00e9taires pourront demander des subventions pour restaurer leur monument. Le programme est dot\u00e9 d'un budget unique de 1,1 million de dollars. C'est le Fonds national de restauration qui fournit cet argent. Ce projet pilote permettra d'acqu\u00e9rir une exp\u00e9rience pratique pour les futures politiques relatives aux monuments dans la r\u00e9gion. Le programme a \u00e9t\u00e9 publi\u00e9 aujourd'hui dans la Gazette du gouvernement.<\/strong><br \/>\u00a0<br \/>Ministre Rianne Letschert (OCW) :<em> ,Les propri\u00e9taires de propri\u00e9t\u00e9s r\u00e9sidentielles monumentales aux Pays-Bas, dans les Cara\u00efbes, \u00e9prouvent des difficult\u00e9s \u00e0 trouver des financements, ce qui menace de rendre certaines propri\u00e9t\u00e9s \u00e0 l'abandon. Pour la premi\u00e8re fois, les subventions iront directement aux propri\u00e9taires de Bonaire, St Eustache et Saba. C'est important parce que les monuments relient les gens \u00e0 leur histoire et \u00e0 leur culture. Ils donnent du caract\u00e8re \u00e0 un lieu et rappellent aux habitants qui ils sont et d'o\u00f9 ils viennent\u2019.\u2019<\/em><br \/><br \/>Il existe depuis un certain temps des programmes de subventions pour les propri\u00e9taires de monuments aux Pays-Bas europ\u00e9ens, mais pas encore aux Pays-Bas carib\u00e9ens. Pourtant, le besoin s'en fait grandement sentir dans les \u00eeles. Les propri\u00e9taires de monuments dans les Pays-Bas carib\u00e9ens sont confront\u00e9s \u00e0 des co\u00fbts d'entretien \u00e9lev\u00e9s en raison de la situation insulaire, de la raret\u00e9 des mat\u00e9riaux sp\u00e9cialis\u00e9s et des co\u00fbts de transport \u00e9lev\u00e9s.<br \/><br \/><strong>Gros travaux d'entretien et de restauration<\/strong><br \/>Le r\u00e9gime de subvention est mis en \u0153uvre par le Rijksdienst voor het Cultureel Erfgoed (RCE). Il s'adresse aux propri\u00e9taires priv\u00e9s de monuments r\u00e9sidentiels n\u00e9cessitant des travaux d'entretien ou de restauration (importants) \u00e0 Bonaire, St Eustache et Saba. Les co\u00fbts de conservation pour lesquels une subvention est accord\u00e9e doivent \u00eatre sup\u00e9rieurs \u00e0 1T425.000 et sont subventionn\u00e9s jusqu'\u00e0 1T4100.000.<br \/><br \/>Les monuments (b\u00e2timents historiques de plus de 50 ans) non prot\u00e9g\u00e9s sont \u00e9galement \u00e9ligibles. Il s'agit de b\u00e2timents d'int\u00e9r\u00eat g\u00e9n\u00e9ral en raison de leur beaut\u00e9, de leur valeur artistique ou de leur importance historique. Le programme sera ouvert du 1er au 30 septembre 2026. Les demandes de subvention ne peuvent \u00eatre faites que pendant cette p\u00e9riode.<br \/><br \/><div class=\"su-note\"  style=\"border-color:#e5e54c;border-radius:3px;-moz-border-radius:3px;-webkit-border-radius:3px;\"><div class=\"su-note-inner su-u-clearfix su-u-trim\" style=\"background-color:#FFFF66;border-color:#ffffff;color:#333333;border-radius:3px;-moz-border-radius:3px;-webkit-border-radius:3px;\">Le CRE a mis au point le syst\u00e8me. <a href=\"https:\/\/www.cultureelerfgoed.nl\/onderwerpen\/s\/subsidieregeling-monumenten-caribisch-nederland\">Sur ce site<\/a> contient les informations les plus r\u00e9centes.\u00a0<\/div><\/div>","protected":false},"excerpt":{"rendered":"<p>Caribisch Nederland krijgt een pilot subsidieregeling voor de instandhouding van monumentale woonhuizen. In september 2026 kunnen eigenaren subsidie aanvragen om hun monument te restaureren. De regeling heeft een eenmalig budget van 1,1 miljoen dollar. Het Nationaal Restauratiefonds stelt dit geld beschikbaar. Met deze pilot wordt praktijkervaring opgedaan voor toekomstig monumentenbeleid in de regio. De regeling [&hellip;]<\/p>\n","protected":false},"author":13,"featured_media":0,"comment_status":"open","ping_status":"closed","sticky":false,"template":"","format":"standard","meta":{"_eb_attr":"","_themeisle_gutenberg_block_has_review":false,"_jetpack_memberships_contains_paid_content":false,"activitypub_content_warning":"","activitypub_content_visibility":"","activitypub_max_image_attachments":3,"activitypub_interaction_policy_quote":"anyone","activitypub_status":"federated","footnotes":"","jetpack_publicize_message":"","jetpack_publicize_feature_enabled":true,"jetpack_social_post_already_shared":false,"jetpack_social_options":{"image_generator_settings":{"template":"highway","default_image_id":0,"font":"","enabled":false},"version":2}},"categories":[15614,10340,11917],"tags":[16508],"class_list":["post-101140","post","type-post","status-publish","format-standard","hentry","category-beleid","category-erfgoed","category-persberichten","tag-caribisch-nederland"],"views":3467,"jetpack_publicize_connections":[],"jetpack_featured_media_url":"","jetpack-related-posts":[{"id":100531,"url":"https:\/\/cultureelpersbureau.nl\/fr\/2026\/01\/de-bloei-van-de-nederlands-caribische-cinema\/","url_meta":{"origin":101140,"position":0},"title":"L'\u00e9panouissement du cin\u00e9ma n\u00e9erlandais des Cara\u00efbes","author":"Vera Sistermans","date":"25 janvier 2026","format":false,"excerpt":"D'une infrastructure cin\u00e9matographique pratiquement inexistante \u00e0 des salles de festival pleines et des projections internationales, gr\u00e2ce \u00e0 des cin\u00e9astes carib\u00e9ens ambitieux, \u00e0 un int\u00e9r\u00eat croissant pour la diversit\u00e9 et \u00e0 de nouvelles possibilit\u00e9s de subventions et d'\u00e9ducation, le cin\u00e9ma n\u00e9erlandais des Cara\u00efbes a fait des bonds impressionnants au cours des 15 derni\u00e8res ann\u00e9es.","rel":"","context":"Dans &quot;beleid&quot;","block_context":{"text":"beleid","link":"https:\/\/cultureelpersbureau.nl\/fr\/genre\/beleid\/"},"img":{"alt_text":"","src":"","width":0,"height":0},"classes":[]},{"id":101119,"url":"https:\/\/cultureelpersbureau.nl\/fr\/2026\/04\/koninklijk-paar-brengt-werkbezoek-aan-pennsylvania-washington-d-c-en-florida-programma\/","url_meta":{"origin":101140,"position":1},"title":"Le couple royal en visite de travail en Pennsylvanie, \u00e0 Washington D.C. et en Floride - programme","author":"een van onze leden","date":"3 avril 2026","format":false,"excerpt":"Zijne Majesteit de Koning en Hare Majesteit Koningin M\u00e1xima brengen een werkbezoek aan de Verenigde Staten (VS). Zij bezoeken van maandag 13 april tot en met woensdag 15 april 2026 Philadelphia in de staat Pennsylvania, Washington D.C. en Miami in de staat Florida.\u00a0De betrekkingen en de onderlinge Transatlantische band tussen\u2026","rel":"","context":"Dans &quot;beleid&quot;","block_context":{"text":"beleid","link":"https:\/\/cultureelpersbureau.nl\/fr\/genre\/beleid\/"},"img":{"alt_text":"","src":"","width":0,"height":0},"classes":[]},{"id":91612,"url":"https:\/\/cultureelpersbureau.nl\/fr\/2023\/08\/faizah-grootens-corpus-criolla-verrijkt-moderne-dans-met-onmisbare-caribische-vibes-op-tfboulevard\/","url_meta":{"origin":101140,"position":2},"title":"Faizah Grootens : Corpus Criolla enrichit la danse moderne avec des vibrations carib\u00e9ennes essentielles sur #TFBoulevard","author":"Wijbrand Schaap","date":"11 ao\u00fbt 2023","format":false,"excerpt":"\"Ik selecteer dansers heel zorgvuldig. Ik doe geen audities. Ik geloof er niet in dat iemand zich moet bewijzen voor de anderen. Dus daarom doe ik er best lang over om te kiezen met wie ik wil werken.\u00a0 Als ik die persoon kies, dan gaan we er 100% voor. No\u2026","rel":"","context":"Dans &quot;Boulevard&quot;","block_context":{"text":"Boulevard","link":"https:\/\/cultureelpersbureau.nl\/fr\/genre\/service\/specials\/boulevard\/"},"img":{"alt_text":"pr-beeld door David van Delden","src":"https:\/\/i0.wp.com\/cultureelpersbureau.nl\/wp-content\/uploads\/2023\/08\/corpuscriolla.jpg?resize=350%2C200&ssl=1","width":350,"height":200,"srcset":"https:\/\/i0.wp.com\/cultureelpersbureau.nl\/wp-content\/uploads\/2023\/08\/corpuscriolla.jpg?resize=350%2C200&ssl=1 1x, https:\/\/i0.wp.com\/cultureelpersbureau.nl\/wp-content\/uploads\/2023\/08\/corpuscriolla.jpg?resize=525%2C300&ssl=1 1.5x"},"classes":[]},{"id":96754,"url":"https:\/\/cultureelpersbureau.nl\/fr\/2025\/03\/subsidietoekenning-voor-podia-268-miljoen-euro-voor-programmering-en-publieksverbinding\/","url_meta":{"origin":101140,"position":3},"title":"Subvention \u00e0 l'\u00e9tape : 26,8 millions d'euros pour la programmation et la connexion avec le public","author":"een van onze leden","date":"12 mars 2025","format":false,"excerpt":"Le Fonds Podiumkunsten accorde un total de 26,8 millions d'euros de subventions \u00e0 136 lieux de spectacle pour la p\u00e9riode 2025-2029. Avec le programme Podiumkunsten, le Fonds soutient la pr\u00e9sentation d'offres professionnelles dans le domaine des arts du spectacle \u00e0 travers le pays. La subvention \u00e0 la production permet \u00e0 51 lieux de (co)produire et d'investir dans le d\u00e9veloppement des talents.   Les sc\u00e8nes aux Pays-Bas...","rel":"","context":"Dans &quot;beleid&quot;","block_context":{"text":"beleid","link":"https:\/\/cultureelpersbureau.nl\/fr\/genre\/beleid\/"},"img":{"alt_text":"","src":"https:\/\/i0.wp.com\/cultureelpersbureau.nl\/wp-content\/uploads\/2025\/03\/Beeld-Podiumregeling-1-.png?resize=350%2C200&ssl=1","width":350,"height":200,"srcset":"https:\/\/i0.wp.com\/cultureelpersbureau.nl\/wp-content\/uploads\/2025\/03\/Beeld-Podiumregeling-1-.png?resize=350%2C200&ssl=1 1x, https:\/\/i0.wp.com\/cultureelpersbureau.nl\/wp-content\/uploads\/2025\/03\/Beeld-Podiumregeling-1-.png?resize=525%2C300&ssl=1 1.5x"},"classes":[]},{"id":69606,"url":"https:\/\/cultureelpersbureau.nl\/fr\/2021\/04\/draagvlak-voor-pilots-sneltestsamenleving-blijkt-uiterst-wankel\/","url_meta":{"origin":101140,"position":4},"title":"Le soutien aux projets pilotes de soci\u00e9t\u00e9s de test rapide s'av\u00e8re extr\u00eamement fragile","author":"Wijbrand Schaap","date":"14 avril 2021","format":false,"excerpt":"\u2018De taskforce is kritisch over de kosten en de gang van zaken rondom de opdracht aan Stichting Open Nederland. Hier zijn inmiddels Kamervragen over gesteld; we wachten de antwoorden van de minister daarop af.\u2019 Het staat dus ergens onderaan de wekelijkse update van Kunsten\u201892, maar het is duidelijk. Die hele\u2026","rel":"","context":"Dans &quot;ACTUEEL&quot;","block_context":{"text":"ACTUEEL","link":"https:\/\/cultureelpersbureau.nl\/fr\/genre\/nieuws\/"},"img":{"alt_text":"","src":"https:\/\/i0.wp.com\/cultureelpersbureau.nl\/wp-content\/uploads\/2021\/04\/neus.jpg?resize=350%2C200&ssl=1","width":350,"height":200,"srcset":"https:\/\/i0.wp.com\/cultureelpersbureau.nl\/wp-content\/uploads\/2021\/04\/neus.jpg?resize=350%2C200&ssl=1 1x, https:\/\/i0.wp.com\/cultureelpersbureau.nl\/wp-content\/uploads\/2021\/04\/neus.jpg?resize=525%2C300&ssl=1 1.5x"},"classes":[]},{"id":88680,"url":"https:\/\/cultureelpersbureau.nl\/fr\/2022\/11\/de-kracht-van-creativiteit-cultuur-midden-in-de-samenleving\/","url_meta":{"origin":101140,"position":5},"title":"Le pouvoir de la cr\u00e9ativit\u00e9 - la culture au c\u0153ur de la soci\u00e9t\u00e9","author":"een van onze leden","date":"4 novembre 2022","format":false,"excerpt":"Rendre la culture plus accessible, r\u00e9mun\u00e9rer plus \u00e9quitablement les professionnels de la culture et de la cr\u00e9ation, et utiliser davantage la mati\u00e8re grise cr\u00e9ative dans les grandes questions sociales, tels sont les principes cl\u00e9s de la politique culturelle des prochaines ann\u00e9es. Tels sont les principes cl\u00e9s de la politique culturelle pour les ann\u00e9es \u00e0 venir. Le Conseil des ministres a approuv\u00e9 la lettre \u00e0 long terme sur la culture du secr\u00e9taire d'\u00c9tat Uslu (Culture et m\u00e9dias). Dans cette lettre, intitul\u00e9e \"Le pouvoir de la cr\u00e9ativit\u00e9\", la","rel":"","context":"Dans &quot;ACTUEEL&quot;","block_context":{"text":"ACTUEEL","link":"https:\/\/cultureelpersbureau.nl\/fr\/genre\/nieuws\/"},"img":{"alt_text":"Logo van het ministerie van OCW","src":"https:\/\/i0.wp.com\/cultureelpersbureau.nl\/wp-content\/uploads\/2020\/05\/Logo_ministerie_OCW.svg_.png?resize=350%2C200&ssl=1","width":350,"height":200,"srcset":"https:\/\/i0.wp.com\/cultureelpersbureau.nl\/wp-content\/uploads\/2020\/05\/Logo_ministerie_OCW.svg_.png?resize=350%2C200&ssl=1 1x, https:\/\/i0.wp.com\/cultureelpersbureau.nl\/wp-content\/uploads\/2020\/05\/Logo_ministerie_OCW.svg_.png?resize=525%2C300&ssl=1 1.5x, https:\/\/i0.wp.com\/cultureelpersbureau.nl\/wp-content\/uploads\/2020\/05\/Logo_ministerie_OCW.svg_.png?resize=700%2C400&ssl=1 2x, https:\/\/i0.wp.com\/cultureelpersbureau.nl\/wp-content\/uploads\/2020\/05\/Logo_ministerie_OCW.svg_.png?resize=1050%2C600&ssl=1 3x"},"classes":[]}],"jetpack_shortlink":"https:\/\/wp.me\/p3yKke-qji","jetpack_sharing_enabled":true,"_links":{"self":[{"href":"https:\/\/cultureelpersbureau.nl\/fr\/wp-json\/wp\/v2\/posts\/101140","targetHints":{"allow":["GET"]}}],"collection":[{"href":"https:\/\/cultureelpersbureau.nl\/fr\/wp-json\/wp\/v2\/posts"}],"about":[{"href":"https:\/\/cultureelpersbureau.nl\/fr\/wp-json\/wp\/v2\/types\/post"}],"author":[{"embeddable":true,"href":"https:\/\/cultureelpersbureau.nl\/fr\/wp-json\/wp\/v2\/users\/13"}],"replies":[{"embeddable":true,"href":"https:\/\/cultureelpersbureau.nl\/fr\/wp-json\/wp\/v2\/comments?post=101140"}],"version-history":[{"count":1,"href":"https:\/\/cultureelpersbureau.nl\/fr\/wp-json\/wp\/v2\/posts\/101140\/revisions"}],"predecessor-version":[{"id":101141,"href":"https:\/\/cultureelpersbureau.nl\/fr\/wp-json\/wp\/v2\/posts\/101140\/revisions\/101141"}],"wp:attachment":[{"href":"https:\/\/cultureelpersbureau.nl\/fr\/wp-json\/wp\/v2\/media?parent=101140"}],"wp:term":[{"taxonomy":"category","embeddable":true,"href":"https:\/\/cultureelpersbureau.nl\/fr\/wp-json\/wp\/v2\/categories?post=101140"},{"taxonomy":"post_tag","embeddable":true,"href":"https:\/\/cultureelpersbureau.nl\/fr\/wp-json\/wp\/v2\/tags?post=101140"}],"curies":[{"name":"wp","href":"https:\/\/api.w.org\/{rel}","templated":true}]}}