{"id":103866,"date":"2026-04-28T17:16:05","date_gmt":"2026-04-28T15:16:05","guid":{"rendered":"https:\/\/cultureelpersbureau.nl\/?p=103866"},"modified":"2026-04-28T17:16:08","modified_gmt":"2026-04-28T15:16:08","slug":"in-brand-een-interdisciplinaire-voorstelling-van-zid-theater","status":"publish","type":"post","link":"https:\/\/cultureelpersbureau.nl\/fr\/2026\/04\/in-brand-een-interdisciplinaire-voorstelling-van-zid-theater\/","title":{"rendered":"IN BRAND: Een interdisciplinaire voorstelling van ZID Theater"},"content":{"rendered":"<h4 class=\"wp-block-heading\"><strong>ZID Theater presenteert de nieuwste groepsproductie IN BRAND tijdens het ExploreZ festival 2026 (28 mei t\/m 7 juni) in Amsterdam. De voorstelling gaat in premi\u00e8re tijdens de opening van het festival op 28 mei bij Podium Moza\u00efek.<\/strong><\/h4>\n\n\n\n<figure class=\"wp-block-image\"><img decoding=\"async\" src=\"https:\/\/presscloud-public.s3.eu-central-1.amazonaws.com\/164263\/IN-BRAND---Foto-door-Maria-Morales.jpg\" alt=\"\"\/><\/figure>\n\n\n\n<p><strong>EN FEU<\/strong> is een explosieve en meeslepende voorstelling van ZID Theater, waarin muziek, dans en theater samenkomen in een intense live-ervaring.<\/p>\n\n\n\n<p>Onder regie van artistiek leider en directeur Karolina Spai\u0107 zie je een diverse groep performers die zich staande probeert te houden in een wereld die onder druk staat. Ze rennen, botsen, dromen en vechten &#8211; op zoek naar een uitweg, naar hoop, naar iets om in te blijven geloven.<\/p>\n\n\n\n<p>Ge\u00efnspireerd door Albert Camus en zijn idee\u00ebn over \u2018gevaarlijk cre\u00ebren\u2019 laat <strong>EN FEU<\/strong> zien hoe verbeelding een krachtige motor kan zijn in tijden van crisis \u2014 en stelt het de vraag: wat is de rol van de kunstenaar daarin?<\/p>\n\n\n\n<p><strong>Alles brandt. Wat blijft er over? Dat wat in ons blijft branden<br \/><\/strong>Wanneer de realiteit te zwaar wordt zoeken we naar troost in fantasie, maar is dat een manier van vluchten, of juist het begin van verandering?<\/p>\n\n\n\n<p>Avec des images puissantes, une musique entra\u00eenante et un jeu d'acteurs intense, il faut <strong>EN FEU<\/strong> je mee in een ritueel van woede en hoop. Een voorstelling voor iedereen die voelt dat het anders moet.<\/p>\n\n\n\n<p><strong>EN FEU<\/strong> is interdisciplinair theater dat schuurt, binnenkomt en niet loslaat. Verwacht een fysieke, visuele en energieke voorstelling die wil raken en opschudden.<\/p>\n\n\n\n<p>De vaste cast van ZID, bestaande uit een diverse en internationale groep performers, presenteert deze voorstelling als het slotstuk van de trilogie na de eerdere delen <em>EAU<\/em> (2024) en <em>SOURCE<\/em> (2025).<\/p>\n\n\n\n<p>Hierin wordt duidelijk dat de vraagstukken over&nbsp; klimaat niet los gezien kunnen worden van de maatschappelijke en politieke bewegingen.<br \/><br \/><strong>Cr\u00e9dits<\/strong><br \/>Concept &amp; Regie: Karolina Spai\u0107 | Co-creatie, tekst en performance: Sebo Bakker, Nivin Baranbo, Daan Bosch, Dora Draghi, Issam Zemmouri |Dramaturgisch advies: Wendela de Vos | Scenografie &amp; Kostuums: MAB \u2013 Marija Teodosijevic: MAB Studio | Muziek: Jera Topolovec | Fotografie: Maria Morales | Productie &amp; PR: ZID Theater<\/p>\n\n\n\n<p><strong>Dates de jeu :<\/strong><\/p>\n\n\n\n<p>-&nbsp;&nbsp;&nbsp;&nbsp;&nbsp;&nbsp;&nbsp;&nbsp; <a target=\"_blank\" rel=\"noreferrer noopener\" href=\"http:\/\/email.algemenenieuwsdienst.nl\/c\/eJw8zjFyhCAUgOHTQKeDD1QsKNJ4jZ0HPHdJABnENdnTZ7JF6v8rfoepYLjnm6cYnlR_bsEbPY6a_5fgzTIIwd2eCuY3kJOcuTdkxaaBkxnmeZZaLQD8YQY5Wjegk0rr0U6b0FYjSIfbYuVCGw8GBExCgR6UAAG9AiVmtYHYYJKjIKYExjslypQDndfhA-Wj9TnyaB6tlYPJDwYrg_W6rr7sPpwp7S8M9NXnyGAtdb9XTAkZrJ4ahngwWFvqhkHruVtgGfVI7i0pBarUhdzZitl3lo7W7VtH3yXulV68mit8vlt_uAdiYUq4M7azEsVC9bBnJTz_9p4GfgMAAP__POZt6A\">28 mei 2026, 20.00 uur,<strong> Opening&nbsp;ExploreZ&nbsp;Festival &amp; Premi\u00e8re IN BRAND<\/strong>&nbsp;|&nbsp;Podium Moza\u00efek, Amsterdam&nbsp;<\/a><\/p>\n\n\n\n<p>-&nbsp;&nbsp;&nbsp;&nbsp;&nbsp;&nbsp;&nbsp;&nbsp; <a target=\"_blank\" rel=\"noreferrer noopener\" href=\"http:\/\/email.algemenenieuwsdienst.nl\/c\/eJw8zTGOwyAQheHTQBdrPIZACoptfI1ogHHMihCEsbOb06-SYsun70l_oHuldCvXyDkd3H6vKTqrtZX_kqK7jAAyPO6VyucwnScjo2MPi0XJbjTGTFZdEOXqjNcjR680hQuFZWHrg7EwRjMSa48yOQQ8g0I7KkDAQaECoxaEBc-TBhYKKN_4zoVL4v25xcRl60PJMru197qJ6UvgLHDmn5ofjV9Dye91cOkC51ROvlGJp1eKp74ydW4CZ9ncM31_ZNjCSlSFgrDnvjfmXLltfm9M-zt0OPwLAAD__7mYW-g\">6 juin 2026, 16h00, Mus\u00e9e Van Eesteren, Amsterdam<\/a><\/p>\n\n\n\n<p>-&nbsp;&nbsp;&nbsp;&nbsp;&nbsp;&nbsp;&nbsp;&nbsp;<a target=\"_blank\" rel=\"noreferrer noopener\" href=\"http:\/\/email.algemenenieuwsdienst.nl\/c\/eJw8zTGu6yAQheHVQGeLDIMxBcVrvI1oAuOYJ0IQxslNVn-VFLc8Op_0B7pVStdyjpzTg9vrnKKfjZnl35OidyelZLjfKpUv0JO2Mnq-qHUGyf5krdUzOgC5-cmthJrczE6bCZ3GgMEEi84YtOskkwcFk0KYT6hAwYiAyuIKaoVJG8UCFeUr37hwSXw895i47H0sWWa_9V53of8JWAQs_FPzvfF7LPmzHly6gCWV4dKoxIHWzq1S66_hneLQN6bOTcAim3-m_1807mEjqgJVOHI_GnOu3PbL0ZiOT_Ph4TcAAP__s3Fe0A\"> 7 juin 2026, 16h00, ZID Theatre, Amsterdam<\/a><\/p>\n\n\n\n<p>De voorstelling reist na afloop van het ExploreZ Festival door naar Haarlem, Den Bosch en Den Haag als onderdeel van ExploreZ on Tour, en gaat daarnaast internationaal op tournee als trilogie.<\/p>\n\n\n\n<p><strong>\u00c0 propos du th\u00e9\u00e2tre ZID<\/strong><br \/>ZID Theater is een culturele organisatie, een producent en een podium in Amsterdam. ZID produceert multidisciplinaire voorstellingen en het jaarlijkse internationale ExploreZ Festival en verzorgt trainingen voor makers en performers. Talentontwikkeling en kansen cre\u00ebren voor aanstormend talent met een vluchtverleden en migratieachtergrond zijn essentieel voor het werk van ZID. Het werk van ZID is diepgeworteld in de grootstedelijke dynamiek en vraagstukken. De voorstellingen komen tot stand door middel van co-creatie, zijn associatief en bestaan \u200b\u200buit authentieke concepten van de makers. ZID werkt stedelijk, landelijk en internationaal. Naast Nederland was ZID te zien in Europa, Zuid-Amerika, Verenigde Staten, Rusland en Marokko. ZID heeft voor haar werk diverse prijzen ontvangen. In 2020 werd Karolina Spaic, directeur van ZID, benoemd met de Koninklijke Onderscheiding als Ridder in de Orde van Oranje-Nassau.<\/p>","protected":false},"excerpt":{"rendered":"<p>ZID Theater presenteert de nieuwste groepsproductie IN BRAND tijdens het ExploreZ festival 2026 (28 mei t\/m 7 juni) in Amsterdam. De voorstelling gaat in premi\u00e8re tijdens de opening van het festival op 28 mei bij Podium Moza\u00efek. IN BRAND is een explosieve en meeslepende voorstelling van ZID Theater, waarin muziek, dans en theater samenkomen in [&hellip;]<\/p>\n","protected":false},"author":1185,"featured_media":0,"comment_status":"open","ping_status":"closed","sticky":false,"template":"","format":"standard","meta":{"_eb_attr":"","_themeisle_gutenberg_block_has_review":false,"_jetpack_memberships_contains_paid_content":false,"activitypub_content_warning":"","activitypub_content_visibility":"","activitypub_max_image_attachments":3,"activitypub_interaction_policy_quote":"anyone","activitypub_status":"federated","footnotes":"","jetpack_publicize_message":"","jetpack_publicize_feature_enabled":true,"jetpack_social_post_already_shared":false,"jetpack_social_options":{"image_generator_settings":{"template":"highway","default_image_id":0,"font":"","enabled":false},"version":2}},"categories":[11917,8843,4759],"tags":[16542,15816],"class_list":["post-103866","post","type-post","status-publish","format-standard","hentry","category-persberichten","category-podiumkunst","category-theater-podiumkunst-2","tag-albert-camus","tag-zid-theater"],"views":232,"jetpack_publicize_connections":[],"jetpack_featured_media_url":"","jetpack-related-posts":[{"id":101164,"url":"https:\/\/cultureelpersbureau.nl\/fr\/2026\/04\/zid-theater-presenteert-de-tiende-editie-van-het-explorez-festival-in-amsterdam\/","url_meta":{"origin":103866,"position":0},"title":"Le ZID Theatre pr\u00e9sente la dixi\u00e8me \u00e9dition du festival Explorez \u00e0 Amsterdam !","author":"Wijbrand Schaap","date":"10 avril 2026","format":false,"excerpt":"Van 28 mei t\/m 7 juni 2026 verandert Amsterdam in een bruisend podium vol voorstellingen, workshops, en interactieve activiteiten. Het jaarlijkse ExploreZ Festival staat voor diversiteit, inclusie, internationale samenwerking en verrassende cross-overs tussen disciplines en lokale gemeenschappen. ZID Theater kondigt met trots de tiende editie aan van dit meerdaagse festival\u2026","rel":"","context":"Dans &quot;ACTUEEL&quot;","block_context":{"text":"ACTUEEL","link":"https:\/\/cultureelpersbureau.nl\/fr\/genre\/nieuws\/"},"img":{"alt_text":"","src":"","width":0,"height":0},"classes":[]},{"id":100477,"url":"https:\/\/cultureelpersbureau.nl\/fr\/2026\/01\/vier-de-kracht-van-de-podiumkunsten-bij-zid-theater-tijdens-het-nationaal-theaterweekend-2026\/","url_meta":{"origin":103866,"position":1},"title":"C\u00e9l\u00e9brez le pouvoir des arts de la sc\u00e8ne au ZID Theatre pendant le National Theatre Weekend 2026","author":"een van onze leden","date":"21 janvier 2026","format":false,"excerpt":"Pendant le week-end du th\u00e9\u00e2tre national, l'ensemble des Pays-Bas a l'occasion d'exp\u00e9rimenter la puissance des arts de la sc\u00e8ne et de d\u00e9couvrir de nouvelles salles et de nouveaux spectacles. Le ZID Theatre d'Amsterdam y participe aussi traditionnellement, en pr\u00e9sentant un programme riche et novateur qui s'inscrit parfaitement dans la mission du ZID : rendre le th\u00e9\u00e2tre sous toutes ses formes accessible \u00e0 tous. Pendant trois jours","rel":"","context":"Dans &quot;PERSBERICHTEN&quot;","block_context":{"text":"PERSBERICHTEN","link":"https:\/\/cultureelpersbureau.nl\/fr\/genre\/service\/persberichten\/"},"img":{"alt_text":"","src":"https:\/\/i0.wp.com\/cultureelpersbureau.nl\/wp-content\/uploads\/2026\/01\/Imrane-Missing-Wishing-Agnes-De-Maeseneir-2-scaled.jpg?resize=350%2C200&ssl=1","width":350,"height":200,"srcset":"https:\/\/i0.wp.com\/cultureelpersbureau.nl\/wp-content\/uploads\/2026\/01\/Imrane-Missing-Wishing-Agnes-De-Maeseneir-2-scaled.jpg?resize=350%2C200&ssl=1 1x, https:\/\/i0.wp.com\/cultureelpersbureau.nl\/wp-content\/uploads\/2026\/01\/Imrane-Missing-Wishing-Agnes-De-Maeseneir-2-scaled.jpg?resize=525%2C300&ssl=1 1.5x, https:\/\/i0.wp.com\/cultureelpersbureau.nl\/wp-content\/uploads\/2026\/01\/Imrane-Missing-Wishing-Agnes-De-Maeseneir-2-scaled.jpg?resize=700%2C400&ssl=1 2x, https:\/\/i0.wp.com\/cultureelpersbureau.nl\/wp-content\/uploads\/2026\/01\/Imrane-Missing-Wishing-Agnes-De-Maeseneir-2-scaled.jpg?resize=1050%2C600&ssl=1 3x, https:\/\/i0.wp.com\/cultureelpersbureau.nl\/wp-content\/uploads\/2026\/01\/Imrane-Missing-Wishing-Agnes-De-Maeseneir-2-scaled.jpg?resize=1400%2C800&ssl=1 4x"},"classes":[]},{"id":93986,"url":"https:\/\/cultureelpersbureau.nl\/fr\/2024\/04\/zid-theater-presenteert-programma-voor-explorez-festival-2024\/","url_meta":{"origin":103866,"position":2},"title":"Le ZID Theatre pr\u00e9sente le programme du festival ExploreZ 2024","author":"een van onze leden","date":"9 avril 2024","format":false,"excerpt":"Un programme vari\u00e9 qui emm\u00e8ne les visiteurs dans des spectacles r\u00e9volutionnaires et des perspectives diff\u00e9rentes Amsterdam, 4 avril 2024 - Aujourd'hui, le ZID Theatre est fier de pr\u00e9senter le programme de la neuvi\u00e8me \u00e9dition du festival ExploreZ. Ce festival multidisciplinaire et international se d\u00e9roulera du 7 au 18 mai dans diff\u00e9rents lieux d'Amsterdam.....","rel":"","context":"Dans &quot;PERSBERICHTEN&quot;","block_context":{"text":"PERSBERICHTEN","link":"https:\/\/cultureelpersbureau.nl\/fr\/genre\/service\/persberichten\/"},"img":{"alt_text":"","src":"https:\/\/i0.wp.com\/cultureelpersbureau.nl\/wp-content\/uploads\/2024\/04\/2db6b488-437b-4544-9fa3-b353c0e639fd.jpg?resize=350%2C200&ssl=1","width":350,"height":200,"srcset":"https:\/\/i0.wp.com\/cultureelpersbureau.nl\/wp-content\/uploads\/2024\/04\/2db6b488-437b-4544-9fa3-b353c0e639fd.jpg?resize=350%2C200&ssl=1 1x, https:\/\/i0.wp.com\/cultureelpersbureau.nl\/wp-content\/uploads\/2024\/04\/2db6b488-437b-4544-9fa3-b353c0e639fd.jpg?resize=525%2C300&ssl=1 1.5x, https:\/\/i0.wp.com\/cultureelpersbureau.nl\/wp-content\/uploads\/2024\/04\/2db6b488-437b-4544-9fa3-b353c0e639fd.jpg?resize=700%2C400&ssl=1 2x, https:\/\/i0.wp.com\/cultureelpersbureau.nl\/wp-content\/uploads\/2024\/04\/2db6b488-437b-4544-9fa3-b353c0e639fd.jpg?resize=1050%2C600&ssl=1 3x, https:\/\/i0.wp.com\/cultureelpersbureau.nl\/wp-content\/uploads\/2024\/04\/2db6b488-437b-4544-9fa3-b353c0e639fd.jpg?resize=1400%2C800&ssl=1 4x"},"classes":[]},{"id":97167,"url":"https:\/\/cultureelpersbureau.nl\/fr\/2025\/04\/explorez-festival-2025-theater-kunst-en-dialoog-over-natuur-mens-nu\/","url_meta":{"origin":103866,"position":3},"title":"Festival ExploreZ 2025 - Th\u00e9\u00e2tre, art et dialogue sur la nature et l'homme : MAINTENANT","author":"een van onze leden","date":"29 avril 2025","format":false,"excerpt":"Du 16 au 25 mai, le ZID Theatre organise le festival international ExploreZ \u00e0 Amsterdam : un programme de dix jours rempli de danse, de th\u00e9\u00e2tre et de r\u00e9cits r\u00e9volutionnaires. Dans divers lieux ext\u00e9rieurs et th\u00e9\u00e2tres, le festival c\u00e9l\u00e8bre le pouvoir de la cr\u00e9ativit\u00e9, de la diversit\u00e9 et des rencontres, avec des spectacles de cr\u00e9ateurs \u00e9tablis et \u00e9mergents. Vous voulez explorer avec nous ?","rel":"","context":"Dans &quot;PERSBERICHTEN&quot;","block_context":{"text":"PERSBERICHTEN","link":"https:\/\/cultureelpersbureau.nl\/fr\/genre\/service\/persberichten\/"},"img":{"alt_text":"","src":"https:\/\/i0.wp.com\/cultureelpersbureau.nl\/wp-content\/uploads\/formidable\/7\/ZUURSTOF-Foto-door-Maria-Morales.jpg?resize=350%2C200&ssl=1","width":350,"height":200,"srcset":"https:\/\/i0.wp.com\/cultureelpersbureau.nl\/wp-content\/uploads\/formidable\/7\/ZUURSTOF-Foto-door-Maria-Morales.jpg?resize=350%2C200&ssl=1 1x, https:\/\/i0.wp.com\/cultureelpersbureau.nl\/wp-content\/uploads\/formidable\/7\/ZUURSTOF-Foto-door-Maria-Morales.jpg?resize=525%2C300&ssl=1 1.5x, https:\/\/i0.wp.com\/cultureelpersbureau.nl\/wp-content\/uploads\/formidable\/7\/ZUURSTOF-Foto-door-Maria-Morales.jpg?resize=700%2C400&ssl=1 2x, https:\/\/i0.wp.com\/cultureelpersbureau.nl\/wp-content\/uploads\/formidable\/7\/ZUURSTOF-Foto-door-Maria-Morales.jpg?resize=1050%2C600&ssl=1 3x"},"classes":[]},{"id":93369,"url":"https:\/\/cultureelpersbureau.nl\/fr\/2024\/01\/drie-voorstellingen-van-en-bij-zid-theater-in-de-amsterdamse-kolenkitbuurttijdens-het-nationaal-theaterweekend-op-26-27-en-28-januari-2024\/","url_meta":{"origin":103866,"position":4},"title":"Trois repr\u00e9sentations par et au th\u00e9\u00e2tre ZID dans le quartier Kolenkit d'Amsterdam pendant le week-end du th\u00e9\u00e2tre national les 26, 27 et 28 janvier 2024.","author":"een van onze leden","date":"26 janvier 2024","format":false,"excerpt":"Le ZID Theatre cr\u00e9e des spectacles multidisciplinaires avec des talents tr\u00e8s divers, tout en \u00e9tant une sc\u00e8ne pour ces spectacles et pour les productions d'autres cr\u00e9ateurs partageant les m\u00eames id\u00e9es. Nous avons donc d\u00e9cid\u00e9 d'ouvrir nos portes pour la deuxi\u00e8me fois \u00e0 l'occasion du week-end national du th\u00e9\u00e2tre. Que peut-on voir au ZID ? Le vendredi 26 janvier,...","rel":"","context":"Dans &quot;PERSBERICHTEN&quot;","block_context":{"text":"PERSBERICHTEN","link":"https:\/\/cultureelpersbureau.nl\/fr\/genre\/service\/persberichten\/"},"img":{"alt_text":"","src":"https:\/\/i0.wp.com\/cultureelpersbureau.nl\/wp-content\/uploads\/2024\/01\/foto_theaterweekend_nieuws-1024x1024-1.jpg?resize=350%2C200&ssl=1","width":350,"height":200,"srcset":"https:\/\/i0.wp.com\/cultureelpersbureau.nl\/wp-content\/uploads\/2024\/01\/foto_theaterweekend_nieuws-1024x1024-1.jpg?resize=350%2C200&ssl=1 1x, https:\/\/i0.wp.com\/cultureelpersbureau.nl\/wp-content\/uploads\/2024\/01\/foto_theaterweekend_nieuws-1024x1024-1.jpg?resize=525%2C300&ssl=1 1.5x, https:\/\/i0.wp.com\/cultureelpersbureau.nl\/wp-content\/uploads\/2024\/01\/foto_theaterweekend_nieuws-1024x1024-1.jpg?resize=700%2C400&ssl=1 2x"},"classes":[]},{"id":93563,"url":"https:\/\/cultureelpersbureau.nl\/fr\/2024\/02\/zid-theater-stelt-verandering-change-centraal-tijdens-explorez-festival-2024\/","url_meta":{"origin":103866,"position":5},"title":"Le ZID Theatre met \" Change\/Change \" sur le devant de la sc\u00e8ne au festival ExploreZ 2024.","author":"een van onze leden","date":"15 f\u00e9vrier 2024","format":false,"excerpt":"Douze jours d'inspiration, de connexion, de diversit\u00e9 et d'excitation pour un large public Amsterdam, 15 f\u00e9vrier 2024 - ZID Theatre pr\u00e9sente la neuvi\u00e8me \u00e9dition du festival multidisciplinaire et international ExploreZ \u00e0 Amsterdam. Du 7 au 18 mai 2024, les visiteurs pourront profiter pendant douze jours d'un riche m\u00e9lange de th\u00e9\u00e2tre,...","rel":"","context":"Dans &quot;PERSBERICHTEN&quot;","block_context":{"text":"PERSBERICHTEN","link":"https:\/\/cultureelpersbureau.nl\/fr\/genre\/service\/persberichten\/"},"img":{"alt_text":"","src":"https:\/\/i0.wp.com\/cultureelpersbureau.nl\/wp-content\/uploads\/2024\/02\/MG_4145-afgesneden--scaled.jpg?resize=350%2C200&ssl=1","width":350,"height":200,"srcset":"https:\/\/i0.wp.com\/cultureelpersbureau.nl\/wp-content\/uploads\/2024\/02\/MG_4145-afgesneden--scaled.jpg?resize=350%2C200&ssl=1 1x, https:\/\/i0.wp.com\/cultureelpersbureau.nl\/wp-content\/uploads\/2024\/02\/MG_4145-afgesneden--scaled.jpg?resize=525%2C300&ssl=1 1.5x, https:\/\/i0.wp.com\/cultureelpersbureau.nl\/wp-content\/uploads\/2024\/02\/MG_4145-afgesneden--scaled.jpg?resize=700%2C400&ssl=1 2x, https:\/\/i0.wp.com\/cultureelpersbureau.nl\/wp-content\/uploads\/2024\/02\/MG_4145-afgesneden--scaled.jpg?resize=1050%2C600&ssl=1 3x, https:\/\/i0.wp.com\/cultureelpersbureau.nl\/wp-content\/uploads\/2024\/02\/MG_4145-afgesneden--scaled.jpg?resize=1400%2C800&ssl=1 4x"},"classes":[]}],"jetpack_shortlink":"https:\/\/wp.me\/p3yKke-r1g","jetpack_sharing_enabled":true,"_links":{"self":[{"href":"https:\/\/cultureelpersbureau.nl\/fr\/wp-json\/wp\/v2\/posts\/103866","targetHints":{"allow":["GET"]}}],"collection":[{"href":"https:\/\/cultureelpersbureau.nl\/fr\/wp-json\/wp\/v2\/posts"}],"about":[{"href":"https:\/\/cultureelpersbureau.nl\/fr\/wp-json\/wp\/v2\/types\/post"}],"author":[{"embeddable":true,"href":"https:\/\/cultureelpersbureau.nl\/fr\/wp-json\/wp\/v2\/users\/1185"}],"replies":[{"embeddable":true,"href":"https:\/\/cultureelpersbureau.nl\/fr\/wp-json\/wp\/v2\/comments?post=103866"}],"version-history":[{"count":1,"href":"https:\/\/cultureelpersbureau.nl\/fr\/wp-json\/wp\/v2\/posts\/103866\/revisions"}],"predecessor-version":[{"id":103867,"href":"https:\/\/cultureelpersbureau.nl\/fr\/wp-json\/wp\/v2\/posts\/103866\/revisions\/103867"}],"wp:attachment":[{"href":"https:\/\/cultureelpersbureau.nl\/fr\/wp-json\/wp\/v2\/media?parent=103866"}],"wp:term":[{"taxonomy":"category","embeddable":true,"href":"https:\/\/cultureelpersbureau.nl\/fr\/wp-json\/wp\/v2\/categories?post=103866"},{"taxonomy":"post_tag","embeddable":true,"href":"https:\/\/cultureelpersbureau.nl\/fr\/wp-json\/wp\/v2\/tags?post=103866"}],"curies":[{"name":"wp","href":"https:\/\/api.w.org\/{rel}","templated":true}]}}