{"id":112885,"date":"2026-05-27T13:07:06","date_gmt":"2026-05-27T11:07:06","guid":{"rendered":"https:\/\/cultureelpersbureau.nl\/?p=112885"},"modified":"2026-05-27T13:07:11","modified_gmt":"2026-05-27T11:07:11","slug":"rijk-provincies-en-gemeenten-maken-nieuwe-afspraken-over-zorg-voor-erfgoed","status":"publish","type":"post","link":"https:\/\/cultureelpersbureau.nl\/fr\/2026\/05\/rijk-provincies-en-gemeenten-maken-nieuwe-afspraken-over-zorg-voor-erfgoed\/","title":{"rendered":"L'\u00c9tat, les provinces et les municipalit\u00e9s concluent de nouveaux accords sur la protection du patrimoine"},"content":{"rendered":"<p class=\"wp-block-paragraph\"><strong>Les Pays-Bas sont riches en patrimoine. Du carnaval d'\u00e9t\u00e9 de Rotterdam au Slot Loevestein, des paysages pittoresques de l'Achterhoek aux \u00e9paves de la mer des Wadden. Les municipalit\u00e9s, les provinces et l'\u00c9tat ont conclu de nouveaux accords administratifs pour mieux coop\u00e9rer dans le domaine du patrimoine. Gr\u00e2ce \u00e0 ces accords, les gouvernements souhaitent renforcer la base de la politique du patrimoine afin de r\u00e9pondre aux nouveaux d\u00e9fis spatiaux et soci\u00e9taux.\u00a0\u00a0<\/strong><\/p>\n\n\n\n<p class=\"wp-block-paragraph\">Le patrimoine donne un sens \u00e0 notre cadre de vie, renforce les communaut\u00e9s et contribue \u00e0 la qualit\u00e9 des villes et des campagnes. Il m\u00e9rite donc d'\u00eatre prot\u00e9g\u00e9 avec soin, ce qui n'est possible que si les gouvernements agissent de concert.<\/p>\n\n\n\n<h2 class=\"wp-block-heading\"><strong>Renforcer la politique du patrimoine\u00a0<\/strong><\/h2>\n\n\n\n<p class=\"wp-block-paragraph\">Les accords administratifs sur le patrimoine culturel, sign\u00e9s par le ministre de l'OCW, le Comit\u00e9 consultatif interprovincial (IPO) et l'Association des municipalit\u00e9s n\u00e9erlandaises (VNG), garantissent une bonne connexion entre les r\u00e9glementations et les programmes nationaux et le travail des municipalit\u00e9s et des provinces. Les nouveaux accords de coop\u00e9ration s'appuient sur les politiques pr\u00e9c\u00e9dentes et les renforcent si n\u00e9cessaire.<\/p>\n\n\n\n<p class=\"wp-block-paragraph\">Ministre Rianne Letschert (OCW) : <em>\u201cLe patrimoine relie les gens et nous rappelle qui nous sommes et d'o\u00f9 nous venons. C'est pr\u00e9cis\u00e9ment pour cette raison qu'il est tr\u00e8s important que les municipalit\u00e9s, les provinces et l'\u00c9tat agissent ensemble dans ce domaine. Ce n'est que gr\u00e2ce \u00e0 cette responsabilit\u00e9 partag\u00e9e que nous pourrons maintenir notre patrimoine en vie et le transmettre aux g\u00e9n\u00e9rations futures.\u201d<\/em><\/p>\n\n\n\n<p class=\"wp-block-paragraph\">Le d\u00e9l\u00e9gu\u00e9 Meindert Stolk, titulaire du portefeuille Patrimoine IPO :<em> ,Ce n'est qu'en agissant ensemble que nous pourrons prot\u00e9ger notre patrimoine culturel tout en le pr\u00e9parant pour l'avenir. Cela implique une vision moderne de la politique du patrimoine : ce n'est pas une chose en soi, mais elle est li\u00e9e \u00e0 d'autres t\u00e2ches sociales, telles que le logement, l'habitabilit\u00e9, la durabilit\u00e9 et le d\u00e9veloppement spatial. C'est ainsi que nous pourrons garantir que le patrimoine conserve sa valeur, aujourd'hui et demain.\u201d<\/em><\/p>\n\n\n\n<p class=\"wp-block-paragraph\">Natasja Groothuismink, conseill\u00e8re municipale, au nom de VNG : <em>,Les communes sont souvent les premiers interlocuteurs en mati\u00e8re de patrimoine et nous participons pour la premi\u00e8re fois aux accords administratifs. Cette nouvelle \u00e9tape renforce la coop\u00e9ration entre les municipalit\u00e9s, les provinces et l'\u00c9tat. Ensemble, nous jetterons ainsi des bases politiques solides et assurerons une protection durable de notre patrimoine\u201d.\u201d<\/em><\/p>\n\n\n\n<h2 class=\"wp-block-heading\"><strong>D\u00e9fis soci\u00e9taux\u00a0<\/strong><\/h2>\n\n\n\n<p class=\"wp-block-paragraph\">Les pr\u00e9c\u00e9dents accords administratifs sur le patrimoine datent de 2015 et n'\u00e9taient conclus qu'entre les provinces et l'\u00c9tat. Beaucoup de choses ont chang\u00e9 depuis. Les transitions spatiales, les grands projets de restauration, la pr\u00e9servation des monuments et le manque de capacit\u00e9 et d'expertise des municipalit\u00e9s et des provinces exigent une approche commune. Il est donc grand temps de conclure de nouveaux accords, cette fois-ci avec les municipalit\u00e9s \u00e0 la table.<\/p>\n\n\n\n<p class=\"wp-block-paragraph\">Les nouveaux accords portent sur quatre th\u00e8mes : la gestion du patrimoine dans les grandes transitions spatiales aux Pays-Bas, la pr\u00e9servation des monuments, le renforcement des connaissances et des capacit\u00e9s des municipalit\u00e9s et des provinces, et le bon fonctionnement du syst\u00e8me arch\u00e9ologique. Entre autres, les municipalit\u00e9s, les provinces et le gouvernement central mettent en place le programme commun \"Patrimoine et gouvernement\". Les gouvernements coordonnent \u00e9galement mieux leurs r\u00e9glementations en mati\u00e8re de conservation des monuments.<\/p>","protected":false},"excerpt":{"rendered":"<p>Nederland is rijk aan erfgoed. Van het Rotterdamse zomercarnaval tot Slot Loevestein, van het coulissenlandschap in de Achterhoek tot de scheepswrakken in de Waddenzee. Gemeenten, provincies en het Rijk hebben nieuwe bestuurlijke afspraken gemaakt om beter samen te werken op het gebied van erfgoed. Met deze afspraken willen de overheden de basis van het erfgoedbeleid [&hellip;]<\/p>\n","protected":false},"author":1255,"featured_media":0,"comment_status":"open","ping_status":"closed","sticky":false,"template":"","format":"standard","meta":{"_eb_attr":"","_themeisle_gutenberg_block_has_review":false,"_jetpack_newsletter_access":"","_jetpack_dont_email_post_to_subs":false,"_jetpack_newsletter_tier_id":0,"_jetpack_memberships_contains_paywalled_content":false,"_jetpack_feature_clip_id":0,"_jetpack_memberships_contains_paid_content":false,"activitypub_content_warning":"","activitypub_content_visibility":"","activitypub_max_image_attachments":3,"activitypub_interaction_policy_quote":"anyone","activitypub_status":"federated","footnotes":"","jetpack_publicize_message":"","jetpack_publicize_feature_enabled":true,"jetpack_social_post_already_shared":false,"jetpack_social_options":{"image_generator_settings":{"template":"highway","default_image_id":0,"font":"","enabled":false},"version":2},"jetpack_post_was_ever_published":false},"categories":[15614,10340,11917],"tags":[9041],"class_list":["post-112885","post","type-post","status-publish","format-standard","hentry","category-beleid","category-erfgoed","category-persberichten","tag-ministerie-van-ocw"],"featured_image_url":[],"post_author":"Ministerie van OCW","assigned_categories":"beleid, ERFGOED, PERSBERICHTEN","jetpack_publicize_connections":[],"jetpack-related-posts":[{"id":108426,"url":"https:\/\/cultureelpersbureau.nl\/fr\/2026\/05\/nieuwe-archiefwet-maakt-overheid-transparanter\/","url_meta":{"origin":112885,"position":0},"title":"La nouvelle loi sur les archives rend le gouvernement plus transparent","author":"Ministerie van OCW","date":"12 mai 2026","format":false,"excerpt":"Une nouvelle loi sur les archives, adapt\u00e9e \u00e0 l'\u00e8re num\u00e9rique, entrera en vigueur le 1er janvier 2027. La Premi\u00e8re Chambre a adopt\u00e9 cette loi le 12 mai 2026. Les pouvoirs publics disposeront d\u00e9sormais de dix ans, au lieu de vingt, pour transf\u00e9rer les informations importantes \u00e0 un service d'archives. Cela signifie que\u2026","rel":"","context":"Dans &quot;beleid&quot;","block_context":{"text":"beleid","link":"https:\/\/cultureelpersbureau.nl\/fr\/genre\/beleid\/"},"img":{"alt_text":"","src":"","width":0,"height":0},"classes":[]},{"id":125030,"url":"https:\/\/cultureelpersbureau.nl\/fr\/2026\/07\/een-nieuw-bijbeltje-van-wijn\/","url_meta":{"origin":112885,"position":1},"title":"Un nouveau petit livre de psaumes de vin","author":"Erik Akkermans","date":"8 juillet 2026","format":false,"excerpt":"Erik Akkermans critique l'ouvrage de Cor Wijn : \" Ce serait bien que les nouveaux arrivants se voient remettre ce petit guide de Wijn d\u00e8s leur arriv\u00e9e. Car ce sont surtout les deux premiers (des trois) tomes qui r\u00e9pondent \u00e0 l'objectif vis\u00e9 : transmettre des connaissances aux nouveaux arrivants. \"","rel":"","context":"Dans &quot;beleid&quot;","block_context":{"text":"beleid","link":"https:\/\/cultureelpersbureau.nl\/fr\/genre\/beleid\/"},"img":{"alt_text":"","src":"","width":0,"height":0},"classes":[]},{"id":100842,"url":"https:\/\/cultureelpersbureau.nl\/fr\/2026\/03\/immaterieel-erfgoed-in-de-schijnwerpers-voorselectie-unescolijst-bekend\/","url_meta":{"origin":112885,"position":2},"title":"Le patrimoine immat\u00e9riel \u00e0 l'honneur : annonce de la liste de pr\u00e9s\u00e9lection de l'Unesco","author":"een van onze leden","date":"6 mars 2026","format":false,"excerpt":"Ce soir, le Conseil de la Culture annoncera dans un avis quels patrimoines immat\u00e9riels ont de bonnes chances d'\u00eatre inscrits sur la ' Liste repr\u00e9sentative du patrimoine culturel immat\u00e9riel de l'humanit\u00e9 ' de l'UNESCO. Il s'agit d'un large \u00e9ventail de cinq ' \u00e9l\u00e9ments du patrimoine ' pratiqu\u00e9s aux Pays-Bas. Il appartient au nouveau\u2026","rel":"","context":"Dans &quot;beleid&quot;","block_context":{"text":"beleid","link":"https:\/\/cultureelpersbureau.nl\/fr\/genre\/beleid\/"},"img":{"alt_text":"","src":"https:\/\/i0.wp.com\/cultureelpersbureau.nl\/wp-content\/uploads\/2026\/03\/image-7.png?resize=350%2C200&ssl=1","width":350,"height":200,"srcset":"https:\/\/i0.wp.com\/cultureelpersbureau.nl\/wp-content\/uploads\/2026\/03\/image-7.png?resize=350%2C200&ssl=1 1x, https:\/\/i0.wp.com\/cultureelpersbureau.nl\/wp-content\/uploads\/2026\/03\/image-7.png?resize=525%2C300&ssl=1 1.5x"},"classes":[]},{"id":96084,"url":"https:\/\/cultureelpersbureau.nl\/fr\/2025\/01\/minister-bruins-sluit-cultuurconvenanten-met-medeoverheden-op-eurosonic-noorderslag\/","url_meta":{"origin":112885,"position":3},"title":"Le ministre Bruins signe des accords culturels avec d'autres gouvernements \u00e0 l'Eurosonic Noorderslag","author":"een van onze leden","date":"17 janvier 2025","format":false,"excerpt":"Minister Bruins (Onderwijs, Cultuur en Wetenschap) heeft in negen[1] cultuurconvenanten afspraken gemaakt met provincies, gemeenten en de cultuurregio\u2019s[2] voor de periode 2025-2028. Voor het eerst zijn alle twaalf provincies hierin vertegenwoordigd. In de convenanten staan afspraken tussen het ministerie en de medeoverheden, vanuit het gedeelde belang van cultuur, over de\u2026","rel":"","context":"Dans &quot;beleid&quot;","block_context":{"text":"beleid","link":"https:\/\/cultureelpersbureau.nl\/fr\/genre\/beleid\/"},"img":{"alt_text":"Logo van het ministerie van OCW","src":"https:\/\/i0.wp.com\/cultureelpersbureau.nl\/wp-content\/uploads\/2020\/05\/Logo_ministerie_OCW.svg_.png?resize=350%2C200&ssl=1","width":350,"height":200,"srcset":"https:\/\/i0.wp.com\/cultureelpersbureau.nl\/wp-content\/uploads\/2020\/05\/Logo_ministerie_OCW.svg_.png?resize=350%2C200&ssl=1 1x, https:\/\/i0.wp.com\/cultureelpersbureau.nl\/wp-content\/uploads\/2020\/05\/Logo_ministerie_OCW.svg_.png?resize=525%2C300&ssl=1 1.5x, https:\/\/i0.wp.com\/cultureelpersbureau.nl\/wp-content\/uploads\/2020\/05\/Logo_ministerie_OCW.svg_.png?resize=700%2C400&ssl=1 2x, https:\/\/i0.wp.com\/cultureelpersbureau.nl\/wp-content\/uploads\/2020\/05\/Logo_ministerie_OCW.svg_.png?resize=1050%2C600&ssl=1 3x"},"classes":[]},{"id":129907,"url":"https:\/\/cultureelpersbureau.nl\/fr\/2026\/07\/buitententoonstelling-samangat-moluks-in-amsterdam-vanaf-vandaag-geopend-op-de-kop-van-java-eiland\/","url_meta":{"origin":112885,"position":4},"title":"L'exposition en plein air \u2018 Samangat ! Les Moluquois \u00e0 Amsterdam \u2019 ouvre ses portes d\u00e8s aujourd'hui sur l'\u00eele de Kop van Java","author":"Amsterdam Museum","date":"30 juillet 2026","format":false,"excerpt":"Du 30 juillet au 22 octobre 2026 | Lieu : Kop van Java-eiland, Amsterdam | Entr\u00e9e gratuite. \u00c0 partir d'aujourd'hui, l'exposition en plein air \u00ab Samangat ! Les Moluquois \u00e0 Amsterdam \u00bb est officiellement ouverte au public. Le Mus\u00e9e d'Amsterdam et le Mus\u00e9e national de l'esclavage, en collaboration avec la municipalit\u00e9 d'Amsterdam, pr\u00e9sentent ainsi les histoires des Moluquois d'Amsterdam au\u2026","rel":"","context":"Dans &quot;ERFGOED&quot;","block_context":{"text":"ERFGOED","link":"https:\/\/cultureelpersbureau.nl\/fr\/genre\/erfgoed\/"},"img":{"alt_text":"","src":"","width":0,"height":0},"classes":[]},{"id":137055,"url":"https:\/\/cultureelpersbureau.nl\/fr\/2026\/09\/bouwwerkzaamheden-renovatie-amsterdam-museum-van-start\/","url_meta":{"origin":112885,"position":5},"title":"D\u00e9but des travaux de r\u00e9novation du Mus\u00e9e d'Amsterdam","author":"Amsterdam Museum","date":"3 septembre 2026","format":false,"excerpt":"AMSTERDAM, 3 september 2026 - Met de bevestiging van een beschermingsplaat rond de eeuwenoude Jan van Speijk-plaquette op de historische jongensbinnenplaats startten afgelopen donderdag 3 september de bouwwerkzaamheden voor de renovatie van het Amsterdam Museum. Het museum zal de komende jaren grondig worden gerenoveerd, waarbij het behouden van de monumentale\u2026","rel":"","context":"Dans &quot;beleid&quot;","block_context":{"text":"beleid","link":"https:\/\/cultureelpersbureau.nl\/fr\/genre\/beleid\/"},"img":{"alt_text":"","src":"","width":0,"height":0},"classes":[]}],"jetpack_shortlink":"https:\/\/wp.me\/p3yKke-tmJ","jetpack_sharing_enabled":true,"jetpack_featured_media_url":"","_links":{"self":[{"href":"https:\/\/cultureelpersbureau.nl\/fr\/wp-json\/wp\/v2\/posts\/112885","targetHints":{"allow":["GET"]}}],"collection":[{"href":"https:\/\/cultureelpersbureau.nl\/fr\/wp-json\/wp\/v2\/posts"}],"about":[{"href":"https:\/\/cultureelpersbureau.nl\/fr\/wp-json\/wp\/v2\/types\/post"}],"author":[{"embeddable":true,"href":"https:\/\/cultureelpersbureau.nl\/fr\/wp-json\/wp\/v2\/users\/1255"}],"replies":[{"embeddable":true,"href":"https:\/\/cultureelpersbureau.nl\/fr\/wp-json\/wp\/v2\/comments?post=112885"}],"version-history":[{"count":1,"href":"https:\/\/cultureelpersbureau.nl\/fr\/wp-json\/wp\/v2\/posts\/112885\/revisions"}],"predecessor-version":[{"id":112889,"href":"https:\/\/cultureelpersbureau.nl\/fr\/wp-json\/wp\/v2\/posts\/112885\/revisions\/112889"}],"wp:attachment":[{"href":"https:\/\/cultureelpersbureau.nl\/fr\/wp-json\/wp\/v2\/media?parent=112885"}],"wp:term":[{"taxonomy":"category","embeddable":true,"href":"https:\/\/cultureelpersbureau.nl\/fr\/wp-json\/wp\/v2\/categories?post=112885"},{"taxonomy":"post_tag","embeddable":true,"href":"https:\/\/cultureelpersbureau.nl\/fr\/wp-json\/wp\/v2\/tags?post=112885"}],"curies":[{"name":"wp","href":"https:\/\/api.w.org\/{rel}","templated":true}]}}