{"id":132526,"date":"2026-08-11T19:09:30","date_gmt":"2026-08-11T17:09:30","guid":{"rendered":"https:\/\/cultureelpersbureau.nl\/?p=132526"},"modified":"2026-08-11T19:09:32","modified_gmt":"2026-08-11T17:09:32","slug":"help-mee-achter-de-schermen-van-noorderzon","status":"publish","type":"post","link":"https:\/\/cultureelpersbureau.nl\/fr\/2026\/08\/help-mee-achter-de-schermen-van-noorderzon\/","title":{"rendered":"Venez nous aider dans les coulisses du festival Noorderzon"},"content":{"rendered":"<p class=\"wp-block-paragraph\">Dans une semaine et demie, le Noorderplantsoen redeviendra le c\u0153ur anim\u00e9 du festival Noorderzon. Noorderzon recherche encore des b\u00e9n\u00e9voles enthousiastes et des membres d'\u00e9quipe originaires de Groningue et des environs pour le festival lui-m\u00eame et le d\u00e9montage.<\/p>\n\n\n\n<p class=\"wp-block-paragraph\">De l'accompagnateur de public \u00e0 l'agent de circulation, du barman \u00e0 l'agent de billetterie : les opportunit\u00e9s ne manquent pas pour ceux qui souhaitent apporter leur contribution au plus grand festival artistique et culturel du nord des Pays-Bas. Il y a \u00e9galement de la place pour les personnes sans exp\u00e9rience dans le domaine des festivals.<\/p>\n\n\n\n<p class=\"wp-block-paragraph\">\u201c Un festival comme Noorderzon, on le construit tous ensemble \u201d, explique Thuja Martens, coordinatrice des b\u00e9n\u00e9voles. \u201c Chaque ann\u00e9e, des centaines de b\u00e9n\u00e9voles s\u2019investissent pour offrir aux visiteurs une exp\u00e9rience exceptionnelle. En m\u00eame temps, on noue des amiti\u00e9s, on fait connaissance avec d\u2019autres personnes et on d\u00e9couvre les coulisses du festival d\u2019une mani\u00e8re unique. \u201d<\/p>\n\n\n\n<p class=\"wp-block-paragraph\">Noorderzon recherche notamment des agents de circulation, des accompagnateurs de public, des serveurs et des coursier pour la restauration, ainsi que des b\u00e9n\u00e9voles pour l'\u00e9quipe de d\u00e9coration. Une indemnit\u00e9 de b\u00e9n\u00e9volat est pr\u00e9vue pour certains postes.<\/p>\n\n\n\n<p class=\"wp-block-paragraph\">Noorderzon tient \u00e0 ce que chacun se sente le bienvenu. Nous prenons en compte les talents, l'exp\u00e9rience et la disponibilit\u00e9 de chacun. Que vous souhaitiez donner un coup de main pendant quelques jours ou que vous recherchiez des responsabilit\u00e9s plus importantes, il y a un r\u00f4le adapt\u00e9 \u00e0 presque tout le monde.<\/p>\n\n\n\n<p class=\"wp-block-paragraph\"><div class=\"su-note\"  style=\"border-color:#e5e54c;border-radius:3px;-moz-border-radius:3px;-webkit-border-radius:3px;\"><div class=\"su-note-inner su-u-clearfix su-u-trim\" style=\"background-color:#FFFF66;border-color:#ffffff;color:#333333;border-radius:3px;-moz-border-radius:3px;-webkit-border-radius:3px;\">Noorderzon se d\u00e9roule du 20 au 30 ao\u00fbt ! Venez nous donner un coup de main et participez \u00e0 Noorderzon ! Inscrivez-vous via <a href=\"https:\/\/www.noorderzon.nl\">www.noorderzon.nl !<\/a><\/div><\/div>","protected":false},"excerpt":{"rendered":"<p>Over anderhalve week verandert het Noorderplantsoen opnieuw in het bruisende hart van Noorderzon. Voor het festival zelf en de afbouw zoekt Noorderzon nog enthousiaste vrijwilligers en crewleden uit Groningen en omgeving. Van publieksbegeleider tot verkeersbegeleider, van tapper tot medewerker ticketverkoop: er zijn volop mogelijkheden voor mensen die graag een bijdrage willen leveren aan het grootste [&hellip;]<\/p>\n","protected":false},"author":1298,"featured_media":0,"comment_status":"open","ping_status":"closed","sticky":false,"template":"","format":"standard","meta":{"_eb_attr":"","_themeisle_gutenberg_block_has_review":false,"_jetpack_newsletter_access":"","_jetpack_dont_email_post_to_subs":false,"_jetpack_newsletter_tier_id":0,"_jetpack_memberships_contains_paywalled_content":false,"_jetpack_feature_clip_id":0,"_jetpack_memberships_contains_paid_content":false,"activitypub_content_warning":"","activitypub_content_visibility":"","activitypub_max_image_attachments":3,"activitypub_interaction_policy_quote":"anyone","activitypub_status":"federated","footnotes":"","jetpack_publicize_message":"","jetpack_publicize_feature_enabled":true,"jetpack_social_post_already_shared":false,"jetpack_social_options":{"image_generator_settings":{"template":"highway","default_image_id":0,"font":"","enabled":false},"version":2},"jetpack_post_was_ever_published":false},"categories":[11917,8843],"tags":[5744,4867,16582],"class_list":["post-132526","post","type-post","status-publish","format-standard","hentry","category-persberichten","category-podiumkunst","tag-groningen","tag-noorderzon","tag-vrijwilligers"],"featured_image_url":[],"post_author":"Noorderzon Festival","assigned_categories":"PERSBERICHTEN, PODIUMKUNST","jetpack_publicize_connections":[],"jetpack-related-posts":[{"id":90844,"url":"https:\/\/cultureelpersbureau.nl\/fr\/2023\/06\/streamingdiensten-gaan-5-omzet-investeren-in-nederlandse-producties\/","url_meta":{"origin":132526,"position":0},"title":"Les services de streaming vont investir 5% de chiffre d'affaires dans les productions n\u00e9erlandaises","author":"een van onze leden","date":"6 juin 2023","format":false,"excerpt":"Les principaux services de streaming op\u00e9rant aux Pays-Bas commenceront \u00e0 investir 5% de leur chiffre d'affaires annuel n\u00e9erlandais dans des productions n\u00e9erlandaises. La Chambre des repr\u00e9sentants a approuv\u00e9 un projet de loi du secr\u00e9taire d'\u00c9tat Gunay Uslu (Culture et m\u00e9dias). Gr\u00e2ce \u00e0 cet investissement, plus d'argent sera disponible pour r\u00e9aliser des offres n\u00e9erlandaises.","rel":"","context":"Dans &quot;beleid&quot;","block_context":{"text":"beleid","link":"https:\/\/cultureelpersbureau.nl\/fr\/genre\/beleid\/"},"img":{"alt_text":"Logo van het ministerie van OCW","src":"https:\/\/i0.wp.com\/cultureelpersbureau.nl\/wp-content\/uploads\/2020\/05\/Logo_ministerie_OCW.svg_.png?resize=350%2C200&ssl=1","width":350,"height":200,"srcset":"https:\/\/i0.wp.com\/cultureelpersbureau.nl\/wp-content\/uploads\/2020\/05\/Logo_ministerie_OCW.svg_.png?resize=350%2C200&ssl=1 1x, https:\/\/i0.wp.com\/cultureelpersbureau.nl\/wp-content\/uploads\/2020\/05\/Logo_ministerie_OCW.svg_.png?resize=525%2C300&ssl=1 1.5x, https:\/\/i0.wp.com\/cultureelpersbureau.nl\/wp-content\/uploads\/2020\/05\/Logo_ministerie_OCW.svg_.png?resize=700%2C400&ssl=1 2x, https:\/\/i0.wp.com\/cultureelpersbureau.nl\/wp-content\/uploads\/2020\/05\/Logo_ministerie_OCW.svg_.png?resize=1050%2C600&ssl=1 3x"},"classes":[]},{"id":90533,"url":"https:\/\/cultureelpersbureau.nl\/fr\/2023\/04\/stairway-to-music-scala-for-ernestine-zaterdag-27-mei\/","url_meta":{"origin":132526,"position":1},"title":"Stairway to Music - Scala pour Ernestine - samedi 27 mai","author":"een van onze leden","date":"26 avril 2023","format":false,"excerpt":"Stairway to Music, un programme d'Asko|Sch\u00f6nberg et du Muziekgebouw, est une exp\u00e9rience d'\u00e9coute intime d'environ 45 minutes sur les marches du Muziekgebouw. Cette fois-ci, le programme a \u00e9galement une touche personnelle. La harpiste Ernestine Stoop fait ses adieux \u00e0 Asko|Sch\u00f6nberg apr\u00e8s plus de 40 ans et a rassembl\u00e9...","rel":"","context":"Dans &quot;MUZIEK&quot;","block_context":{"text":"MUZIEK","link":"https:\/\/cultureelpersbureau.nl\/fr\/genre\/podiumkunst\/muziek-podiumkunst-2\/"},"img":{"alt_text":"Ernestine Stoop - beeld geleverd door Asko|Sch\u00f6nberg","src":"https:\/\/i0.wp.com\/cultureelpersbureau.nl\/wp-content\/uploads\/2023\/04\/image002.png?resize=350%2C200&ssl=1","width":350,"height":200,"srcset":"https:\/\/i0.wp.com\/cultureelpersbureau.nl\/wp-content\/uploads\/2023\/04\/image002.png?resize=350%2C200&ssl=1 1x, https:\/\/i0.wp.com\/cultureelpersbureau.nl\/wp-content\/uploads\/2023\/04\/image002.png?resize=525%2C300&ssl=1 1.5x, https:\/\/i0.wp.com\/cultureelpersbureau.nl\/wp-content\/uploads\/2023\/04\/image002.png?resize=700%2C400&ssl=1 2x"},"classes":[]},{"id":43577,"url":"https:\/\/cultureelpersbureau.nl\/fr\/2017\/01\/salena-godden-this-city-is-a-pigeon-hobbling-with-one-mangled-foot\/","url_meta":{"origin":132526,"position":2},"title":"Salena Godden : \"Cette ville est un pigeon qui boitille avec une seule patte mutil\u00e9e\".","author":"A Quattro Mani","date":"22 janvier 2017","format":false,"excerpt":"Ce samedi, lors du festival Winternachten, sept \u00e9crivains ont racont\u00e9 leur histoire sur leur \u2018 ville secr\u00e8te \u2019. Mircea Cartarescu, Rodigro Hasb\u00fan, Hanna Bervoets, Piotr Ibrahim Kalwas, Olga Grjasnowa, Maarten van der Graaff et Salena Godden ont \u00e9crit sur la ville qu\u2019ils ne voient pas lorsqu\u2019ils franchissent le seuil de leur porte, mais qu\u2019ils d\u00e9couvrent une fois dans\u2026","rel":"","context":"Dans &quot;Alleen voor leden&quot;","block_context":{"text":"Alleen voor leden","link":"https:\/\/cultureelpersbureau.nl\/fr\/genre\/service\/members-only\/"},"img":{"alt_text":"","src":"https:\/\/i0.wp.com\/cultureelpersbureau.nl\/wp-content\/uploads\/2017\/01\/Salena-Godden-MR-%C2%A9Marc-Brester-2.jpg?resize=350%2C200&ssl=1","width":350,"height":200,"srcset":"https:\/\/i0.wp.com\/cultureelpersbureau.nl\/wp-content\/uploads\/2017\/01\/Salena-Godden-MR-%C2%A9Marc-Brester-2.jpg?resize=350%2C200&ssl=1 1x, https:\/\/i0.wp.com\/cultureelpersbureau.nl\/wp-content\/uploads\/2017\/01\/Salena-Godden-MR-%C2%A9Marc-Brester-2.jpg?resize=525%2C300&ssl=1 1.5x, https:\/\/i0.wp.com\/cultureelpersbureau.nl\/wp-content\/uploads\/2017\/01\/Salena-Godden-MR-%C2%A9Marc-Brester-2.jpg?resize=700%2C400&ssl=1 2x, https:\/\/i0.wp.com\/cultureelpersbureau.nl\/wp-content\/uploads\/2017\/01\/Salena-Godden-MR-%C2%A9Marc-Brester-2.jpg?resize=1050%2C600&ssl=1 3x"},"classes":[]},{"id":9283,"url":"https:\/\/cultureelpersbureau.nl\/fr\/2012\/06\/shara-worden-speaks-about-all-things-will-unwind-and-sings-a-new-song-hf12\/","url_meta":{"origin":132526,"position":3},"title":"#hf12 Shara Worden parle de Tout se d\u00e9nouera. Et chante une nouvelle chanson","author":"Dani\u00ebl Bertina","date":"16 juin 2012","format":false,"excerpt":"La multi-instrumentiste et auteur-compositeur-interpr\u00e8te Shara Worden - \u00e9galement connue sous le nom de My Brightest Diamond - m'attend, arm\u00e9e de son ukul\u00e9l\u00e9. Juste avant l'entretien, elle a \u00e9crit une nouvelle chanson. Worden s'amuse : \"Il y a beaucoup trop de vid\u00e9os sur Internet o\u00f9 l'on me voit jouer les m\u00eames chansons encore et encore. I...","rel":"","context":"Dans &quot;Alleen voor leden&quot;","block_context":{"text":"Alleen voor leden","link":"https:\/\/cultureelpersbureau.nl\/fr\/genre\/service\/members-only\/"},"img":{"alt_text":"","src":"https:\/\/i0.wp.com\/cultureelpersbureau.nl\/wp-content\/uploads\/2012\/06\/Shara-Worden_3-%C2%A9-Denny-Renshaw.png?resize=350%2C200&ssl=1","width":350,"height":200,"srcset":"https:\/\/i0.wp.com\/cultureelpersbureau.nl\/wp-content\/uploads\/2012\/06\/Shara-Worden_3-%C2%A9-Denny-Renshaw.png?resize=350%2C200&ssl=1 1x, https:\/\/i0.wp.com\/cultureelpersbureau.nl\/wp-content\/uploads\/2012\/06\/Shara-Worden_3-%C2%A9-Denny-Renshaw.png?resize=525%2C300&ssl=1 1.5x, https:\/\/i0.wp.com\/cultureelpersbureau.nl\/wp-content\/uploads\/2012\/06\/Shara-Worden_3-%C2%A9-Denny-Renshaw.png?resize=700%2C400&ssl=1 2x, https:\/\/i0.wp.com\/cultureelpersbureau.nl\/wp-content\/uploads\/2012\/06\/Shara-Worden_3-%C2%A9-Denny-Renshaw.png?resize=1050%2C600&ssl=1 3x, https:\/\/i0.wp.com\/cultureelpersbureau.nl\/wp-content\/uploads\/2012\/06\/Shara-Worden_3-%C2%A9-Denny-Renshaw.png?resize=1400%2C800&ssl=1 4x"},"classes":[]},{"id":19297,"url":"https:\/\/cultureelpersbureau.nl\/fr\/2015\/01\/another-black-day-for-independent-journalism\/","url_meta":{"origin":132526,"position":4},"title":"Un autre jour noir pour le journalisme ind\u00e9pendant","author":"Thea Derks","date":"8 janvier 2015","format":false,"excerpt":"Apr\u00e8s l'attaque brutale contre le personnel de l'hebdomadaire satirique fran\u00e7ais Charlie Hebdo \u00e0 Paris hier, les journalistes, les caricaturistes, les politiciens et le grand public se sont mobilis\u00e9s dans le monde entier pour d\u00e9fendre la libert\u00e9 d'expression. De nombreuses unes des journaux d'aujourd'hui ont montr\u00e9 les caricatures pour lesquelles le r\u00e9dacteur en chef Charb (St\u00e9phane Charbonnier) et...","rel":"","context":"Dans &quot;ACTUEEL&quot;","block_context":{"text":"ACTUEEL","link":"https:\/\/cultureelpersbureau.nl\/fr\/genre\/nieuws\/"},"img":{"alt_text":"tirannen","src":"https:\/\/i0.wp.com\/cultureelpersbureau.nl\/\/wp-content\/uploads\/2015\/01\/tirannen1.jpg?resize=350%2C200&ssl=1","width":350,"height":200},"classes":[]},{"id":35563,"url":"https:\/\/cultureelpersbureau.nl\/fr\/2016\/06\/today-i-feel-more-european-than-ever-global-citizenship-post-brexit\/","url_meta":{"origin":132526,"position":5},"title":"Nicolas Mansfield : Aujourd'hui, je me sens plus europ\u00e9en que jamais. #Brexit","author":"Nicolas Mansfield","date":"25 juin 2016","format":false,"excerpt":"24 juin 2016 . Quelle journ\u00e9e ! Je l'ai pass\u00e9e au minist\u00e8re n\u00e9erlandais de l'\u00c9ducation, de la Culture et des Sciences, \u00e0 La Haye. Parlant avec des fonctionnaires des r\u00e9alisations, des plans, des d\u00e9fis et des r\u00eaves de l'Op\u00e9ra national itin\u00e9rant n\u00e9erlandais. Le tout dans l'ombre de quelque chose que j'ai du mal \u00e0 traiter.","rel":"","context":"Dans &quot;ACTUEEL&quot;","block_context":{"text":"ACTUEEL","link":"https:\/\/cultureelpersbureau.nl\/fr\/genre\/nieuws\/"},"img":{"alt_text":"","src":"","width":0,"height":0},"classes":[]}],"jetpack_shortlink":"https:\/\/wp.me\/p3yKke-ytw","jetpack_sharing_enabled":true,"jetpack_featured_media_url":"","_links":{"self":[{"href":"https:\/\/cultureelpersbureau.nl\/fr\/wp-json\/wp\/v2\/posts\/132526","targetHints":{"allow":["GET"]}}],"collection":[{"href":"https:\/\/cultureelpersbureau.nl\/fr\/wp-json\/wp\/v2\/posts"}],"about":[{"href":"https:\/\/cultureelpersbureau.nl\/fr\/wp-json\/wp\/v2\/types\/post"}],"author":[{"embeddable":true,"href":"https:\/\/cultureelpersbureau.nl\/fr\/wp-json\/wp\/v2\/users\/1298"}],"replies":[{"embeddable":true,"href":"https:\/\/cultureelpersbureau.nl\/fr\/wp-json\/wp\/v2\/comments?post=132526"}],"version-history":[{"count":2,"href":"https:\/\/cultureelpersbureau.nl\/fr\/wp-json\/wp\/v2\/posts\/132526\/revisions"}],"predecessor-version":[{"id":132539,"href":"https:\/\/cultureelpersbureau.nl\/fr\/wp-json\/wp\/v2\/posts\/132526\/revisions\/132539"}],"wp:attachment":[{"href":"https:\/\/cultureelpersbureau.nl\/fr\/wp-json\/wp\/v2\/media?parent=132526"}],"wp:term":[{"taxonomy":"category","embeddable":true,"href":"https:\/\/cultureelpersbureau.nl\/fr\/wp-json\/wp\/v2\/categories?post=132526"},{"taxonomy":"post_tag","embeddable":true,"href":"https:\/\/cultureelpersbureau.nl\/fr\/wp-json\/wp\/v2\/tags?post=132526"}],"curies":[{"name":"wp","href":"https:\/\/api.w.org\/{rel}","templated":true}]}}