{"id":133524,"date":"2026-08-16T11:40:08","date_gmt":"2026-08-16T09:40:08","guid":{"rendered":"https:\/\/cultureelpersbureau.nl\/?p=133524"},"modified":"2026-08-19T11:02:56","modified_gmt":"2026-08-19T09:02:56","slug":"andre-manuel-vindt-zijn-volk-op-een-twentse-boerderij","status":"publish","type":"post","link":"https:\/\/cultureelpersbureau.nl\/fr\/2026\/08\/andre-manuel-vindt-zijn-volk-op-een-twentse-boerderij\/","title":{"rendered":"Andr\u00e9 Manuel retrouve les siens dans une ferme de la r\u00e9gion de Twente"},"content":{"rendered":"<p class=\"wp-block-paragraph\">Et puis, tout \u00e0 coup, on se retrouve dans le \u2018 club des 27 \u2019. \u00ab Live fast, die young \u00bb, mais \u00e0 un rythme tellement effr\u00e9n\u00e9 qu\u2019on vieillit avant m\u00eame de s\u2019en rendre compte. Aujourd\u2019hui, Andr\u00e9 Manuel a plus de deux fois l\u2019\u00e2ge de Jim Morrison, Elvis Costello et Amy Winehouse, ces h\u00e9ros de jeunesse qui n\u2019ont jamais d\u00e9pass\u00e9 les 27 ans. Il suffit de boire, de se droguer et de fumer \u00e0 outrance pour devenir automatiquement une l\u00e9gende. \u00c0 moins de survivre et de vieillir. En vie, mais plus aussi en vogue qu\u2019avant.<\/p>\n\n\n\n<p class=\"wp-block-paragraph\">Pour Andr\u00e9 Manuel, le rockeur pur et dur, le sexe, l'alcool et la drogue faisaient partie int\u00e9grante de sa vie de rockeur, mais aujourd'hui, plus triste, plus sage et sobre, il souhaite avant tout vivre. Le spectacle \u2018 Volksheil \u2019, inspir\u00e9 de l\u2019album \u00e9ponyme enregistr\u00e9 avec son groupe actuel, Dancing Dollekamp, est un moment de r\u00e9flexion.<\/p>\n\n\n\n<p class=\"wp-block-paragraph\">Nous assistons au concert en compagnie d\u2019un peu moins de 160 personnes qui se sont retrouv\u00e9es dans la cour de la ferme Hof Kagelink, situ\u00e9e dans les campagnes entre Goor et Diepenheim. Le d\u00e9cor, compos\u00e9 de toiles peintes, flotte dans la fra\u00eecheur surprenante de cette soir\u00e9e d'\u00e9t\u00e9, avec en toile de fond le c\u00e9l\u00e8bre paysage de coulisses de la r\u00e9gion de Twente.<\/p>\n\n\n\n<h2 class=\"wp-block-heading\">Petit par choix<\/h2>\n\n\n\n<p class=\"wp-block-paragraph\">\u00ab Volksheil \u00bb n\u2019a pas fait l\u2019objet d\u2019une grande annonce. Andr\u00e9 Manuel souhaite d\u00e9lib\u00e9r\u00e9ment garder un format intimiste, en restant autant que possible \u00ab analogique \u00bb, loin de la foule et surtout loin du grand public. Car il en a un peu marre de ce grand public. \u00c0 plusieurs reprises, ses prestations en tant qu\u2019humoriste ont suscit\u00e9 la controverse, notamment lors d\u2019un spectacle particuli\u00e8rement remarqu\u00e9 \u00e0 l\u2019occasion de la F\u00eate du Roi \u00e0 Diepenheim.<\/p>\n\n\n\n<p class=\"wp-block-paragraph\">Son p\u00e9nis qui se balan\u00e7ait dans tous les sens n'a pas \u00e9t\u00e9 appr\u00e9ci\u00e9 par tous les membres de l'association locale des supporters de l'\u00e9quipe nationale n\u00e9erlandaise, mais heureusement, Manuel peut aujourd'hui, des ann\u00e9es plus tard, en parler avec recul. Tout comme il peut exprimer son admiration pour la fougue de Raymond van het Groenewoud, qui, en son temps, osait encore crier son amour haut et fort. Et qui a plus de 27 ans.<\/p>\n\n\n\n<h2 class=\"wp-block-heading\">Mieux que l'original<\/h2>\n\n\n\n<p class=\"wp-block-paragraph\">C\u2019est pourquoi Manuel ne qualifie pas seulement pour plaisanter son groupe actuel, Dancing Dollekamp, de \u2018 groupe hommage \u2019 \u00e0 Dancing Dollekamp. Les groupes hommage se vendent mieux que leurs mod\u00e8les. Mais l\u2019original reste lui aussi tr\u00e8s appr\u00e9ci\u00e9, surtout dans les environs o\u00f9 nous nous trouvons actuellement : la ferme Hof Kagelink. Au milieu de nulle part. On y per\u00e7oit clairement l\u2019influence du blues rock des ann\u00e9es 70, dont Van het Groenewoud est l\u2019un des repr\u00e9sentants.<\/p>\n\n\n\n<p class=\"wp-block-paragraph\">Survivre \u00e0 ses 27 premi\u00e8res ann\u00e9es sans devenir une star mondiale peut conduire \u00e0 un comportement de vieux grincheux. Le risque est grand, mais Andr\u00e9 Manuel reste plut\u00f4t en forme. Il a tout simplement trop envie de profiter de la vie pour se mettre \u00e0 r\u00e2ler d\u00e8s maintenant. De plus, il est trop heureux d\u2019\u00eatre un \u00ab Tukker \u00bb, m\u00eame si le bus ne passe qu\u2019une fois par jour, que les villages sont d\u00e9serts \u00e0 23 heures le samedi soir et que les drapeaux sont, une fois de plus, accroch\u00e9s \u00e0 l\u2019envers.<\/p>\n\n\n\n<p class=\"wp-block-paragraph\">La remarque la plus controvers\u00e9e d'Andr\u00e9 Manuel a \u00e9t\u00e9 qu'il y avait heureusement encore, \u00e0 Twente, des gens qui se montraient accueillants envers les \u00e9trangers. Tous les participants n'ont pas r\u00e9agi \u00e0 cette remarque avec le m\u00eame enthousiasme.<\/p>\n\n\n\n<p class=\"wp-block-paragraph\"><div class=\"su-note\"  style=\"border-color:#e5e54c;border-radius:3px;-moz-border-radius:3px;-webkit-border-radius:3px;\"><div class=\"su-note-inner su-u-clearfix su-u-trim\" style=\"background-color:#FFFF66;border-color:#ffffff;color:#333333;border-radius:3px;-moz-border-radius:3px;-webkit-border-radius:3px;\">J'ai assist\u00e9 \u00e0 la repr\u00e9sentation de \u00ab Volksheil \u00bb d'Andr\u00e9 Manuel et \u00ab Dancing Dollekamp \u00bb \u00e0 la ferme Hof Kagelink \u00e0 Diepenheim. Un \u00e9v\u00e9nement rendu possible gr\u00e2ce \u00e0 la Fondation Theaterproducties Twente. Renseignements. <\/div><\/div>","protected":false},"excerpt":{"rendered":"<p>En dan heb je opeens de club van 27 ingehaald. &#8216;Live fast, die young&#8217; maar dan zo fast da je oud bent voor je het weet. Inmiddels is Andr\u00e9 Manuel meer dan twee keer zo oud als Jim Morrison, Elvis Costello en Amy Winehouse, jeugdhelden die nooit ouder werden dan 27. Als je maar genoeg [&hellip;]<\/p>\n","protected":false},"author":4,"featured_media":0,"comment_status":"open","ping_status":"closed","sticky":false,"template":"","format":"standard","meta":{"_eb_attr":"","_themeisle_gutenberg_block_has_review":false,"_jetpack_newsletter_access":"","_jetpack_dont_email_post_to_subs":false,"_jetpack_newsletter_tier_id":0,"_jetpack_memberships_contains_paywalled_content":false,"_jetpack_feature_clip_id":0,"_jetpack_memberships_contains_paid_content":false,"activitypub_content_warning":"","activitypub_content_visibility":"","activitypub_max_image_attachments":3,"activitypub_interaction_policy_quote":"anyone","activitypub_status":"federated","footnotes":"","jetpack_publicize_message":"","jetpack_publicize_feature_enabled":true,"jetpack_social_post_already_shared":false,"jetpack_social_options":{"image_generator_settings":{"template":"highway","default_image_id":0,"font":"","enabled":false},"version":2},"jetpack_post_was_ever_published":false},"categories":[16518,4760,8843,4759,11687],"tags":[58,14854],"class_list":["post-133524","post","type-post","status-publish","format-standard","hentry","category-featured","category-muziek-podiumkunst-2","category-podiumkunst","category-theater-podiumkunst-2","category-donatie-gevraagd","tag-recensie","tag-twente"],"featured_image_url":[],"post_author":"Wijbrand Schaap","assigned_categories":"featured, MUZIEK, PODIUMKUNST, THEATER, WAARDEER &amp; DONEER!","jetpack_publicize_connections":[],"jetpack-related-posts":[{"id":38085,"url":"https:\/\/cultureelpersbureau.nl\/fr\/2016\/08\/andre-manuel-en-duke-vakmanschap-hoogste-orde-op-tfboulevard\/","url_meta":{"origin":133524,"position":0},"title":"Andr\u00e9 Manuel et Ben Duke : l'artisanat au plus haut niveau sur #tfboulevard","author":"Wijbrand Schaap","date":"11 ao\u00fbt 2016","format":false,"excerpt":"De beste in je vak zijn, en dan niet in \u00e9\u00e9n vak, maar in een stuk of drie. Ook dat is wat een kunstenaar kunstenaar maakt. Ben Duke is een groot kunstenaar. Hij is een begaafd danser, een fenomenaal acteur en cum laude afgestudeerd in de Engelse literatuur. Logisch dus\u2026","rel":"","context":"Dans &quot;ACTUEEL&quot;","block_context":{"text":"ACTUEEL","link":"https:\/\/cultureelpersbureau.nl\/fr\/genre\/nieuws\/"},"img":{"alt_text":"","src":"https:\/\/i0.wp.com\/cultureelpersbureau.nl\/wp-content\/uploads\/2016\/08\/lost-dog-credit-zoemanders-01-e1439895195723.jpg?resize=350%2C200&ssl=1","width":350,"height":200,"srcset":"https:\/\/i0.wp.com\/cultureelpersbureau.nl\/wp-content\/uploads\/2016\/08\/lost-dog-credit-zoemanders-01-e1439895195723.jpg?resize=350%2C200&ssl=1 1x, https:\/\/i0.wp.com\/cultureelpersbureau.nl\/wp-content\/uploads\/2016\/08\/lost-dog-credit-zoemanders-01-e1439895195723.jpg?resize=525%2C300&ssl=1 1.5x, https:\/\/i0.wp.com\/cultureelpersbureau.nl\/wp-content\/uploads\/2016\/08\/lost-dog-credit-zoemanders-01-e1439895195723.jpg?resize=700%2C400&ssl=1 2x, https:\/\/i0.wp.com\/cultureelpersbureau.nl\/wp-content\/uploads\/2016\/08\/lost-dog-credit-zoemanders-01-e1439895195723.jpg?resize=1050%2C600&ssl=1 3x, https:\/\/i0.wp.com\/cultureelpersbureau.nl\/wp-content\/uploads\/2016\/08\/lost-dog-credit-zoemanders-01-e1439895195723.jpg?resize=1400%2C800&ssl=1 4x"},"classes":[]},{"id":88040,"url":"https:\/\/cultureelpersbureau.nl\/fr\/2022\/09\/ik-was-in-het-land-van-sander-schimmelpenninck-en-zag-niet-alleen-maar-fascisten\/","url_meta":{"origin":133524,"position":1},"title":"J'\u00e9tais dans le pays de Sander Schimmelpenninck et je n'ai pas seulement vu des fascistes.","author":"Wijbrand Schaap","date":"13 septembre 2022","format":false,"excerpt":"Depuis quelques ann\u00e9es, Almelo s'est fait conna\u00eetre gr\u00e2ce au th\u00e9\u00e2tre. Jeudi, je suis all\u00e9 voir \u00ab Van Katoen en Water \u00bb, un spectacle en plein air ponctu\u00e9 d\u2019une averse qui tombait \u00e0 point nomm\u00e9 et d\u2019un lever de pleine lune comme on ne peut en voir que dans le c\u0153ur anciennement industriel, presque gentrifi\u00e9, de la ville la plus pauvre de la r\u00e9gion de Twente. Avant le spectacle\u2026","rel":"","context":"Dans &quot;ACTUEEL&quot;","block_context":{"text":"ACTUEEL","link":"https:\/\/cultureelpersbureau.nl\/fr\/genre\/nieuws\/"},"img":{"alt_text":"","src":"https:\/\/i0.wp.com\/cultureelpersbureau.nl\/wp-content\/uploads\/2022\/09\/20220908_195347-scaled.jpg?resize=350%2C200&ssl=1","width":350,"height":200,"srcset":"https:\/\/i0.wp.com\/cultureelpersbureau.nl\/wp-content\/uploads\/2022\/09\/20220908_195347-scaled.jpg?resize=350%2C200&ssl=1 1x, https:\/\/i0.wp.com\/cultureelpersbureau.nl\/wp-content\/uploads\/2022\/09\/20220908_195347-scaled.jpg?resize=525%2C300&ssl=1 1.5x, https:\/\/i0.wp.com\/cultureelpersbureau.nl\/wp-content\/uploads\/2022\/09\/20220908_195347-scaled.jpg?resize=700%2C400&ssl=1 2x, https:\/\/i0.wp.com\/cultureelpersbureau.nl\/wp-content\/uploads\/2022\/09\/20220908_195347-scaled.jpg?resize=1050%2C600&ssl=1 3x, https:\/\/i0.wp.com\/cultureelpersbureau.nl\/wp-content\/uploads\/2022\/09\/20220908_195347-scaled.jpg?resize=1400%2C800&ssl=1 4x"},"classes":[]},{"id":35752,"url":"https:\/\/cultureelpersbureau.nl\/fr\/2016\/06\/boulevard-bosch-avignon-berlijn-nederland\/","url_meta":{"origin":133524,"position":2},"title":"Festival de th\u00e9\u00e2tre Boulevard : pas l'Avignon, mais le Berlin des Pays-Bas ?","author":"Wijbrand Schaap","date":"30 juin 2016","format":false,"excerpt":"Er zijn veel redenen om niet op vakantie te gaan. Het kost geld, je komt gestresster terug dan je ging, het eten deugt niet, het kost tonnen CO2 en het vergroot het onderlinge begrip tussen landen ook al niet. Reden genoeg dus, om gewoon hier te blijven en van de\u2026","rel":"","context":"Dans &quot;ACTUEEL&quot;","block_context":{"text":"ACTUEEL","link":"https:\/\/cultureelpersbureau.nl\/fr\/genre\/nieuws\/"},"img":{"alt_text":"Theaterfestival Boulevard","src":"https:\/\/i0.wp.com\/cultureelpersbureau.nl\/wp-content\/uploads\/2016\/06\/info-voor-pers-1024-1024.jpg?resize=350%2C200&ssl=1","width":350,"height":200,"srcset":"https:\/\/i0.wp.com\/cultureelpersbureau.nl\/wp-content\/uploads\/2016\/06\/info-voor-pers-1024-1024.jpg?resize=350%2C200&ssl=1 1x, https:\/\/i0.wp.com\/cultureelpersbureau.nl\/wp-content\/uploads\/2016\/06\/info-voor-pers-1024-1024.jpg?resize=525%2C300&ssl=1 1.5x, https:\/\/i0.wp.com\/cultureelpersbureau.nl\/wp-content\/uploads\/2016\/06\/info-voor-pers-1024-1024.jpg?resize=700%2C400&ssl=1 2x"},"classes":[]},{"id":89611,"url":"https:\/\/cultureelpersbureau.nl\/fr\/2023\/02\/een-meditatie-over-schoonheid-vreugde-en-dankbaarheid-manuel-vilas-gaat-verder-waar-hij-met-ordesa-was-gebleven\/","url_meta":{"origin":133524,"position":3},"title":"Une m\u00e9ditation sur la beaut\u00e9, la joie et la gratitude. Manuel Vilas reprend l\u00e0 o\u00f9 il s'\u00e9tait arr\u00eat\u00e9 avec \"Ordesa","author":"A Quattro Mani","date":"25 f\u00e9vrier 2023","format":false,"excerpt":"Dans Joy, la suite du best-seller Ordesa de Manuel Vila, le protagoniste est \u00e0 la recherche de lui-m\u00eame et de petites \u00e9tincelles de joie. Dans son existence plut\u00f4t st\u00e9rile et difficile, ce n'est pas encore facile. Le sentiment a d\u00fb \u00eatre double. Avec son roman personnel Ordesa (publi\u00e9 en 2018, une histoire...","rel":"","context":"Dans &quot;LITERAIR&quot;","block_context":{"text":"LITERAIR","link":"https:\/\/cultureelpersbureau.nl\/fr\/genre\/literatuur-2\/"},"img":{"alt_text":"","src":"https:\/\/i0.wp.com\/cultureelpersbureau.nl\/wp-content\/uploads\/2023\/02\/Manuel-VIlas-en-Cordoba-Octubre-2020-en-alta-c-Alex-Gallegos-.jpg?resize=350%2C200&ssl=1","width":350,"height":200,"srcset":"https:\/\/i0.wp.com\/cultureelpersbureau.nl\/wp-content\/uploads\/2023\/02\/Manuel-VIlas-en-Cordoba-Octubre-2020-en-alta-c-Alex-Gallegos-.jpg?resize=350%2C200&ssl=1 1x, https:\/\/i0.wp.com\/cultureelpersbureau.nl\/wp-content\/uploads\/2023\/02\/Manuel-VIlas-en-Cordoba-Octubre-2020-en-alta-c-Alex-Gallegos-.jpg?resize=525%2C300&ssl=1 1.5x, https:\/\/i0.wp.com\/cultureelpersbureau.nl\/wp-content\/uploads\/2023\/02\/Manuel-VIlas-en-Cordoba-Octubre-2020-en-alta-c-Alex-Gallegos-.jpg?resize=700%2C400&ssl=1 2x, https:\/\/i0.wp.com\/cultureelpersbureau.nl\/wp-content\/uploads\/2023\/02\/Manuel-VIlas-en-Cordoba-Octubre-2020-en-alta-c-Alex-Gallegos-.jpg?resize=1050%2C600&ssl=1 3x, https:\/\/i0.wp.com\/cultureelpersbureau.nl\/wp-content\/uploads\/2023\/02\/Manuel-VIlas-en-Cordoba-Octubre-2020-en-alta-c-Alex-Gallegos-.jpg?resize=1400%2C800&ssl=1 4x"},"classes":[]},{"id":72617,"url":"https:\/\/cultureelpersbureau.nl\/fr\/2022\/01\/vertel-me-alsjeblieft-wat-er-is-gebeurd-want-ik-kan-het-niet-bevatten-nicola-lagioia-schreef-een-indringend-boek-over-een-wrede-moord-in-rome\/","url_meta":{"origin":133524,"position":4},"title":"'S'il vous pla\u00eet, dites-moi ce qui s'est pass\u00e9, parce que je ne peux pas le saisir.' Nicola Lagioia a \u00e9crit un livre p\u00e9n\u00e9trant sur un meurtre brutal \u00e0 Rome.","author":"A Quattro Mani","date":"24 janvier 2022","format":false,"excerpt":"Il y a cinq ans, Rome a \u00e9t\u00e9 secou\u00e9e par un meurtre brutal et sanglant. Sous l'emprise de la coca\u00efne et de l'alcool, deux trentenaires ont assassin\u00e9 sans raison un jeune homme qu'ils ne connaissaient pas. L'\u00e9crivain et journaliste Nicola Lagioia, comme beaucoup d'autres compatriotes, a \u00e9t\u00e9 saisi par l'affaire. Il ne s'agit pas seulement de l'histoire d'un meurtre, mais surtout de l'histoire d'un jeune homme.","rel":"","context":"Dans &quot;LITERAIR&quot;","block_context":{"text":"LITERAIR","link":"https:\/\/cultureelpersbureau.nl\/fr\/genre\/literatuur-2\/"},"img":{"alt_text":"","src":"https:\/\/i0.wp.com\/cultureelpersbureau.nl\/wp-content\/uploads\/2022\/01\/Lagioia-Nicola-1-c-Chiara-Pasqualini.jpeg?resize=350%2C200&ssl=1","width":350,"height":200,"srcset":"https:\/\/i0.wp.com\/cultureelpersbureau.nl\/wp-content\/uploads\/2022\/01\/Lagioia-Nicola-1-c-Chiara-Pasqualini.jpeg?resize=350%2C200&ssl=1 1x, https:\/\/i0.wp.com\/cultureelpersbureau.nl\/wp-content\/uploads\/2022\/01\/Lagioia-Nicola-1-c-Chiara-Pasqualini.jpeg?resize=525%2C300&ssl=1 1.5x, https:\/\/i0.wp.com\/cultureelpersbureau.nl\/wp-content\/uploads\/2022\/01\/Lagioia-Nicola-1-c-Chiara-Pasqualini.jpeg?resize=700%2C400&ssl=1 2x, https:\/\/i0.wp.com\/cultureelpersbureau.nl\/wp-content\/uploads\/2022\/01\/Lagioia-Nicola-1-c-Chiara-Pasqualini.jpeg?resize=1050%2C600&ssl=1 3x, https:\/\/i0.wp.com\/cultureelpersbureau.nl\/wp-content\/uploads\/2022\/01\/Lagioia-Nicola-1-c-Chiara-Pasqualini.jpeg?resize=1400%2C800&ssl=1 4x"},"classes":[]},{"id":44051,"url":"https:\/\/cultureelpersbureau.nl\/fr\/2017\/02\/heel-holland-bakt-samen-martine-en-andre\/","url_meta":{"origin":133524,"position":5},"title":"Max, s'il te pla\u00eet, mets Martine et Andr\u00e9 ensemble dans Heel Holland Bakt !","author":"Hannah Roelofs","date":"8 f\u00e9vrier 2017","format":false,"excerpt":"Een voorbeschouwing over Heel Holland Bakt in februari? Is dat niet wat voorbarig? Nou nee, want de deadline voor potenti\u00eble bakkers is al 1 maart aanstaande en de opnames beginnen in april. Dus we moeten er snel bij zijn. Laten we eerst het misverstand uit de weg ruimen dat dit\u2026","rel":"","context":"Dans &quot;MEDIA&quot;","block_context":{"text":"MEDIA","link":"https:\/\/cultureelpersbureau.nl\/fr\/genre\/media\/"},"img":{"alt_text":"","src":"https:\/\/i0.wp.com\/cultureelpersbureau.nl\/wp-content\/uploads\/2017\/02\/hhb.jpg?resize=350%2C200&ssl=1","width":350,"height":200,"srcset":"https:\/\/i0.wp.com\/cultureelpersbureau.nl\/wp-content\/uploads\/2017\/02\/hhb.jpg?resize=350%2C200&ssl=1 1x, https:\/\/i0.wp.com\/cultureelpersbureau.nl\/wp-content\/uploads\/2017\/02\/hhb.jpg?resize=525%2C300&ssl=1 1.5x"},"classes":[]}],"jetpack_shortlink":"https:\/\/wp.me\/p3yKke-yJC","jetpack_sharing_enabled":true,"jetpack_featured_media_url":"","_links":{"self":[{"href":"https:\/\/cultureelpersbureau.nl\/fr\/wp-json\/wp\/v2\/posts\/133524","targetHints":{"allow":["GET"]}}],"collection":[{"href":"https:\/\/cultureelpersbureau.nl\/fr\/wp-json\/wp\/v2\/posts"}],"about":[{"href":"https:\/\/cultureelpersbureau.nl\/fr\/wp-json\/wp\/v2\/types\/post"}],"author":[{"embeddable":true,"href":"https:\/\/cultureelpersbureau.nl\/fr\/wp-json\/wp\/v2\/users\/4"}],"replies":[{"embeddable":true,"href":"https:\/\/cultureelpersbureau.nl\/fr\/wp-json\/wp\/v2\/comments?post=133524"}],"version-history":[{"count":2,"href":"https:\/\/cultureelpersbureau.nl\/fr\/wp-json\/wp\/v2\/posts\/133524\/revisions"}],"predecessor-version":[{"id":133976,"href":"https:\/\/cultureelpersbureau.nl\/fr\/wp-json\/wp\/v2\/posts\/133524\/revisions\/133976"}],"wp:attachment":[{"href":"https:\/\/cultureelpersbureau.nl\/fr\/wp-json\/wp\/v2\/media?parent=133524"}],"wp:term":[{"taxonomy":"category","embeddable":true,"href":"https:\/\/cultureelpersbureau.nl\/fr\/wp-json\/wp\/v2\/categories?post=133524"},{"taxonomy":"post_tag","embeddable":true,"href":"https:\/\/cultureelpersbureau.nl\/fr\/wp-json\/wp\/v2\/tags?post=133524"}],"curies":[{"name":"wp","href":"https:\/\/api.w.org\/{rel}","templated":true}]}}