{"id":133646,"date":"2026-08-17T10:27:13","date_gmt":"2026-08-17T08:27:13","guid":{"rendered":"https:\/\/cultureelpersbureau.nl\/?p=133646"},"modified":"2026-08-17T11:16:11","modified_gmt":"2026-08-17T09:16:11","slug":"we-namen-een-voorbeeld-aan-janines-hondje-bij-de-zomergasten-van-tommy-wieringa","status":"publish","type":"post","link":"https:\/\/cultureelpersbureau.nl\/fr\/2026\/08\/we-namen-een-voorbeeld-aan-janines-hondje-bij-de-zomergasten-van-tommy-wieringa\/","title":{"rendered":"Nous avons pris exemple sur le petit chien de Janine dans l'\u00e9mission \u00ab # Zomergasten \u00bb de Tommy Wieringa."},"content":{"rendered":"<p class=\"wp-block-paragraph\">Il poss\u00e8de cette capacit\u00e9 particuli\u00e8rement admirable de r\u00e9sumer en quelques centaines de mots ce que l\u2019on lit d\u00e9j\u00e0 chaque jour \u00e0 la une des journaux et ce que l\u2019on entend dans les rares \u00e9missions-d\u00e9bats \u00e0 la t\u00e9l\u00e9vision. Mais en le formulant de mani\u00e8re un peu plus grandiose. Formul\u00e9 de mani\u00e8re admirablement plus \u00e9l\u00e9gante, avec quelques expressions dont on ne soup\u00e7onnait m\u00eame pas l\u2019existence. Et de pr\u00e9f\u00e9rence sans y ajouter de nouvelles id\u00e9es. Cela ne ferait que d\u00e9tourner l\u2019attention. Et je ne parle m\u00eame pas de Peter Pannekoek, qui, lors de cette derni\u00e8re saison de \u00ab Zomergasten \u00bb, fin juillet\u2026 <a href=\"https:\/\/cultureelpersbureau.nl\/2026\/07\/het-succes-van-zomergasten-2026-1-was-vanzelfsprekend\/\" data-type=\"post\" data-id=\"129170\">a donn\u00e9 le coup d'envoi<\/a> avec une soir\u00e9e t\u00e9l\u00e9 remplie de personnalit\u00e9s admirables.<\/p>\n\n\n\n<p class=\"wp-block-paragraph\">Peter Pannekoek \u00e9tait un artiste de cabaret. Une \u0153uvre mineure. Hier soir, c'\u00e9tait au tour m\u00e9morable de l'auteur le plus \u00e9loquent de notre \u00e9poque, cet homme qui a toujours lu un livre de plus que vous et qui a voyag\u00e9 dans au moins dix pays inconnus de plus que votre voisin : Tommy Wieringa. Ce fut une soir\u00e9e exceptionnelle.<\/p>\n\n\n\n<h2 class=\"wp-block-heading\">La seule femme<\/h2>\n\n\n\n<p class=\"wp-block-paragraph\">On savait d\u00e9j\u00e0 que Tommy Wieringa ne connaissait pas l'incertitude. Ceux qui, apr\u00e8s le <a href=\"https:\/\/cultureelpersbureau.nl\/2026\/08\/zomergasten-2026-3-geen-zondag-als-alle-andere-dankzij-de-aanstekelijke-gretigheid-van-merel-pauw\/\" data-type=\"post\" data-id=\"132204\">pr\u00e9c\u00e9dent<\/a> Les t\u00e9l\u00e9spectateurs de \u00ab Zomergasten \u00bb qui avaient commenc\u00e9 \u00e0 s'agacer un peu face \u00e0 tous ces doutes et \u00e0 cette incr\u00e9dulit\u00e9 sinc\u00e8res de Merel Pauw ont pu se r\u00e9galer. Le 16 ao\u00fbt 2026, Tommy Wieringa a tout expliqu\u00e9 \u00e0 Janine Abbring et a r\u00e9pondu \u00e0 toutes les questions qu\u2019elle \u00e9tait autoris\u00e9e \u00e0 poser, compte tenu du format de l\u2019interview de l\u2019\u00e9mission.<\/p>\n\n\n\n<p class=\"wp-block-paragraph\">Janine Abbring \u00e9tait la seule femme de la soir\u00e9e. Elle a tenu bon pendant un temps remarquable. Elle a d\u00fb se dire bien des choses, mais elle a su peser ses mots, lors des rares moments o\u00f9 l'homme en face d'elle lui laissait la place pour une petite intervention. Elle savait se tenir en pr\u00e9sence des filles adolescentes de Wieringa, qui, apr\u00e8s une phase de grossi\u00e8ret\u00e9s enfantines, avaient re\u00e7u pour consigne qu\u2019elles pouvaient certes penser tout ce qu\u2019elles voulaient, non, qu\u2019elles devaient penser tout ce qu\u2019elles voulaient, mais qu\u2019elles devaient peser leurs mots. Tr\u00e8s. Bien. Peser.<\/p>\n\n\n\n<h2 class=\"wp-block-heading\">Cl\u00e9s \u00e0 fourche<\/h2>\n\n\n\n<p class=\"wp-block-paragraph\">L'artiste de cabaret Peter Pannekoek ne voulait pas entendre le mot \u00ab admiration \u00bb lorsqu'Abbring a voulu r\u00e9sumer ainsi son spectacle dans les derniers instants de la soir\u00e9e. Le grand \u00e9crivain Wieringa avait concoct\u00e9 un programme qui ne reposait que sur l'admiration. Du ma\u00eetre de la nouvelle, A.L. Snijders, jusqu\u2019\u00e0 l\u2019Ukrainien dont on voyait les membres se faire arracher juste avant de s\u2019endormir : Tommy Wieringa admire ces hommes qui font ce que les hommes sont cens\u00e9s faire, \u00e0 l\u2019instar de l\u2019admir\u00e9 Joost Conijn qui a lui-m\u00eame construit un avion.<\/p>\n\n\n\n<p class=\"wp-block-paragraph\">Des hommes discutent de cl\u00e9s \u00e0 molette et de marteaux, donnent des coups de pied dans des objets d\u2019o\u00f9 s\u2019\u00e9chappe de la fum\u00e9e et qui font du bruit. Ou qui ont des sourcils en forme de brosses de paille. Wieringa les admire. Sans limite. Il s\u2019inspire \u00e9galement d\u2019eux, comme le ton d\u2019A.L. Snijders et l\u2019id\u00e9e d\u2019une \u00ab machine volante \u00bb de Conijn, qui a jou\u00e9 un r\u00f4le dans *Joe Speedboat*, son admirable roman sur un h\u00e9ros admirable. Les hommes combattent aussi des monstres, et dans *De Rus*, nous avons trouv\u00e9 le monstre terrifiant par excellence. Dans la tranch\u00e9e, il n\u2019y a pas de place pour le doute. Ni pour la r\u00e9flexion.<\/p>\n\n\n\n<h2 class=\"wp-block-heading\">L'esprit du temps<\/h2>\n\n\n\n<p class=\"wp-block-paragraph\">Serait-ce li\u00e9 \u00e0 l\u2019air du temps si, dans l\u2019\u00e9mission \u00ab Zomergasten \u00bb, nous avons d\u00e9j\u00e0 accueilli deux hommes qui tirent leur estime de soi de l\u2019admiration qu\u2019ils portent \u00e0 d\u2019autres hommes ? \u00ab Celui qui sait admirer est forc\u00e9ment admir\u00e9 \u00e0 son tour \u00bb, voil\u00e0 sans doute le raisonnement, et si personne d\u2019autre ne le fait, l\u2019admiration que suscite votre entourage rejaillit tout de m\u00eame un peu sur vous. Quelque chose comme \u00e7a ?<\/p>\n\n\n\n<p class=\"wp-block-paragraph\">Est-ce le psychologue de la psychologie de la froideur qui sommeille en moi qui esp\u00e9rait percevoir, dans le langage corporel de Wieringa \u2013 qui a pass\u00e9 la soir\u00e9e soit, triomphant, pench\u00e9 en arri\u00e8re, les bras crois\u00e9s, soit, au contraire, pench\u00e9 en avant avec une sollicitude paternelle \u2013, quelque chose de tout petit et de fragile ? Finalement, c\u2019est surtout dans le regard de Janine Abbring que j\u2019ai vu quelque chose qui m\u2019a inspir\u00e9 de la compassion : une stup\u00e9faction totale et absolue.<\/p>\n\n\n\n<p class=\"wp-block-paragraph\">Nous nous sommes surtout identifi\u00e9s au chien de Janine Abbring, auquel Wieringa avait fait allusion de mani\u00e8re peu affectueuse au d\u00e9but de l'\u00e9mission. Cette petite chienne, d'un calme admirable, n'a pas lev\u00e9 les yeux un seul instant.<\/p>\n\n\n\n<p class=\"wp-block-paragraph\"><div class=\"su-note\"  style=\"border-color:#e5e54c;border-radius:3px;-moz-border-radius:3px;-webkit-border-radius:3px;\"><div class=\"su-note-inner su-u-clearfix su-u-trim\" style=\"background-color:#FFFF66;border-color:#ffffff;color:#333333;border-radius:3px;-moz-border-radius:3px;-webkit-border-radius:3px;\">Diffus\u00e9 : Zomergasten 2026 <a rel=\"tag\" class=\"hashtag u-tag u-category\" href=\"https:\/\/cultureelpersbureau.nl\/fr\/onderwerp\/4\/\">#4<\/a> avec Tommy Wieringa. <a href=\"https:\/\/npo.nl\/start\/afspelen\/vpro-zomergasten_19?at_campaign=npostart_player&amp;at_channel=npostart&amp;at_creation=share-link&amp;at_detail_placement=1:mswymrp4:1834294b49e749e7895535d94d65bf8d&amp;at_format=share_text;;0_2&amp;at_general_placement=serie;vpro-zomergasten;afleveringen-seizoen-39;index&amp;at_medium=display&amp;at_variant=organic\">Informations<\/a>.<\/div><\/div>","protected":false},"excerpt":{"rendered":"<p>Hij heeft het bijzonder bewonderenswaardige vermogen om dat wat je al iedere dag leest op de voorpagina van de krant en hoort in de schaarse talkshows op tv, in een paar honderd woorden te herhalen. Maar dan net iets grootser geformuleerd. Bewonderenswaardig beter geformuleerd, met een paar uitdrukkingen waarvan je niet eens wist dat je [&hellip;]<\/p>\n","protected":false},"author":4,"featured_media":0,"comment_status":"open","ping_status":"closed","sticky":false,"template":"","format":"standard","meta":{"_eb_attr":"","_themeisle_gutenberg_block_has_review":false,"_jetpack_newsletter_access":"","_jetpack_dont_email_post_to_subs":false,"_jetpack_newsletter_tier_id":0,"_jetpack_memberships_contains_paywalled_content":false,"_jetpack_feature_clip_id":0,"_jetpack_memberships_contains_paid_content":false,"activitypub_content_warning":"","activitypub_content_visibility":"","activitypub_max_image_attachments":3,"activitypub_interaction_policy_quote":"anyone","activitypub_status":"federated","footnotes":"","jetpack_publicize_message":"","jetpack_publicize_feature_enabled":true,"jetpack_social_post_already_shared":false,"jetpack_social_options":{"image_generator_settings":{"template":"highway","default_image_id":0,"font":"","enabled":false},"version":2},"jetpack_post_was_ever_published":false},"categories":[16518,4763,9619,8842,11687],"tags":[15758,16577,58,713,1907],"class_list":["post-133646","post","type-post","status-publish","format-standard","hentry","category-featured","category-literatuur-2","category-media","category-televisie","category-donatie-gevraagd","tag-15758","tag-janine-abbring","tag-recensie","tag-vpro","tag-zomergasten"],"featured_image_url":[],"post_author":"Wijbrand Schaap","assigned_categories":"featured, LITERAIR, MEDIA, TELEVISIE, WAARDEER &amp; DONEER!","jetpack_publicize_connections":[],"jetpack-related-posts":[{"id":129170,"url":"https:\/\/cultureelpersbureau.nl\/fr\/2026\/07\/het-succes-van-zomergasten-2026-1-was-vanzelfsprekend\/","url_meta":{"origin":133646,"position":0},"title":"Le succ\u00e8s de \u00ab #Zomergasten 2026 #1 \u00bb allait de soi.","author":"Wijbrand Schaap","date":"27 juillet 2026","format":false,"excerpt":"Le dimanche 26 juillet 2026, Mathieu van der Poel a remport\u00e9 la derni\u00e8re \u00e9tape du Tour de France. Il a devanc\u00e9 ses poursuivants d'un demi-m\u00e8tre. \u00c0 l'issue de la course, il a d\u00e9clar\u00e9 s'\u00eatre pr\u00e9par\u00e9 pendant une semaine. En r\u00e9alit\u00e9, probablement plus longtemps, car lorsque le livret de parcours du Tour '26 et\u2026","rel":"","context":"Dans &quot;MEDIA&quot;","block_context":{"text":"MEDIA","link":"https:\/\/cultureelpersbureau.nl\/fr\/genre\/media\/"},"img":{"alt_text":"","src":"https:\/\/i0.wp.com\/img.youtube.com\/vi\/5tG_X2uQdDE\/0.jpg?resize=350%2C200","width":350,"height":200},"classes":[]},{"id":130803,"url":"https:\/\/cultureelpersbureau.nl\/fr\/2026\/08\/zomergasten-26-2-en-de-tranen-van-nasrah-habiballah\/","url_meta":{"origin":133646,"position":1},"title":"Zomergasten 26 #2 et les larmes de Nasrah Habiballah","author":"Wijbrand Schaap","date":"3 ao\u00fbt 2026","format":false,"excerpt":"Dans notre vision du monde, tout est une question de contexte. Alternez une image d\u2019un visage d\u2019homme neutre avec celle d\u2019une assiette de soupe, et nous voyons un homme affam\u00e9. Remplacez l\u2019assiette de soupe par une jolie jeune fille, et nous voyons un homme lubrique. Remplacez la jeune fille par un enfant\u2026","rel":"","context":"Dans &quot;MEDIA&quot;","block_context":{"text":"MEDIA","link":"https:\/\/cultureelpersbureau.nl\/fr\/genre\/media\/"},"img":{"alt_text":"","src":"","width":0,"height":0},"classes":[]},{"id":136437,"url":"https:\/\/cultureelpersbureau.nl\/fr\/2026\/08\/leve-de-lsd-van-het-groningse-klaphek-janine-abbring-bij-het-einde-van-zomergasten\/","url_meta":{"origin":133646,"position":2},"title":"Vive le LSD du groupe Klaphek, originaire de Groningue, Janine Abbring (\u00c0 la fin de l'\u00e9mission \u00ab #Zomergasten \u00bb)","author":"Wijbrand Schaap","date":"31 ao\u00fbt 2026","format":false,"excerpt":"\"Waarom zou je \u2018s morgens opstaan en je niet su\u00efcideren?\" Goeie vraag voor een psychiater en het was maar \u00e9\u00e9n van de talloze opmerkelijke momenten tijdens de allerlaatste uitzending van Zomergasten, op 30 augustus 2026. Misschien door geen 'kwartaaldrinker' te worden en het te houden bij een paar light-ipa's per\u2026","rel":"","context":"Dans &quot;featured&quot;","block_context":{"text":"featured","link":"https:\/\/cultureelpersbureau.nl\/fr\/genre\/featured\/"},"img":{"alt_text":"","src":"","width":0,"height":0},"classes":[]},{"id":71048,"url":"https:\/\/cultureelpersbureau.nl\/fr\/2021\/09\/peter-pannekoek-nieuw-bloed-try-out-oudejaarsconference\/","url_meta":{"origin":133646,"position":3},"title":"Peter Pannekoek : du sang neuf ! - Conf\u00e9rence d'essai de la Saint-Sylvestre","author":"een van onze leden","date":"3 septembre 2021","format":false,"excerpt":"Oui, c'est vrai, c'est aussi l'essai de la conf\u00e9rence de la Saint-Sylvestre de cette ann\u00e9e \u00e0 Concordia. Peter Pannekoek fait partie du gratin du cabaret n\u00e9erlandais. Avec son dernier spectacle, le tr\u00e8s acclam\u00e9 \"Later was alles beter\", il a remport\u00e9 le Nederlands Hoop. Ce prix r\u00e9compense l'artiste de th\u00e9\u00e2tre le plus prometteur et le plus prometteur pour l'avenir. Aujourd'hui, il se lance dans","rel":"","context":"Dans &quot;ACTUEEL&quot;","block_context":{"text":"ACTUEEL","link":"https:\/\/cultureelpersbureau.nl\/fr\/genre\/nieuws\/"},"img":{"alt_text":"","src":"https:\/\/i0.wp.com\/cultureelpersbureau.nl\/wp-content\/uploads\/2021\/09\/Peter-Pannenkoek.jpg?resize=350%2C200&ssl=1","width":350,"height":200,"srcset":"https:\/\/i0.wp.com\/cultureelpersbureau.nl\/wp-content\/uploads\/2021\/09\/Peter-Pannenkoek.jpg?resize=350%2C200&ssl=1 1x, https:\/\/i0.wp.com\/cultureelpersbureau.nl\/wp-content\/uploads\/2021\/09\/Peter-Pannenkoek.jpg?resize=525%2C300&ssl=1 1.5x"},"classes":[]},{"id":91775,"url":"https:\/\/cultureelpersbureau.nl\/fr\/2023\/08\/in-zomergasten-20236-stelde-de-gast-alida-dors-de-beste-vragen\/","url_meta":{"origin":133646,"position":4},"title":"En #Zomergasten 2023#6, l'invit\u00e9e Alida Dors a pos\u00e9 les meilleures questions.\u00a0","author":"Wijbrand Schaap","date":"28 ao\u00fbt 2023","format":false,"excerpt":"Le compteur s'\u00e9levait \u00e0 8 minutes et 45 secondes lorsqu'il s'est d\u00e9traqu\u00e9. C'est plut\u00f4t rapide pour une \u00e9mission d'interviews de trois heures comme Zomergasten, mais Theo Maassen s'est empar\u00e9 du record avec brio. Son invit\u00e9e Alida Dors, la femme qui, en tant que danseuse autodidacte, est devenue l'initiatrice de la culture hip-hop n\u00e9erlandaise,...","rel":"","context":"Dans &quot;ACTUEEL&quot;","block_context":{"text":"ACTUEEL","link":"https:\/\/cultureelpersbureau.nl\/fr\/genre\/nieuws\/"},"img":{"alt_text":"In #Zomergasten 2023#6 stelde Alida Dors de beste vragen.\u00a0","src":"https:\/\/i0.wp.com\/cultureelpersbureau.nl\/wp-content\/uploads\/2023\/08\/IMG_20230828_112837-scaled.jpg?resize=350%2C200&ssl=1","width":350,"height":200,"srcset":"https:\/\/i0.wp.com\/cultureelpersbureau.nl\/wp-content\/uploads\/2023\/08\/IMG_20230828_112837-scaled.jpg?resize=350%2C200&ssl=1 1x, https:\/\/i0.wp.com\/cultureelpersbureau.nl\/wp-content\/uploads\/2023\/08\/IMG_20230828_112837-scaled.jpg?resize=525%2C300&ssl=1 1.5x, https:\/\/i0.wp.com\/cultureelpersbureau.nl\/wp-content\/uploads\/2023\/08\/IMG_20230828_112837-scaled.jpg?resize=700%2C400&ssl=1 2x, https:\/\/i0.wp.com\/cultureelpersbureau.nl\/wp-content\/uploads\/2023\/08\/IMG_20230828_112837-scaled.jpg?resize=1050%2C600&ssl=1 3x, https:\/\/i0.wp.com\/cultureelpersbureau.nl\/wp-content\/uploads\/2023\/08\/IMG_20230828_112837-scaled.jpg?resize=1400%2C800&ssl=1 4x"},"classes":[]},{"id":91693,"url":"https:\/\/cultureelpersbureau.nl\/fr\/2023\/08\/zomergasten-20235-was-de-drieenhalfde-televisie-avond-met-theo-maassen-waarop-vrouwen-niet-bestonden\/","url_meta":{"origin":133646,"position":5},"title":"#Zomergasten 2023#5, c'\u00e9tait les trois nuits et demie de t\u00e9l\u00e9vision avec Theo Maassen pendant lesquelles les femmes n'existaient pas.","author":"Wijbrand Schaap","date":"21 ao\u00fbt 2023","format":false,"excerpt":"C'est bien comme \u00e7a que les choses co\u00efncident, sur les \"chaises d'\u00e9t\u00e9\". La semaine derni\u00e8re, j'ai parl\u00e9 du banc rouge de l'\u00e9mission du petit d\u00e9jeuner de la BBC, et de l'instrument de torture qu'il constitue. Le dimanche 20 ao\u00fbt, un \u00e9quivalent presque exact de ce banc rouge semi-circulaire est apparu dans Summer Chairs avec Kamagurka. Ce banc rouge se trouvait dans un...","rel":"","context":"Dans &quot;BEELDEND&quot;","block_context":{"text":"BEELDEND","link":"https:\/\/cultureelpersbureau.nl\/fr\/genre\/beeldende-kunst-2\/"},"img":{"alt_text":"Beeld uit Rikkie en Slingertje","src":"https:\/\/i0.wp.com\/cultureelpersbureau.nl\/wp-content\/uploads\/2023\/08\/hqdefault.jpg?resize=350%2C200&ssl=1","width":350,"height":200},"classes":[]}],"jetpack_shortlink":"https:\/\/wp.me\/p3yKke-yLA","jetpack_sharing_enabled":true,"jetpack_featured_media_url":"","_links":{"self":[{"href":"https:\/\/cultureelpersbureau.nl\/fr\/wp-json\/wp\/v2\/posts\/133646","targetHints":{"allow":["GET"]}}],"collection":[{"href":"https:\/\/cultureelpersbureau.nl\/fr\/wp-json\/wp\/v2\/posts"}],"about":[{"href":"https:\/\/cultureelpersbureau.nl\/fr\/wp-json\/wp\/v2\/types\/post"}],"author":[{"embeddable":true,"href":"https:\/\/cultureelpersbureau.nl\/fr\/wp-json\/wp\/v2\/users\/4"}],"replies":[{"embeddable":true,"href":"https:\/\/cultureelpersbureau.nl\/fr\/wp-json\/wp\/v2\/comments?post=133646"}],"version-history":[{"count":5,"href":"https:\/\/cultureelpersbureau.nl\/fr\/wp-json\/wp\/v2\/posts\/133646\/revisions"}],"predecessor-version":[{"id":133666,"href":"https:\/\/cultureelpersbureau.nl\/fr\/wp-json\/wp\/v2\/posts\/133646\/revisions\/133666"}],"wp:attachment":[{"href":"https:\/\/cultureelpersbureau.nl\/fr\/wp-json\/wp\/v2\/media?parent=133646"}],"wp:term":[{"taxonomy":"category","embeddable":true,"href":"https:\/\/cultureelpersbureau.nl\/fr\/wp-json\/wp\/v2\/categories?post=133646"},{"taxonomy":"post_tag","embeddable":true,"href":"https:\/\/cultureelpersbureau.nl\/fr\/wp-json\/wp\/v2\/tags?post=133646"}],"curies":[{"name":"wp","href":"https:\/\/api.w.org\/{rel}","templated":true}]}}