{"id":136437,"date":"2026-08-31T11:28:40","date_gmt":"2026-08-31T09:28:40","guid":{"rendered":"https:\/\/cultureelpersbureau.nl\/?p=136437"},"modified":"2026-08-31T11:28:47","modified_gmt":"2026-08-31T09:28:47","slug":"leve-de-lsd-van-het-groningse-klaphek-janine-abbring-bij-het-einde-van-zomergasten","status":"publish","type":"post","link":"https:\/\/cultureelpersbureau.nl\/fr\/2026\/08\/leve-de-lsd-van-het-groningse-klaphek-janine-abbring-bij-het-einde-van-zomergasten\/","title":{"rendered":"Vive le LSD du groupe Klaphek, originaire de Groningue, Janine Abbring (\u00c0 la fin de l'\u00e9mission \u00ab #Zomergasten \u00bb)"},"content":{"rendered":"<p class=\"wp-block-paragraph\">\u201c Pourquoi se lever le matin sans se suicider ? \u2018 Une bonne question pour un psychiatre, et ce n\u2019\u00e9tait l\u00e0 qu\u2019un des innombrables moments marquants de la toute derni\u00e8re \u00e9mission de \u201d Zomergasten \u2018, le 30 ao\u00fbt 2026. Peut-\u00eatre en \u00e9vitant de devenir un \u2019 buveur trimestriel \u00bb et en se contentant de quelques IPA light par jour ? Pour la sant\u00e9 mentale ? Jim van Os, psychiatre c\u00e9l\u00e8bre et, pour certains, tristement c\u00e9l\u00e8bre, a fait en sorte que cette finale reste longtemps dans les m\u00e9moires. Il doit d\u2019ailleurs beaucoup \u00e0 son interlocutrice : Janine Abbring.<\/p>\n\n\n\n<p class=\"wp-block-paragraph\">Son ami, le pr\u00e9sentateur de \u2018 Nieuwsuur \u2019 Jeroen Wollaars, la surnomme \u00ab la porte battante de Groningue \u00bb, car elle sait si bien se refermer, alors qu\u2019elle est d\u2019ordinaire d\u2019une grande ouverture d\u2019esprit. Elle l\u2019a avou\u00e9 assez t\u00f4t dans la conversation avec Jim van Os, un psychiatre au charisme intrigant. L\u00e9g\u00e8rement h\u00e9sitant, mais tr\u00e8s attentif \u00e0 sa convive, il semble lutter contre le charme naturel qui semble \u00e9maner d\u2019elle.<\/p>\n\n\n\n<h2 class=\"wp-block-heading\">P\u00e8re<\/h2>\n\n\n\n<p class=\"wp-block-paragraph\">Freud, aujourd\u2019hui assez d\u00e9cri\u00e9 en tant qu\u2019interpr\u00e8te de l\u2019\u00e2me, aurait certainement fait des remarques int\u00e9ressantes \u00e0 ce sujet. Car le p\u00e8re de Jim faisait pleinement usage de son charme, racontait Jim. Une pratique apparemment courante chez les gyn\u00e9cologues dans les ann\u00e9es 70. D\u2019apr\u00e8s Jim, \u00e0 l\u2019\u00e9poque, on devenait gyn\u00e9cologue pour pouvoir courir les jupons. Ou pour semer un peu de sperme ici et l\u00e0 lorsque le traitement classique de l\u2019infertilit\u00e9 \u2018 ne donnait pas de r\u00e9sultats \u2019.<\/p>\n\n\n\n<p class=\"wp-block-paragraph\">Ayant d\u00e9sormais un demi-fr\u00e8re et une demi-s\u0153ur, il ne parle gu\u00e8re en bien de son p\u00e8re, qui surmontait le traumatisme li\u00e9 \u00e0 son pass\u00e9 aux Indes n\u00e9erlandaises en \u00e9tant un \u2018 buveur trimestriel \u2019, ce qui signifiait qu\u2019il passait tous les trois mois du statut de m\u00e9decin sobre \u00e0 celui d\u2019alcoolique ivre.<\/p>\n\n\n\n<h2 class=\"wp-block-heading\">Talent<\/h2>\n\n\n\n<p class=\"wp-block-paragraph\">Mais tr\u00eave de discussions sur son p\u00e8re, et tr\u00eave aussi de discussions sur Jim van Os. Parlons plut\u00f4t de Janine. Car ce dernier \u00e9pisode a une nouvelle fois \u00e9t\u00e9 une d\u00e9monstration \u00e9clatante de son talent. Dans notre <a href=\"https:\/\/cultureelpersbureau.nl\/?s=zomergasten\">critiques de l'\u00e9mission \u00ab Zomergasten \u00bb<\/a> on entend souvent parler d'intervieweurs incomp\u00e9tents, qui se souciaient davantage de leur propre prestation que de l'entretien lui-m\u00eame. Il ne s'agissait pas uniquement d'hommes, comme <a href=\"https:\/\/cultureelpersbureau.nl\/?s=zomergasten%20theo%20maassen\">Theo Maassen<\/a>, mais aussi une femme comme <a href=\"https:\/\/cultureelpersbureau.nl\/?s=zomergasten%20griet%20\">Griet Op de Beeck<\/a> Il a \u00e9chou\u00e9 d\u00e8s le d\u00e9part : l'\u00e9coute.<\/p>\n\n\n\n<p class=\"wp-block-paragraph\">Et Janine sait donc \u00e9couter. Elle \u00e9coute visiblement, avec un visage qui en dit long, et qui traduit tr\u00e8s souvent l\u2019\u00e9tonnement ou l\u2019\u00e9merveillement que l\u2019on ressent soi-m\u00eame en tant que spectateur. C\u2019est uniquement gr\u00e2ce \u00e0 cela que l\u2019\u00e9mission, avec cet orateur b\u00e9ni, <a href=\"https:\/\/cultureelpersbureau.nl\/?s=zomergasten%20wieringa\">Tommy Wieringa<\/a> pour aller de l'avant. Alors qu'elle s'entretenait avec Jim van Os, un homme qui s'effor\u00e7ait de ne pas para\u00eetre trop omniscient, mais qui utilisait tout de m\u00eame beaucoup de jargon, Abbring a fait ce qu'un bon intervieweur se doit de faire : r\u00e9sumer en termes simples ce que disait son interlocuteur, puis approfondir le sujet en posant des questions compl\u00e9mentaires.<\/p>\n\n\n\n<h2 class=\"wp-block-heading\">Th\u00e9\u00e2tre<\/h2>\n\n\n\n<p class=\"wp-block-paragraph\">Dans le jargon des formateurs en interview, on appelle cela le LSD : \u00c9couter, R\u00e9sumer et Poser des questions compl\u00e9mentaires. Appliqu\u00e9 de mani\u00e8re syst\u00e9matique, comme dans l\u2019\u00e9mission \u00ab Zomergasten \u00bb d\u2019Abbring, cela produit un effet hallucinant et psych\u00e9d\u00e9lique. Elle montre ainsi clairement \u00e0 quel point l\u2019arr\u00eat de \u00ab Zomergasten \u00bb constituera une perte pour la t\u00e9l\u00e9vision nationale. Bien s\u00fbr : 250 000 t\u00e9l\u00e9spectateurs, c\u2019est une bagatelle pour les dirigeants des cha\u00eenes, mais un petit th\u00e9\u00e2tre a du mal \u00e0 attirer autant de public en une ann\u00e9e enti\u00e8re. Il n\u2019y a pas de quoi avoir honte.<\/p>\n\n\n\n<p class=\"wp-block-paragraph\">Pendant pr\u00e8s de quarante ans, six dimanches soirs par an, une partie des Pays-Bas s'est d\u00e9tendue. Une tranquillit\u00e9 qui a \u00e9t\u00e9 perturb\u00e9e pendant une quinzaine d'ann\u00e9es par un certain r\u00e9seau social qui voulait faire office de deuxi\u00e8me \u00e9cran, mais ces derni\u00e8res ann\u00e9es, cela est redevenu totalement hors de propos. Nous avons de nouveau choisi d'\u00e9couter et de regarder, sans donner notre avis apr\u00e8s chaque citation. C'est bien plus agr\u00e9able le lundi suivant, d'autant plus que ce modeste site web a enregistr\u00e9 un nombre de visiteurs qui avoisinait celui de l'\u00e9mission elle-m\u00eame.<\/p>\n\n\n\n<h2 class=\"wp-block-heading\">Petit chien<\/h2>\n\n\n\n<p class=\"wp-block-paragraph\">Bien s\u00fbr, les centres de donn\u00e9es des g\u00e9ants de la tech regorgent de <a href=\"https:\/\/nieuwsbrief.cultuurpers.nl\/podcast\">podcasts et vid\u00e9os<\/a> o\u00f9 les gens ont entre eux les conversations les plus int\u00e9ressantes, qui durent parfois bien plus longtemps que les trois heures que nous avions r\u00e9serv\u00e9es pour \u00ab Zomergasten \u00bb, mais sur Internet, il manque cet aspect collectif. On \u00e9coute tout seul, tout en ignorant son chien et les passants qui nous saluent pendant la promenade.<\/p>\n\n\n\n<p class=\"wp-block-paragraph\">Janine et son petit chien vont terriblement nous manquer.<\/p>\n\n\n\n<p class=\"wp-block-paragraph\"><div class=\"su-note\"  style=\"border-color:#e5e54c;border-radius:3px;-moz-border-radius:3px;-webkit-border-radius:3px;\"><div class=\"su-note-inner su-u-clearfix su-u-trim\" style=\"background-color:#FFFF66;border-color:#ffffff;color:#333333;border-radius:3px;-moz-border-radius:3px;-webkit-border-radius:3px;\">Nous avons fait nos adieux \u00e0 \u00ab Zomergasten \u00bb le 30 ao\u00fbt 2026. <a href=\"https:\/\/npo.nl\/start\/serie\/vpro-zomergasten\/afleveringen\/seizoen-39\">Il reste encore trois semaines \u00e0 revoir<\/a>.<\/div><\/div>","protected":false},"excerpt":{"rendered":"<p>&#8220;Waarom zou je \u2018s morgens opstaan en je niet su\u00efcideren?&#8221; Goeie vraag voor een psychiater en het was maar \u00e9\u00e9n van de talloze opmerkelijke momenten tijdens de allerlaatste uitzending van Zomergasten, op 30 augustus 2026. Misschien door geen &#8216;kwartaaldrinker&#8217; te worden en het te houden bij een paar light-ipa&#8217;s per dag? Voor de geestelijke gezondheid? [&hellip;]<\/p>\n","protected":false},"author":4,"featured_media":0,"comment_status":"open","ping_status":"closed","sticky":false,"template":"","format":"standard","meta":{"_eb_attr":"","_themeisle_gutenberg_block_has_review":false,"_jetpack_newsletter_access":"","_jetpack_dont_email_post_to_subs":false,"_jetpack_newsletter_tier_id":0,"_jetpack_memberships_contains_paywalled_content":false,"_jetpack_feature_clip_id":0,"_jetpack_memberships_contains_paid_content":false,"activitypub_content_warning":"","activitypub_content_visibility":"","activitypub_max_image_attachments":3,"activitypub_interaction_policy_quote":"anyone","activitypub_status":"federated","footnotes":"","jetpack_publicize_message":"","jetpack_publicize_feature_enabled":true,"jetpack_social_post_already_shared":false,"jetpack_social_options":{"image_generator_settings":{"template":"highway","default_image_id":0,"font":"","enabled":false},"version":2},"jetpack_post_was_ever_published":false},"categories":[16518,9619,8842,11687],"tags":[58,713,1907],"class_list":["post-136437","post","type-post","status-publish","format-standard","hentry","category-featured","category-media","category-televisie","category-donatie-gevraagd","tag-recensie","tag-vpro","tag-zomergasten"],"featured_image_url":[],"post_author":"Wijbrand Schaap","assigned_categories":"featured, MEDIA, TELEVISIE, WAARDEER &amp; DONEER!","jetpack_publicize_connections":[],"jetpack-related-posts":[{"id":129170,"url":"https:\/\/cultureelpersbureau.nl\/fr\/2026\/07\/het-succes-van-zomergasten-2026-1-was-vanzelfsprekend\/","url_meta":{"origin":136437,"position":0},"title":"Le succ\u00e8s de \u00ab #Zomergasten 2026 #1 \u00bb allait de soi.","author":"Wijbrand Schaap","date":"27 juillet 2026","format":false,"excerpt":"Le dimanche 26 juillet 2026, Mathieu van der Poel a remport\u00e9 la derni\u00e8re \u00e9tape du Tour de France. Il a devanc\u00e9 ses poursuivants d'un demi-m\u00e8tre. \u00c0 l'issue de la course, il a d\u00e9clar\u00e9 s'\u00eatre pr\u00e9par\u00e9 pendant une semaine. En r\u00e9alit\u00e9, probablement plus longtemps, car lorsque le livret de parcours du Tour '26 et\u2026","rel":"","context":"Dans &quot;MEDIA&quot;","block_context":{"text":"MEDIA","link":"https:\/\/cultureelpersbureau.nl\/fr\/genre\/media\/"},"img":{"alt_text":"","src":"https:\/\/i0.wp.com\/img.youtube.com\/vi\/5tG_X2uQdDE\/0.jpg?resize=350%2C200","width":350,"height":200},"classes":[]},{"id":61773,"url":"https:\/\/cultureelpersbureau.nl\/fr\/2019\/09\/ivo-van-hove-regisseerde-een-topuitzending-van-zomergasten-met-een-prachtige-hoofdrol-voor-janine-abbring\/","url_meta":{"origin":136437,"position":1},"title":"Ivo van Hove a mis en sc\u00e8ne une \u00e9mission de Zomergasten de grande qualit\u00e9, avec un r\u00f4le principal magnifique pour Janine Abbring.","author":"Wijbrand Schaap","date":"2 septembre 2019","format":false,"excerpt":"Janine Abbring a r\u00e9ussi \u00e0 sortir du marasme l'institution un peu d\u00e9glingu\u00e9e que sont les Zomergasten. Elle s'amuse, se pr\u00e9pare tr\u00e8s bien, s'int\u00e9resse vraiment \u00e0 ses invit\u00e9s et a r\u00e9ussi \u00e0 rel\u00e9guer l'\u00e9ternel \u00e9l\u00e9ment de bataille \u00e0 l'arri\u00e8re-plan sans pour autant rendre les \u00e9missions moins passionnantes. Cet \u00e9l\u00e9ment de combat \u00e9tait...","rel":"","context":"Dans &quot;MEDIA&quot;","block_context":{"text":"MEDIA","link":"https:\/\/cultureelpersbureau.nl\/fr\/genre\/media\/"},"img":{"alt_text":"","src":"https:\/\/i0.wp.com\/cultureelpersbureau.nl\/wp-content\/uploads\/2019\/09\/ivo.png?resize=350%2C200&ssl=1","width":350,"height":200,"srcset":"https:\/\/i0.wp.com\/cultureelpersbureau.nl\/wp-content\/uploads\/2019\/09\/ivo.png?resize=350%2C200&ssl=1 1x, https:\/\/i0.wp.com\/cultureelpersbureau.nl\/wp-content\/uploads\/2019\/09\/ivo.png?resize=525%2C300&ssl=1 1.5x, https:\/\/i0.wp.com\/cultureelpersbureau.nl\/wp-content\/uploads\/2019\/09\/ivo.png?resize=700%2C400&ssl=1 2x, https:\/\/i0.wp.com\/cultureelpersbureau.nl\/wp-content\/uploads\/2019\/09\/ivo.png?resize=1050%2C600&ssl=1 3x, https:\/\/i0.wp.com\/cultureelpersbureau.nl\/wp-content\/uploads\/2019\/09\/ivo.png?resize=1400%2C800&ssl=1 4x"},"classes":[]},{"id":133646,"url":"https:\/\/cultureelpersbureau.nl\/fr\/2026\/08\/we-namen-een-voorbeeld-aan-janines-hondje-bij-de-zomergasten-van-tommy-wieringa\/","url_meta":{"origin":136437,"position":2},"title":"Nous avons pris exemple sur le petit chien de Janine dans l'\u00e9mission \u00ab # Zomergasten \u00bb de Tommy Wieringa.","author":"Wijbrand Schaap","date":"17 ao\u00fbt 2026","format":false,"excerpt":"Il poss\u00e8de cette capacit\u00e9 particuli\u00e8rement admirable de reformuler en quelques centaines de mots ce que l\u2019on lit d\u00e9j\u00e0 chaque jour \u00e0 la une des journaux et ce que l\u2019on entend dans les rares \u00e9missions-d\u00e9bats \u00e0 la t\u00e9l\u00e9vision. Mais en le formulant de mani\u00e8re un peu plus grandiose. Formul\u00e9 de mani\u00e8re admirablement plus \u00e9l\u00e9gante, avec quelques expressions qui vous font\u2026","rel":"","context":"Dans &quot;featured&quot;","block_context":{"text":"featured","link":"https:\/\/cultureelpersbureau.nl\/fr\/genre\/featured\/"},"img":{"alt_text":"","src":"","width":0,"height":0},"classes":[]},{"id":132204,"url":"https:\/\/cultureelpersbureau.nl\/fr\/2026\/08\/zomergasten-2026-3-geen-zondag-als-alle-andere-dankzij-de-aanstekelijke-gretigheid-van-merel-pauw\/","url_meta":{"origin":136437,"position":3},"title":"Zomergasten 2026 #3 : Un dimanche pas comme les autres, gr\u00e2ce \u00e0 l'enthousiasme contagieux de Merel Pauw","author":"Wijbrand Schaap","date":"10 ao\u00fbt 2026","format":false,"excerpt":"Dimanche 9 ao\u00fbt, vers 8 h 30, un magnifique arc-en-ciel est apparu au-dessus d'Utrecht. Les personnes qui venaient tout juste de descendre de la tour Dom ont imm\u00e9diatement \u00e9t\u00e9 touch\u00e9es par ce spectacle. \" \u00c7a tombe vraiment \u00e0 pic, l\u00e0 ! \", a d\u00e9clar\u00e9 l'un d'entre eux. Ce ph\u00e9nom\u00e8ne faisait \u00e9cho au spectacle de la troupe de th\u00e9\u00e2tre Aluin auquel ils venaient d'assister. Dans la chapelle Saint-Michel, sur\u2026","rel":"","context":"Dans &quot;featured&quot;","block_context":{"text":"featured","link":"https:\/\/cultureelpersbureau.nl\/fr\/genre\/featured\/"},"img":{"alt_text":"","src":"","width":0,"height":0},"classes":[]},{"id":130803,"url":"https:\/\/cultureelpersbureau.nl\/fr\/2026\/08\/zomergasten-26-2-en-de-tranen-van-nasrah-habiballah\/","url_meta":{"origin":136437,"position":4},"title":"Zomergasten 26 #2 et les larmes de Nasrah Habiballah","author":"Wijbrand Schaap","date":"3 ao\u00fbt 2026","format":false,"excerpt":"Dans notre vision du monde, tout est une question de contexte. Alternez une image d\u2019un visage d\u2019homme neutre avec celle d\u2019une assiette de soupe, et nous voyons un homme affam\u00e9. Remplacez l\u2019assiette de soupe par une jolie jeune fille, et nous voyons un homme lubrique. Remplacez la jeune fille par un enfant\u2026","rel":"","context":"Dans &quot;featured&quot;","block_context":{"text":"featured","link":"https:\/\/cultureelpersbureau.nl\/fr\/genre\/featured\/"},"img":{"alt_text":"","src":"","width":0,"height":0},"classes":[]},{"id":98393,"url":"https:\/\/cultureelpersbureau.nl\/fr\/2025\/09\/herman-koch-en-griet-op-de-beeck-sluiten-zomergasten-2025-af-met-drie-uur-die-nergens-over-gaan\/","url_meta":{"origin":136437,"position":5},"title":"Herman Koch et Griet Op de Beeck concluent Zomergasten 2025 avec trois heures qui ne parlent de rien.","author":"Wijbrand Schaap","date":"1 septembre 2025","format":false,"excerpt":"Elle s'attendait \u00e0 une soir\u00e9e hostile aux hommes, a d\u00e9clar\u00e9 l'animatrice Griet Op de Beeck imm\u00e9diatement apr\u00e8s l'ouverture des derniers invit\u00e9s d'\u00e9t\u00e9 de cette saison. \"C'est ce que vous pensez ?\", a demand\u00e9 Herman Koch, avec son regard p\u00e9tillant habituel. \"Parce que ce sont tous des hommes qui ne s'en sortent pas bien\". a d\u00e9clar\u00e9 Op de Beeck. Koch : \"Mais il y a","rel":"","context":"Dans &quot;LITERAIR&quot;","block_context":{"text":"LITERAIR","link":"https:\/\/cultureelpersbureau.nl\/fr\/genre\/literatuur-2\/"},"img":{"alt_text":"","src":"https:\/\/i0.wp.com\/cultureelpersbureau.nl\/wp-content\/uploads\/2025\/09\/Schermafdruk-van-2025-09-01-16-53-53.png?resize=350%2C200&ssl=1","width":350,"height":200,"srcset":"https:\/\/i0.wp.com\/cultureelpersbureau.nl\/wp-content\/uploads\/2025\/09\/Schermafdruk-van-2025-09-01-16-53-53.png?resize=350%2C200&ssl=1 1x, https:\/\/i0.wp.com\/cultureelpersbureau.nl\/wp-content\/uploads\/2025\/09\/Schermafdruk-van-2025-09-01-16-53-53.png?resize=525%2C300&ssl=1 1.5x, https:\/\/i0.wp.com\/cultureelpersbureau.nl\/wp-content\/uploads\/2025\/09\/Schermafdruk-van-2025-09-01-16-53-53.png?resize=700%2C400&ssl=1 2x, https:\/\/i0.wp.com\/cultureelpersbureau.nl\/wp-content\/uploads\/2025\/09\/Schermafdruk-van-2025-09-01-16-53-53.png?resize=1050%2C600&ssl=1 3x, https:\/\/i0.wp.com\/cultureelpersbureau.nl\/wp-content\/uploads\/2025\/09\/Schermafdruk-van-2025-09-01-16-53-53.png?resize=1400%2C800&ssl=1 4x"},"classes":[]}],"jetpack_shortlink":"https:\/\/wp.me\/p3yKke-zuB","jetpack_sharing_enabled":true,"jetpack_featured_media_url":"","_links":{"self":[{"href":"https:\/\/cultureelpersbureau.nl\/fr\/wp-json\/wp\/v2\/posts\/136437","targetHints":{"allow":["GET"]}}],"collection":[{"href":"https:\/\/cultureelpersbureau.nl\/fr\/wp-json\/wp\/v2\/posts"}],"about":[{"href":"https:\/\/cultureelpersbureau.nl\/fr\/wp-json\/wp\/v2\/types\/post"}],"author":[{"embeddable":true,"href":"https:\/\/cultureelpersbureau.nl\/fr\/wp-json\/wp\/v2\/users\/4"}],"replies":[{"embeddable":true,"href":"https:\/\/cultureelpersbureau.nl\/fr\/wp-json\/wp\/v2\/comments?post=136437"}],"version-history":[{"count":1,"href":"https:\/\/cultureelpersbureau.nl\/fr\/wp-json\/wp\/v2\/posts\/136437\/revisions"}],"predecessor-version":[{"id":136438,"href":"https:\/\/cultureelpersbureau.nl\/fr\/wp-json\/wp\/v2\/posts\/136437\/revisions\/136438"}],"wp:attachment":[{"href":"https:\/\/cultureelpersbureau.nl\/fr\/wp-json\/wp\/v2\/media?parent=136437"}],"wp:term":[{"taxonomy":"category","embeddable":true,"href":"https:\/\/cultureelpersbureau.nl\/fr\/wp-json\/wp\/v2\/categories?post=136437"},{"taxonomy":"post_tag","embeddable":true,"href":"https:\/\/cultureelpersbureau.nl\/fr\/wp-json\/wp\/v2\/tags?post=136437"}],"curies":[{"name":"wp","href":"https:\/\/api.w.org\/{rel}","templated":true}]}}