{"id":136462,"date":"2026-08-31T12:23:47","date_gmt":"2026-08-31T10:23:47","guid":{"rendered":"https:\/\/cultureelpersbureau.nl\/?p=136462"},"modified":"2026-08-31T12:23:50","modified_gmt":"2026-08-31T10:23:50","slug":"amsterdam-museum-festival-van-start-100-jarig-bestaan-100-dagen-feest","status":"publish","type":"post","link":"https:\/\/cultureelpersbureau.nl\/fr\/2026\/08\/amsterdam-museum-festival-van-start-100-jarig-bestaan-100-dagen-feest\/","title":{"rendered":"Coup d'envoi du Festival des mus\u00e9es d'Amsterdam : 100 ans d'existence, 100 jours de f\u00eate"},"content":{"rendered":"<p class=\"wp-block-paragraph\">Vanaf donderdag 3 september tot en met 11 december viert het Amsterdam Museum zijn 100-jarig bestaan met een feestelijk jubileumprogramma dat honderd dagen duurt. Met het Amsterdam Museum Festival vol activiteiten door de hele stad nodigt het museum alle Amsterdammers uit om dit jubileum mee te vieren. Het grotendeels gratis programma omvat onder meer workshops, rondleidingen door het Collectiecentrum, een jubileumboek, een podcastcastserie en een symposium.<\/p>\n\n\n\n<p class=\"wp-block-paragraph\">Het Amsterdam Museum Festival strekt zich uit over de hele stad. Honderd dagen lang organiseert het museum dagelijks activiteiten voor uiteenlopende doelgroepen waarbij de collectie van het museum centraal staat.<\/p>\n\n\n\n<p class=\"wp-block-paragraph\">Bezoekers kunnen deelnemen aan speciale 100 jaar-rondleidingen, wekelijks op een van de locaties van het Amsterdam Museum een stukje verjaardagstaart komen eten en op verschillende momenten een kijkje nemen in het normaal gesproken niet toegankelijke Collectiecentrum. Daarnaast kan iedereen een eigen verjaardagsportret laten maken en deelnemen aan workshops over disciplines die voorkomen in de collectie van het Amsterdam Museum, zoals keramiek, textielbewerking en papier. Ook is er een tiendelige podcastcast-serie, een jubileum-rondvaart en een tweetal jubileumboeken.<\/p>\n\n\n\n<p class=\"wp-block-paragraph\">Aan het einde van het festival organiseert het Amsterdam Museum een symposium over een eeuw verzamelen. Centraal staat de vraag hoe de collectie zich de afgelopen honderd jaar heeft ontwikkeld en welke verhalen in de toekomst nog moeten worden verteld. De feestelijke afsluiting van de 100 dagen bestaat uit de Grote Collectie-polonaise-show en een quiz over de collectie, georganiseerd in samenwerking met Ons Amsterdam.<\/p>\n\n\n\n<p class=\"wp-block-paragraph\">Op de website van het Amsterdam Museum staat de agenda met alle activiteiten, data, tijden, locaties en eventuele toegangsprijzen (een groot deel van de evenementen is gratis).<\/p>\n\n\n\n<h2 class=\"wp-block-heading\">3 september: gratis jubileumpenning<\/h2>\n\n\n\n<p class=\"wp-block-paragraph\">Op donderdag 3 september van 14:00 tot 20:00 uur is iedereen gratis welkom in de (wegens renovatie gesloten) hoofdlocatie van het Amsterdam Museum aan de Kalverstraat 92. Hier vindt de aftrap van het Amsterdam Museum Festival plaats. Bezoekers kunnen genieten van optredens, op de foto, een bericht in een tijdcapsule doen en natuurlijk een stuk taart eten. En wie jarig is trakteert: alle bezoekers die dag krijgen een unieke jubileumpenning. Deze replica van de historische Burgerweeshuispenning uit 1749 is speciaal in gelimiteerde oplage ontwikkeld voor het 100-jarig bestaan van het museum en geeft gratis toegang tot het vernieuwde Amsterdam Museum tijdens de openingsweken in 2030.<\/p>\n\n\n\n<h2 class=\"wp-block-heading\">Creative Grounds<\/h2>\n\n\n\n<p class=\"wp-block-paragraph\">Tijdens zijn jubileumviering lanceert het Amsterdam Museum ook de manifestatie Creative Grounds. De hoofdlocatie van het Amsterdam Museum, het voormalige Burgerweeshuis aan de Kalverstraat, wordt momenteel gerenoveerd. Met deze manifestatie wil het Amsterdam Museum tijdens zijn afwezigheid op die locatie jonge kunstenaars met de binnenstad en de museumcollectie verbinden. Dit doet het museum via kunstopdrachten, onderzoek en een jaarlijkse driedaagse manifestatie met showcases, workshops, talks, tours en performances op diverse locaties in de binnenstad. De eerste editie, rond het thema ambacht, vindt plaats op 18, 19 en 20 september met kunstenaars en ontwerpers als Ella de Haas, Jero Leeflang, Zoe Smith en Tijmen IJsendijk, en partners zoals de BIZ Kalverstraat, Athenaeum Nieuwscentrum, De Nachbar, Het Vrijpaleis, Spui25 en Theater de Richel.<\/p>\n\n\n\n<p class=\"wp-block-paragraph\">Hoofdconservator Imara Limon: \u2018\u2019De missie van het museum is om mensen met de stad en met elkaar te verbinden. Dat doen we ook met dit festival.\u202fHet jubileum is niet slechts terugblik, maar ook een viering dat het Amsterdam Museum en het erfgoed dat wij beheren van en voor iedereen is.\u2019\u2019<\/p>\n\n\n\n<p class=\"wp-block-paragraph\"><div class=\"su-note\"  style=\"border-color:#e5e54c;border-radius:3px;-moz-border-radius:3px;-webkit-border-radius:3px;\"><div class=\"su-note-inner su-u-clearfix su-u-trim\" style=\"background-color:#FFFF66;border-color:#ffffff;color:#333333;border-radius:3px;-moz-border-radius:3px;-webkit-border-radius:3px;\">Amsterdam Museum Festival &#8211; Vier 100 jaar stadsmuseum in 100 dagen vindt plaats van donderdag 3 september tot en met vrijdag 11 december 2026. Kijk voor meer informatie op <a href=\"http:\/\/www.amsterdammuseum.nl\/festival\">www.amsterdammuseum.nl\/festival<\/a>.<\/div><\/div>","protected":false},"excerpt":{"rendered":"<p>Vanaf donderdag 3 september tot en met 11 december viert het Amsterdam Museum zijn 100-jarig bestaan met een feestelijk jubileumprogramma dat honderd dagen duurt. Met het Amsterdam Museum Festival vol activiteiten door de hele stad nodigt het museum alle Amsterdammers uit om dit jubileum mee te vieren. Het grotendeels gratis programma omvat onder meer workshops, [&hellip;]<\/p>\n","protected":false},"author":1040,"featured_media":0,"comment_status":"open","ping_status":"closed","sticky":false,"template":"","format":"standard","meta":{"_eb_attr":"","_themeisle_gutenberg_block_has_review":false,"_jetpack_newsletter_access":"","_jetpack_dont_email_post_to_subs":false,"_jetpack_newsletter_tier_id":0,"_jetpack_memberships_contains_paywalled_content":false,"_jetpack_feature_clip_id":0,"_jetpack_memberships_contains_paid_content":false,"activitypub_content_warning":"","activitypub_content_visibility":"","activitypub_max_image_attachments":3,"activitypub_interaction_policy_quote":"anyone","activitypub_status":"federated","footnotes":"","jetpack_publicize_message":"","jetpack_publicize_feature_enabled":true,"jetpack_social_post_already_shared":false,"jetpack_social_options":{"image_generator_settings":{"template":"highway","default_image_id":0,"font":"","enabled":false},"version":2},"jetpack_post_was_ever_published":false},"categories":[10340,11917],"tags":[20,16590,915],"class_list":["post-136462","post","type-post","status-publish","format-standard","hentry","category-erfgoed","category-persberichten","tag-amsterdam","tag-jubileum","tag-museum"],"featured_image_url":[],"post_author":"Kim Koopman","assigned_categories":"ERFGOED, PERSBERICHTEN","jetpack_publicize_connections":[],"jetpack-related-posts":[{"id":131091,"url":"https:\/\/cultureelpersbureau.nl\/fr\/2026\/08\/amsterdam-museum-viert-100-jarig-bestaan-met-100-dagen-durend-festival\/","url_meta":{"origin":136462,"position":0},"title":"Le Mus\u00e9e d'Amsterdam c\u00e9l\u00e8bre son centenaire avec un festival de 100 jours","author":"Amsterdam Museum","date":"5 ao\u00fbt 2026","format":false,"excerpt":"L'Amsterdam Museum f\u00eate ses 100 ans. Du 3 septembre au 11 d\u00e9cembre 2026, l'Amsterdam Museum c\u00e9l\u00e9brera cet anniversaire exceptionnel avec un programme festif qui s'\u00e9tendra sur cent jours. Avec le Festival du Mus\u00e9e d'Amsterdam, riche en activit\u00e9s dans toute la ville, le mus\u00e9e invite tous les Amstellodamois \u00e0 participer \u00e0 cet anniversaire\u2026","rel":"","context":"Dans &quot;ACTUEEL&quot;","block_context":{"text":"ACTUEEL","link":"https:\/\/cultureelpersbureau.nl\/fr\/genre\/nieuws\/"},"img":{"alt_text":"","src":"","width":0,"height":0},"classes":[]},{"id":133658,"url":"https:\/\/cultureelpersbureau.nl\/fr\/2026\/08\/nieuwe-tentoonstelling-huis-willet-holthuysen-legt-financiering-van-surinaamse-plantages-bloot\/","url_meta":{"origin":136462,"position":1},"title":"Une nouvelle exposition \u00e0 la Maison Willet-Holthuysen met en lumi\u00e8re le financement des plantations surinamaises","author":"Amsterdam Museum","date":"17 ao\u00fbt 2026","format":false,"excerpt":"\u2018 Plantage aan de gracht \u2013 Histoires d\u2019hommes et de pouvoir ' \u00e9tablit un lien direct entre l\u2019univers des financiers amstellodamois du XVIIIe si\u00e8cle et celui des esclaves. Du 16 octobre 2026 au 4 avril 2027 | Lieu : Huis Willet-Holthuysen, Amsterdam Au XVIIIe si\u00e8cle, depuis le b\u00e2timent historique qui abrite aujourd\u2019hui la Huis Willet-Holthuysen\u2026","rel":"","context":"Dans &quot;BEELDEND&quot;","block_context":{"text":"BEELDEND","link":"https:\/\/cultureelpersbureau.nl\/fr\/genre\/beeldende-kunst-2\/"},"img":{"alt_text":"","src":"","width":0,"height":0},"classes":[]},{"id":120841,"url":"https:\/\/cultureelpersbureau.nl\/fr\/2026\/06\/amsterdam-museum-en-nationaal-slavernijmuseum-presenteren-buitententoonstelling-samangat-moluks-in-amsterdam-op-de-kop-van-java\/","url_meta":{"origin":136462,"position":2},"title":"Le Mus\u00e9e d'Amsterdam et le Mus\u00e9e national de l'esclavage pr\u00e9sentent l'exposition en plein air \u2018 Samangat ! Les Moluquois \u00e0 Amsterdam \u2019 au Kop van Java","author":"Amsterdam Museum","date":"22 juin 2026","format":false,"excerpt":"Du 30 juillet au 22 octobre 2026 | Lieu : Kop van Java, Amsterdam | Entr\u00e9e libre Cet \u00e9t\u00e9, le Mus\u00e9e d\u2019Amsterdam et le Mus\u00e9e national de l\u2019esclavage mettent en lumi\u00e8re les histoires des Moluquois d\u2019Amsterdam dans l\u2019espace public. \u00c0 l'occasion de l'ann\u00e9e comm\u00e9morative \u2018 75 ans des Moluquois \u00e0 Amsterdam \u2019, les mus\u00e9es, en collaboration avec\u2026","rel":"","context":"Dans &quot;ERFGOED&quot;","block_context":{"text":"ERFGOED","link":"https:\/\/cultureelpersbureau.nl\/fr\/genre\/erfgoed\/"},"img":{"alt_text":"","src":"","width":0,"height":0},"classes":[]},{"id":129907,"url":"https:\/\/cultureelpersbureau.nl\/fr\/2026\/07\/buitententoonstelling-samangat-moluks-in-amsterdam-vanaf-vandaag-geopend-op-de-kop-van-java-eiland\/","url_meta":{"origin":136462,"position":3},"title":"L'exposition en plein air \u2018 Samangat ! Les Moluquois \u00e0 Amsterdam \u2019 ouvre ses portes d\u00e8s aujourd'hui sur l'\u00eele de Kop van Java","author":"Amsterdam Museum","date":"30 juillet 2026","format":false,"excerpt":"Du 30 juillet au 22 octobre 2026 | Lieu : Kop van Java-eiland, Amsterdam | Entr\u00e9e gratuite. \u00c0 partir d'aujourd'hui, l'exposition en plein air \u00ab Samangat ! Les Moluquois \u00e0 Amsterdam \u00bb est officiellement ouverte au public. Le Mus\u00e9e d'Amsterdam et le Mus\u00e9e national de l'esclavage, en collaboration avec la municipalit\u00e9 d'Amsterdam, pr\u00e9sentent ainsi les histoires des Moluquois d'Amsterdam au\u2026","rel":"","context":"Dans &quot;ERFGOED&quot;","block_context":{"text":"ERFGOED","link":"https:\/\/cultureelpersbureau.nl\/fr\/genre\/erfgoed\/"},"img":{"alt_text":"","src":"","width":0,"height":0},"classes":[]},{"id":101164,"url":"https:\/\/cultureelpersbureau.nl\/fr\/2026\/04\/zid-theater-presenteert-de-tiende-editie-van-het-explorez-festival-in-amsterdam\/","url_meta":{"origin":136462,"position":4},"title":"Le ZID Theatre pr\u00e9sente la dixi\u00e8me \u00e9dition du festival Explorez \u00e0 Amsterdam !","author":"ZID Theater","date":"10 avril 2026","format":false,"excerpt":"Du 28 mai au 7 juin 2026, Amsterdam se transformera en une sc\u00e8ne vibrante remplie de spectacles, d'ateliers et d'activit\u00e9s interactives. Le festival annuel ExploreZ est synonyme de diversit\u00e9, d'inclusion, de coop\u00e9ration internationale et de croisements surprenants entre les disciplines et les communaut\u00e9s locales. Le ZID Theatre est fier d'annoncer la dixi\u00e8me \u00e9dition de ce festival de plusieurs jours...","rel":"","context":"Dans &quot;ACTUEEL&quot;","block_context":{"text":"ACTUEEL","link":"https:\/\/cultureelpersbureau.nl\/fr\/genre\/nieuws\/"},"img":{"alt_text":"","src":"","width":0,"height":0},"classes":[]},{"id":100855,"url":"https:\/\/cultureelpersbureau.nl\/fr\/2026\/03\/amsterdam-museum-verlengt-succesvolle-mini-expo-koopman-met-tattoo\/","url_meta":{"origin":136462,"position":5},"title":"Le mus\u00e9e d'Amsterdam prolonge la mini-exposition \u2018Merchant with tattoo\u2019, qui a remport\u00e9 un vif succ\u00e8s\u2019\u00a0","author":"een van onze leden","date":"6 mars 2026","format":false,"excerpt":"La d\u00e9couverte d'un tatouage sur le poignet d'un marchand dans un tableau du XVIIe si\u00e8cle a fait sensation \u00e0 la fin de l'ann\u00e9e derni\u00e8re. Ces derniers mois, les visiteurs ont pu voir ce tatouage historique de leurs propres yeux, dans une petite exposition \u00e0 Huis Willet-Holthuysen. Face \u00e0 l'enthousiasme des m\u00e9dias et du public...","rel":"","context":"Dans &quot;beleid&quot;","block_context":{"text":"beleid","link":"https:\/\/cultureelpersbureau.nl\/fr\/genre\/beleid\/"},"img":{"alt_text":"","src":"https:\/\/i0.wp.com\/cultureelpersbureau.nl\/wp-content\/uploads\/2026\/03\/image-10.png?resize=350%2C200&ssl=1","width":350,"height":200,"srcset":"https:\/\/i0.wp.com\/cultureelpersbureau.nl\/wp-content\/uploads\/2026\/03\/image-10.png?resize=350%2C200&ssl=1 1x, https:\/\/i0.wp.com\/cultureelpersbureau.nl\/wp-content\/uploads\/2026\/03\/image-10.png?resize=525%2C300&ssl=1 1.5x"},"classes":[]}],"jetpack_shortlink":"https:\/\/wp.me\/p3yKke-zv0","jetpack_sharing_enabled":true,"jetpack_featured_media_url":"","_links":{"self":[{"href":"https:\/\/cultureelpersbureau.nl\/fr\/wp-json\/wp\/v2\/posts\/136462","targetHints":{"allow":["GET"]}}],"collection":[{"href":"https:\/\/cultureelpersbureau.nl\/fr\/wp-json\/wp\/v2\/posts"}],"about":[{"href":"https:\/\/cultureelpersbureau.nl\/fr\/wp-json\/wp\/v2\/types\/post"}],"author":[{"embeddable":true,"href":"https:\/\/cultureelpersbureau.nl\/fr\/wp-json\/wp\/v2\/users\/1040"}],"replies":[{"embeddable":true,"href":"https:\/\/cultureelpersbureau.nl\/fr\/wp-json\/wp\/v2\/comments?post=136462"}],"version-history":[{"count":1,"href":"https:\/\/cultureelpersbureau.nl\/fr\/wp-json\/wp\/v2\/posts\/136462\/revisions"}],"predecessor-version":[{"id":136466,"href":"https:\/\/cultureelpersbureau.nl\/fr\/wp-json\/wp\/v2\/posts\/136462\/revisions\/136466"}],"wp:attachment":[{"href":"https:\/\/cultureelpersbureau.nl\/fr\/wp-json\/wp\/v2\/media?parent=136462"}],"wp:term":[{"taxonomy":"category","embeddable":true,"href":"https:\/\/cultureelpersbureau.nl\/fr\/wp-json\/wp\/v2\/categories?post=136462"},{"taxonomy":"post_tag","embeddable":true,"href":"https:\/\/cultureelpersbureau.nl\/fr\/wp-json\/wp\/v2\/tags?post=136462"}],"curies":[{"name":"wp","href":"https:\/\/api.w.org\/{rel}","templated":true}]}}