{"id":136873,"date":"2026-09-03T12:31:00","date_gmt":"2026-09-03T10:31:00","guid":{"rendered":"https:\/\/cultureelpersbureau.nl\/?p=136873"},"modified":"2026-09-02T14:39:18","modified_gmt":"2026-09-02T12:39:18","slug":"genomineerden-napk-duurzaamheid-award-2026-bekend","status":"publish","type":"post","link":"https:\/\/cultureelpersbureau.nl\/fr\/2026\/09\/genomineerden-napk-duurzaamheid-award-2026-bekend\/","title":{"rendered":"Les nomin\u00e9s pour le Prix NAPK du d\u00e9veloppement durable 2026 ont \u00e9t\u00e9 d\u00e9voil\u00e9s"},"content":{"rendered":"<p class=\"wp-block-paragraph\">De Nederlandse Associatie voor Podiumkunsten (NAPK) maakt met trots de genomineerden voor de NAPK Duurzaamheid Award 2026 bekend. Met deze prijs zet de NAPK organisaties en\/of personen in de podiumkunstensector in het zonnetje die zich op inspirerende wijze inzetten voor een duurzame toekomst.<\/p>\n\n\n\n<p class=\"wp-block-paragraph\">De jury heeft dit jaar vijf genomineerden geselecteerd die ieder op unieke wijze bijdragen aan verduurzaming binnen de sector:<\/p>\n\n\n\n<ul class=\"wp-block-list\">\n<li>Rob van Wegen, verbinder en aanjager van duurzaamheid binnen het festivalveld, die organisaties samenbrengt en kennis breed deelt.<\/li>\n\n\n\n<li>Marinus Vroom (Vis \u00e0 Vis), pionier in duurzaam produceren en creatief hergebruik van materialen, \u00e9n een van de eersten die klimaatverandering een plek gaf in theaterproducties.<\/li>\n\n\n\n<li>Marion Cornelissen (Internationaal Theater Amsterdam), die met innovatieve en toegankelijke projecten werkt aan de verduurzaming van het monumentale theatergebouw van ITA.<\/li>\n\n\n\n<li>Sarah Moeremans en Rick Spaan (Het Zuidelijk Toneel), die duurzaamheid als creatieve motor inzetten en een voorbeeldfunctie vervullen binnen de sector.<\/li>\n\n\n\n<li>Ra\u00efssa Pater (Nicole Beutler Projects), voortrekker op het gebied van duurzaam produceren en actief kennisdeler en innovator binnen de podiumkunsten.<\/li>\n<\/ul>\n\n\n\n<p class=\"wp-block-paragraph\">Volgens de jury onderscheiden de genomineerden zich door hun visie, daadkracht en vermogen om anderen te inspireren. Zij laten zien dat duurzaamheid niet alleen een noodzaak is, maar ook een bron van creativiteit, samenwerking en vernieuwing.<\/p>\n\n\n\n<p class=\"wp-block-paragraph\">De winnaar van de NAPK Duurzaamheid Award wordt bekendgemaakt op 9 november 2026 in de Stadsschouwburg Utrecht.<\/p>\n\n\n\n<p class=\"wp-block-paragraph\"><div class=\"su-note\"  style=\"border-color:#e5e54c;border-radius:3px;-moz-border-radius:3px;-webkit-border-radius:3px;\"><div class=\"su-note-inner su-u-clearfix su-u-trim\" style=\"background-color:#FFFF66;border-color:#ffffff;color:#333333;border-radius:3px;-moz-border-radius:3px;-webkit-border-radius:3px;\">De Nederlandse Associatie voor Podiumkunsten is de branchevereniging van de professionele<br \/>podiumkunstproducenten in Nederland.<\/div><\/div>\n\n\n\n<p class=\"wp-block-paragraph\"><\/p>","protected":false},"excerpt":{"rendered":"<p>De Nederlandse Associatie voor Podiumkunsten (NAPK) maakt met trots de genomineerden voor de NAPK Duurzaamheid Award 2026 bekend. Met deze prijs zet de NAPK organisaties en\/of personen in de podiumkunstensector in het zonnetje die zich op inspirerende wijze inzetten voor een duurzame toekomst. De jury heeft dit jaar vijf genomineerden geselecteerd die ieder op unieke [&hellip;]<\/p>\n","protected":false},"author":527,"featured_media":0,"comment_status":"open","ping_status":"closed","sticky":false,"template":"","format":"standard","meta":{"_eb_attr":"","_themeisle_gutenberg_block_has_review":false,"_jetpack_newsletter_access":"","_jetpack_dont_email_post_to_subs":false,"_jetpack_newsletter_tier_id":0,"_jetpack_memberships_contains_paywalled_content":false,"_jetpack_feature_clip_id":0,"_jetpack_memberships_contains_paid_content":false,"activitypub_content_warning":"","activitypub_content_visibility":"","activitypub_max_image_attachments":3,"activitypub_interaction_policy_quote":"anyone","activitypub_status":"federated","footnotes":"","jetpack_publicize_message":"","jetpack_publicize_feature_enabled":true,"jetpack_social_post_already_shared":true,"jetpack_social_options":{"image_generator_settings":{"template":"highway","default_image_id":0,"font":"","enabled":false},"version":2},"jetpack_post_was_ever_published":false},"categories":[15614,11917,8843],"tags":[15533],"class_list":["post-136873","post","type-post","status-publish","format-standard","hentry","category-beleid","category-persberichten","category-podiumkunst","tag-duurzaamheid"],"featured_image_url":[],"post_author":"Napk M.Oele","assigned_categories":"beleid, PERSBERICHTEN, PODIUMKUNST","jetpack_publicize_connections":[],"jetpack-related-posts":[{"id":122985,"url":"https:\/\/cultureelpersbureau.nl\/fr\/2026\/06\/napk-podiumkunstensector-vraagt-om-integrale-visie\/","url_meta":{"origin":136873,"position":0},"title":"NAPK : Le secteur des arts de la sc\u00e8ne demande une vision int\u00e9grale","author":"Napk","date":"30 juin 2026","format":false,"excerpt":"L'Association n\u00e9erlandaise des arts du spectacle (NAPK) constate l'existence de probl\u00e8mes structurels dans l'organisation du secteur des arts du spectacle. Dans une nouvelle analyse du syst\u00e8me, pr\u00e9sent\u00e9e aujourd\u2019hui lors d\u2019une r\u00e9union \u00ab NAPK Uitgelicht \u00bb au Th\u00e9\u00e2tre d\u2019Utrecht, l\u2019association professionnelle plaide en faveur d\u2019une approche globale de la politique et du financement sur l\u2019ensemble de la cha\u00eene. Le\u2026","rel":"","context":"Dans &quot;beleid&quot;","block_context":{"text":"beleid","link":"https:\/\/cultureelpersbureau.nl\/fr\/genre\/beleid\/"},"img":{"alt_text":"","src":"","width":0,"height":0},"classes":[]},{"id":100881,"url":"https:\/\/cultureelpersbureau.nl\/fr\/2026\/03\/van-de-gesubsidieerde-podiumkunstproducenten-leden-van-de-napk-ervaart-62-drukof-zelfcensuur-bij-het-ontwikkelen-van-nieuwe-producties\/","url_meta":{"origin":136873,"position":1},"title":"Parmi les producteurs de spectacles subventionn\u00e9s (membres de la NAPK), 62% subissent des pressions ou une (auto)censure lorsqu'ils d\u00e9veloppent de nouvelles productions.","author":"een van onze leden","date":"11 mars 2026","format":false,"excerpt":"Amsterdam, 11 mars 2026 - Une r\u00e9cente enqu\u00eate men\u00e9e aupr\u00e8s de ses membres montre que 62% des producteurs de spectacles subventionn\u00e9s aux Pays-Bas subissent des pressions ou une (auto)censure lorsqu'il s'agit de d\u00e9terminer le th\u00e8me, la forme ou le contenu de leurs spectacles. Cela couvre un large \u00e9ventail de disciplines, y compris le th\u00e9\u00e2tre, la danse, la musique (th\u00e9\u00e2tre) et les festivals d'arts du spectacle.","rel":"","context":"Dans &quot;beleid&quot;","block_context":{"text":"beleid","link":"https:\/\/cultureelpersbureau.nl\/fr\/genre\/beleid\/"},"img":{"alt_text":"","src":"","width":0,"height":0},"classes":[]},{"id":100960,"url":"https:\/\/cultureelpersbureau.nl\/fr\/2026\/03\/geen-62-procent-maar-186-producent-meldt-druk-op-artistieke-vrijheid\/","url_meta":{"origin":136873,"position":2},"title":"Ce n'est pas \u201962 %\u2019 mais \u201818,6 % des producteurs\u2019 qui font \u00e9tat de pressions sur la libert\u00e9 artistique.","author":"Wijbrand Schaap","date":"17 mars 2026","format":false,"excerpt":"Il ne s'y reconnaissait pas du tout, a d\u00e9clar\u00e9 Cees Debets \u00e0 son Th\u00e9\u00e2tre royal le lundi 16 mars. Le directeur du Het Nationale Theater faisait r\u00e9f\u00e9rence au chiffre de 62% de cr\u00e9ateurs de spectacles subventionn\u00e9s qui, selon l'organisme professionnel NAPK, 'ont subi des pressions ou (m\u00eame) de la censure lors de leur cr\u00e9ation artistique'. La direction de...","rel":"","context":"Dans &quot;beleid&quot;","block_context":{"text":"beleid","link":"https:\/\/cultureelpersbureau.nl\/fr\/genre\/beleid\/"},"img":{"alt_text":"","src":"","width":0,"height":0},"classes":[]},{"id":95158,"url":"https:\/\/cultureelpersbureau.nl\/fr\/2024\/09\/napk-lanceert-duurzaamheid-award-voor-de-podiumkunsten\/","url_meta":{"origin":136873,"position":3},"title":"NAPK lance un prix de la durabilit\u00e9 pour les arts du spectacle","author":"een van onze leden","date":"5 septembre 2024","format":false,"excerpt":"Amsterdam, 5 septembre 2024 - L'Association n\u00e9erlandaise des arts du spectacle (NAPK) a lanc\u00e9 un nouveau prix lors du Festival n\u00e9erlandais du th\u00e9\u00e2tre 2024. Ce prix est destin\u00e9 \u00e0 une personne, un organisme ou un groupe qui, selon le jury, a contribu\u00e9 de mani\u00e8re substantielle \u00e0 rendre les arts du spectacle n\u00e9erlandais (\u00e9cologiquement) durables. L'objectif...","rel":"","context":"Dans &quot;ACTUEEL&quot;","block_context":{"text":"ACTUEEL","link":"https:\/\/cultureelpersbureau.nl\/fr\/genre\/nieuws\/"},"img":{"alt_text":"","src":"https:\/\/i0.wp.com\/cultureelpersbureau.nl\/wp-content\/uploads\/2024\/09\/napkduurzaamheid.png?resize=350%2C200&ssl=1","width":350,"height":200,"srcset":"https:\/\/i0.wp.com\/cultureelpersbureau.nl\/wp-content\/uploads\/2024\/09\/napkduurzaamheid.png?resize=350%2C200&ssl=1 1x, https:\/\/i0.wp.com\/cultureelpersbureau.nl\/wp-content\/uploads\/2024\/09\/napkduurzaamheid.png?resize=525%2C300&ssl=1 1.5x"},"classes":[]},{"id":99475,"url":"https:\/\/cultureelpersbureau.nl\/fr\/2025\/11\/bureau-vergezicht-wint-eerste-napk-duurzaamheid-award\/","url_meta":{"origin":136873,"position":4},"title":"Le Bureau Vergezicht remporte le premier prix NAPK pour le d\u00e9veloppement durable","author":"een van onze leden","date":"5 novembre 2025","format":false,"excerpt":"La compagnie de th\u00e9\u00e2tre Bureau Vergezicht est la laur\u00e9ate du tout premier NAPK Duurzaamheid Award (2025). Ce prix a \u00e9t\u00e9 cr\u00e9\u00e9 par la NAPK (Association n\u00e9erlandaise des arts de la sc\u00e8ne) pour reconna\u00eetre et encourager les initiatives durables au sein du secteur des arts de la sc\u00e8ne. La remise festive a eu lieu le mercredi 5 novembre lors du Warming Up\u2026","rel":"","context":"Dans &quot;ACTUEEL&quot;","block_context":{"text":"ACTUEEL","link":"https:\/\/cultureelpersbureau.nl\/fr\/genre\/nieuws\/"},"img":{"alt_text":"","src":"https:\/\/i0.wp.com\/cultureelpersbureau.nl\/wp-content\/uploads\/2024\/09\/napkduurzaamheid.png?resize=350%2C200&ssl=1","width":350,"height":200,"srcset":"https:\/\/i0.wp.com\/cultureelpersbureau.nl\/wp-content\/uploads\/2024\/09\/napkduurzaamheid.png?resize=350%2C200&ssl=1 1x, https:\/\/i0.wp.com\/cultureelpersbureau.nl\/wp-content\/uploads\/2024\/09\/napkduurzaamheid.png?resize=525%2C300&ssl=1 1.5x"},"classes":[]},{"id":101084,"url":"https:\/\/cultureelpersbureau.nl\/fr\/2026\/03\/genomineerden-jos-brink-prijs-2026\/","url_meta":{"origin":136873,"position":5},"title":"Candidats Prix Jos Brink 2026","author":"een van onze leden","date":"30 mars 2026","format":false,"excerpt":"Les nominations pour le Prix de l'\u0152uvre Jos Brink et le Prix de l'Innovation Jos Brink ont \u00e9t\u00e9 annonc\u00e9es. Un jury ind\u00e9pendant dirig\u00e9 par Duncan Lawrence a s\u00e9lectionn\u00e9 Splinter Chabot, Pim Lammers et Fleur Pierets pour le prix de l'\u0153uvre.  Remco Boxelaar, Romy Rock et Junior van Keulen sont les nomin\u00e9s pour le Prix de l'Innovation,...","rel":"","context":"Dans &quot;beleid&quot;","block_context":{"text":"beleid","link":"https:\/\/cultureelpersbureau.nl\/fr\/genre\/beleid\/"},"img":{"alt_text":"","src":"","width":0,"height":0},"classes":[]}],"jetpack_shortlink":"https:\/\/wp.me\/p3yKke-zBD","jetpack_sharing_enabled":true,"jetpack_featured_media_url":"","_links":{"self":[{"href":"https:\/\/cultureelpersbureau.nl\/fr\/wp-json\/wp\/v2\/posts\/136873","targetHints":{"allow":["GET"]}}],"collection":[{"href":"https:\/\/cultureelpersbureau.nl\/fr\/wp-json\/wp\/v2\/posts"}],"about":[{"href":"https:\/\/cultureelpersbureau.nl\/fr\/wp-json\/wp\/v2\/types\/post"}],"author":[{"embeddable":true,"href":"https:\/\/cultureelpersbureau.nl\/fr\/wp-json\/wp\/v2\/users\/527"}],"replies":[{"embeddable":true,"href":"https:\/\/cultureelpersbureau.nl\/fr\/wp-json\/wp\/v2\/comments?post=136873"}],"version-history":[{"count":2,"href":"https:\/\/cultureelpersbureau.nl\/fr\/wp-json\/wp\/v2\/posts\/136873\/revisions"}],"predecessor-version":[{"id":136876,"href":"https:\/\/cultureelpersbureau.nl\/fr\/wp-json\/wp\/v2\/posts\/136873\/revisions\/136876"}],"wp:attachment":[{"href":"https:\/\/cultureelpersbureau.nl\/fr\/wp-json\/wp\/v2\/media?parent=136873"}],"wp:term":[{"taxonomy":"category","embeddable":true,"href":"https:\/\/cultureelpersbureau.nl\/fr\/wp-json\/wp\/v2\/categories?post=136873"},{"taxonomy":"post_tag","embeddable":true,"href":"https:\/\/cultureelpersbureau.nl\/fr\/wp-json\/wp\/v2\/tags?post=136873"}],"curies":[{"name":"wp","href":"https:\/\/api.w.org\/{rel}","templated":true}]}}