{"id":137055,"date":"2026-09-03T15:35:04","date_gmt":"2026-09-03T13:35:04","guid":{"rendered":"https:\/\/cultureelpersbureau.nl\/?p=137055"},"modified":"2026-09-03T15:35:07","modified_gmt":"2026-09-03T13:35:07","slug":"bouwwerkzaamheden-renovatie-amsterdam-museum-van-start","status":"publish","type":"post","link":"https:\/\/cultureelpersbureau.nl\/fr\/2026\/09\/bouwwerkzaamheden-renovatie-amsterdam-museum-van-start\/","title":{"rendered":"D\u00e9but des travaux de r\u00e9novation du Mus\u00e9e d'Amsterdam"},"content":{"rendered":"\n<p class=\"wp-block-paragraph\">AMSTERDAM, 3 september 2026 &#8211; <strong>Met de bevestiging van een beschermingsplaat rond de eeuwenoude Jan van Speijk-plaquette op de historische jongensbinnenplaats startten afgelopen donderdag 3 september de bouwwerkzaamheden voor de renovatie van het Amsterdam Museum. Het museum zal de komende jaren grondig worden gerenoveerd, waarbij het behouden van de monumentale aspecten en de rijke historie van het pand centraal staat.<\/strong><br \/><br \/>De bescherming rondom de gedenksteen werd ge\u00efnstalleerd door burgemeester Femke Halsema en directeur van het museum Judikje Kiers, onder toeziend oog van kinderen. <em>\u2018\u2019We bouwen immers een museum voor de volgende generatie\u2019\u2019<\/em>, licht Kiers de rol van de kinderen bij dit bijzondere moment toe. Ook wethouder Elise Moeskops, architect Michiel Riedijk, directeur van Salverda Bouw Gerwin Port en enkele andere aanwezigen trapten door het aanboren van de bescherming symbolisch de langverwachte bouwwerkzaamheden af.<\/p>\n\n\n\n<p class=\"wp-block-paragraph\">Wethouder Elise Moeskops (gemeentelijk vastgoed): <em>\u201cHet Amsterdam Museum staat aan de vooravond van een grote verbouwing. Het museum van \u00e9n voor Amsterdam krijgt de aandacht en liefde die het verdient. De verbouwing zorgt voor meer ruimte voor zowel Amsterdammers, het wordt een stuk toegankelijker, als voor de werken van het museum. Ik wens iedereen veel succes met de bouwwerkzaamheden.&#8221;<\/em><\/p>\n\n\n\n<h2 class=\"wp-block-heading\">Renovatie<\/h2>\n\n\n\n<p class=\"wp-block-paragraph\">Het Amsterdam Museum, gehuisvest in een monumentaal pand dat vier eeuwen lang dienstdeed als burgerweeshuis en daarvoor als klooster, wordt de komende jaren grondig gerenoveerd. Het museum wordt verduurzaamd en klaargemaakt voor de toekomst.<\/p>\n\n\n\n<p class=\"wp-block-paragraph\">In 2030 opent het nieuwe Amsterdam Museum. Een publieksvriendelijke plek waar bezoekers en bewoners Amsterdam leren kennen in een museumgebouw dat in verbinding staat met de buurt, de stad en de bewoners. Het museum wordt toegankelijker, opener en duurzamer, met meer ruimte voor collectie, educatie en publiek.<\/p>\n\n\n\n<h2 class=\"wp-block-heading\">Langverwachte start<\/h2>\n\n\n\n<p class=\"wp-block-paragraph\">Sinds 2016 wordt gesproken over de renovatie van het Amsterdam Museum. Na een zeer zorgvuldig doorlopen traject met uitgebreide afstemming met diverse erfgoed- en monumentenpartijen, stemden in 2021 de gemeenteraad in met het ontwerp van architectenbureau Neutelings Riedijk Architecten, dat in samenwerking met TPAHG Architecten als restauratiearchitect tot stand kwam. In 2024 werd de omgevingsvergunning definitief. Na een aanbesteding werd de opdracht gegund aan Salverda Bouw die nu begint met de bouwwerkzaamheden en de renovatie de komende jaren zal uitvoeren.<br \/>Directeur Judikje Kiers; <em>\u2018\u2019We zijn zeer verheugd dat de bouwwerkzaamheden nu eindelijk echt beginnen en we een stip op de horizon hebben: we kunnen niet wachten om in 2030 de deuren van dit prachtige monument weer te openen voor bezoekers.\u2019\u2019<\/em><\/p>\n\n\n\n<h2 class=\"wp-block-heading\">Plaquette van Van Speijk<\/h2>\n\n\n\n<p class=\"wp-block-paragraph\">Op de jongensbinnenplaats van het Amsterdam Museum is sinds 20 oktober 1831 een gedenksteen te zien voor Jan van Speijk. Het betreft een plaquette met opschrift: <em>&#8216;Aan Jan Carel Josephus van Speyk, [&#8230;] op &#8216;s lands kanonneerboot no.2 voor Antwerpen, door de oproerige Belgen aangevallen stak hy, tot redding van de eer der Hollandsche vlag, den brand in het buskruid en stierf den heldendood, den 5den February 1831&#8217;.<\/em><\/p>\n\n\n\n<p class=\"wp-block-paragraph\">Jan van Speijk (1802-1831) groeide als wees op in het Amsterdamse Burgerweeshuis. Hij was kanonneerbootcommandant tijdens de Belgische Opstand. Op 5 februari 1831 dreef zijn schip door harde wind en een defect anker naar de kade van Antwerpen, waar Belgische militairen en burgers het bestormden. Van Speijk wilde zich niet overgeven en liet het schip ontploffen door een vat buskruit aan te steken. Daarbij kwamen hijzelf, 28 van de 31 bemanningsleden en meerdere Belgen om het leven. In een tijd waarin Nederland behoefte had aan nationale helden, werd deze daad gezien als een voorbeeld van moed en vaderlandsliefde. Van Speijk groeide uit tot een nationale held en zijn verhaal werd vereeuwigd in monumenten, schilderijen, boeken en andere herdenkingsobjecten.<\/p>\n\n\n\n<p class=\"wp-block-paragraph\">De gedenksteen van Van Speijk is een van de vele historische elementen in het eeuwenoude pand. Zo zijn er meerdere historische gevelstenen in het gebouw, oude zuilen in de kolommengalerij, eeuwenoude waterpompen op de binnenplaatsen, de herkenbare wezenkastjes, de lindeboom, geplant ter gelegenheid van de inhuldiging van koningin Wilhelmina in 1898 en enkele originele zeventiende-eeuwse beschilderde plafonds. Tijdens de renovatie zullen al deze monumentale onderdelen van het pand zorgvuldig worden beschermd.<\/p>\n\n\n\n<p class=\"wp-block-paragraph\"><div class=\"su-note\"  style=\"border-color:#e5e54c;border-radius:3px;-moz-border-radius:3px;-webkit-border-radius:3px;\"><div class=\"su-note-inner su-u-clearfix su-u-trim\" style=\"background-color:#FFFF66;border-color:#ffffff;color:#333333;border-radius:3px;-moz-border-radius:3px;-webkit-border-radius:3px;\">De renovatie van het Amsterdam Museum wordt bekostigd door de gemeente Amsterdam. VriendenLoterij, Kroonenberg Groep, Hartwig Foundation en ELJA Foundation dragen als Founder bij aan de inrichting en programmering van het nieuwe museum.<\/div><\/div>\n","protected":false},"excerpt":{"rendered":"<p>AMSTERDAM, 3 september 2026 &#8211; Met de bevestiging van een beschermingsplaat rond de eeuwenoude Jan van Speijk-plaquette op de historische jongensbinnenplaats startten afgelopen donderdag 3 september de bouwwerkzaamheden voor de renovatie van het Amsterdam Museum. Het museum zal de komende jaren grondig worden gerenoveerd, waarbij het behouden van de monumentale aspecten en de rijke historie [&hellip;]<\/p>\n","protected":false},"author":1040,"featured_media":0,"comment_status":"open","ping_status":"closed","sticky":false,"template":"","format":"standard","meta":{"_eb_attr":"","_themeisle_gutenberg_block_has_review":false,"_jetpack_newsletter_access":"","_jetpack_dont_email_post_to_subs":false,"_jetpack_newsletter_tier_id":0,"_jetpack_memberships_contains_paywalled_content":false,"_jetpack_feature_clip_id":0,"_jetpack_memberships_contains_paid_content":false,"activitypub_content_warning":"","activitypub_content_visibility":"","activitypub_max_image_attachments":3,"activitypub_interaction_policy_quote":"anyone","activitypub_status":"federated","footnotes":"","jetpack_publicize_message":"","jetpack_publicize_feature_enabled":true,"jetpack_social_post_already_shared":false,"jetpack_social_options":{"image_generator_settings":{"template":"highway","default_image_id":0,"font":"","enabled":false},"version":2},"jetpack_post_was_ever_published":false},"categories":[15614,10340,11917],"tags":[20],"class_list":["post-137055","post","type-post","status-publish","format-standard","hentry","category-beleid","category-erfgoed","category-persberichten","tag-amsterdam"],"featured_image_url":[],"post_author":"Kim Koopman","assigned_categories":"beleid, ERFGOED, PERSBERICHTEN","jetpack_publicize_connections":[],"jetpack-related-posts":[{"id":131091,"url":"https:\/\/cultureelpersbureau.nl\/fr\/2026\/08\/amsterdam-museum-viert-100-jarig-bestaan-met-100-dagen-durend-festival\/","url_meta":{"origin":137055,"position":0},"title":"Le Mus\u00e9e d'Amsterdam c\u00e9l\u00e8bre son centenaire avec un festival de 100 jours","author":"Amsterdam Museum","date":"5 ao\u00fbt 2026","format":false,"excerpt":"L'Amsterdam Museum f\u00eate ses 100 ans. Du 3 septembre au 11 d\u00e9cembre 2026, l'Amsterdam Museum c\u00e9l\u00e9brera cet anniversaire exceptionnel avec un programme festif qui s'\u00e9tendra sur cent jours. Avec le Festival du Mus\u00e9e d'Amsterdam, riche en activit\u00e9s dans toute la ville, le mus\u00e9e invite tous les Amstellodamois \u00e0 participer \u00e0 cet anniversaire\u2026","rel":"","context":"Dans &quot;ACTUEEL&quot;","block_context":{"text":"ACTUEEL","link":"https:\/\/cultureelpersbureau.nl\/fr\/genre\/nieuws\/"},"img":{"alt_text":"","src":"","width":0,"height":0},"classes":[]},{"id":136462,"url":"https:\/\/cultureelpersbureau.nl\/fr\/2026\/08\/amsterdam-museum-festival-van-start-100-jarig-bestaan-100-dagen-feest\/","url_meta":{"origin":137055,"position":1},"title":"Coup d'envoi du Festival des mus\u00e9es d'Amsterdam : 100 ans d'existence, 100 jours de f\u00eate","author":"Amsterdam Museum","date":"31 ao\u00fbt 2026","format":false,"excerpt":"Du jeudi 3 septembre au 11 d\u00e9cembre inclus, l'Amsterdam Museum c\u00e9l\u00e8bre son centenaire avec un programme festif qui s'\u00e9tendra sur cent jours. Avec le Festival du Mus\u00e9e d\u2019Amsterdam, qui propose de nombreuses activit\u00e9s dans toute la ville, le mus\u00e9e invite tous les Amstellodamois \u00e0 venir c\u00e9l\u00e9brer cet anniversaire avec lui. La plupart des activit\u00e9s sont gratuites\u2026","rel":"","context":"Dans &quot;ERFGOED&quot;","block_context":{"text":"ERFGOED","link":"https:\/\/cultureelpersbureau.nl\/fr\/genre\/erfgoed\/"},"img":{"alt_text":"","src":"","width":0,"height":0},"classes":[]},{"id":133658,"url":"https:\/\/cultureelpersbureau.nl\/fr\/2026\/08\/nieuwe-tentoonstelling-huis-willet-holthuysen-legt-financiering-van-surinaamse-plantages-bloot\/","url_meta":{"origin":137055,"position":2},"title":"Une nouvelle exposition \u00e0 la Maison Willet-Holthuysen met en lumi\u00e8re le financement des plantations surinamaises","author":"Amsterdam Museum","date":"17 ao\u00fbt 2026","format":false,"excerpt":"\u2018 Plantage aan de gracht \u2013 Histoires d\u2019hommes et de pouvoir ' \u00e9tablit un lien direct entre l\u2019univers des financiers amstellodamois du XVIIIe si\u00e8cle et celui des esclaves. Du 16 octobre 2026 au 4 avril 2027 | Lieu : Huis Willet-Holthuysen, Amsterdam Au XVIIIe si\u00e8cle, depuis le b\u00e2timent historique qui abrite aujourd\u2019hui la Huis Willet-Holthuysen\u2026","rel":"","context":"Dans &quot;BEELDEND&quot;","block_context":{"text":"BEELDEND","link":"https:\/\/cultureelpersbureau.nl\/fr\/genre\/beeldende-kunst-2\/"},"img":{"alt_text":"","src":"","width":0,"height":0},"classes":[]},{"id":92993,"url":"https:\/\/cultureelpersbureau.nl\/fr\/2023\/12\/amsterdam-museum-in-2023-zichtbaar-op-alle-fronten\/","url_meta":{"origin":137055,"position":3},"title":"Le mus\u00e9e d'Amsterdam visible sur tous les fronts d'ici 2023.","author":"een van onze leden","date":"14 d\u00e9cembre 2023","format":false,"excerpt":"Het Amsterdam Museum was in 2023 fysiek en digitaal op allerlei plekken zichtbaar, zowel op de locaties aan de Amstel en Huis Willet-Holthuysen als in de vorm van een meerdelige documentaireserie, een nieuw digitaal platform en programmering bij partners. De tentoonstellingen en publieksprogramma\u2019s van het museum trokken op beide locaties\u2026","rel":"","context":"Dans &quot;ERFGOED&quot;","block_context":{"text":"ERFGOED","link":"https:\/\/cultureelpersbureau.nl\/fr\/genre\/erfgoed\/"},"img":{"alt_text":"","src":"https:\/\/i0.wp.com\/cultureelpersbureau.nl\/wp-content\/uploads\/2023\/12\/Afbeelding9.jpeg?resize=350%2C200&ssl=1","width":350,"height":200,"srcset":"https:\/\/i0.wp.com\/cultureelpersbureau.nl\/wp-content\/uploads\/2023\/12\/Afbeelding9.jpeg?resize=350%2C200&ssl=1 1x, https:\/\/i0.wp.com\/cultureelpersbureau.nl\/wp-content\/uploads\/2023\/12\/Afbeelding9.jpeg?resize=525%2C300&ssl=1 1.5x"},"classes":[]},{"id":120841,"url":"https:\/\/cultureelpersbureau.nl\/fr\/2026\/06\/amsterdam-museum-en-nationaal-slavernijmuseum-presenteren-buitententoonstelling-samangat-moluks-in-amsterdam-op-de-kop-van-java\/","url_meta":{"origin":137055,"position":4},"title":"Le Mus\u00e9e d'Amsterdam et le Mus\u00e9e national de l'esclavage pr\u00e9sentent l'exposition en plein air \u2018 Samangat ! Les Moluquois \u00e0 Amsterdam \u2019 au Kop van Java","author":"Amsterdam Museum","date":"22 juin 2026","format":false,"excerpt":"Du 30 juillet au 22 octobre 2026 | Lieu : Kop van Java, Amsterdam | Entr\u00e9e libre Cet \u00e9t\u00e9, le Mus\u00e9e d\u2019Amsterdam et le Mus\u00e9e national de l\u2019esclavage mettent en lumi\u00e8re les histoires des Moluquois d\u2019Amsterdam dans l\u2019espace public. \u00c0 l'occasion de l'ann\u00e9e comm\u00e9morative \u2018 75 ans des Moluquois \u00e0 Amsterdam \u2019, les mus\u00e9es, en collaboration avec\u2026","rel":"","context":"Dans &quot;ERFGOED&quot;","block_context":{"text":"ERFGOED","link":"https:\/\/cultureelpersbureau.nl\/fr\/genre\/erfgoed\/"},"img":{"alt_text":"","src":"","width":0,"height":0},"classes":[]},{"id":95476,"url":"https:\/\/cultureelpersbureau.nl\/fr\/2024\/10\/groen-licht-voor-renovatie-amsterdam-museum\/","url_meta":{"origin":137055,"position":5},"title":"Feu vert pour la r\u00e9novation du mus\u00e9e d'Amsterdam\u00a0","author":"een van onze leden","date":"16 octobre 2024","format":false,"excerpt":"La Cour supr\u00eame statue : la r\u00e9novation peut commencer Le Conseil d'\u00c9tat a donn\u00e9 \u00e0 la ville d'Amsterdam le feu vert en appel pour r\u00e9nover le site principal du mus\u00e9e d'Amsterdam sur Kalverstraat. Le mus\u00e9e d'Amsterdam disposera d'un espace plus grand et de meilleure qualit\u00e9 pour la collection et le public, deviendra plus durable et...","rel":"","context":"Dans &quot;ACTUEEL&quot;","block_context":{"text":"ACTUEEL","link":"https:\/\/cultureelpersbureau.nl\/fr\/genre\/nieuws\/"},"img":{"alt_text":"","src":"https:\/\/i0.wp.com\/cultureelpersbureau.nl\/wp-content\/uploads\/2024\/10\/Visualisatie-renovatieplan-Amsterdam-Museum-vogelvlucht.-Vero-Visuals-scaled.jpeg?resize=350%2C200&ssl=1","width":350,"height":200,"srcset":"https:\/\/i0.wp.com\/cultureelpersbureau.nl\/wp-content\/uploads\/2024\/10\/Visualisatie-renovatieplan-Amsterdam-Museum-vogelvlucht.-Vero-Visuals-scaled.jpeg?resize=350%2C200&ssl=1 1x, https:\/\/i0.wp.com\/cultureelpersbureau.nl\/wp-content\/uploads\/2024\/10\/Visualisatie-renovatieplan-Amsterdam-Museum-vogelvlucht.-Vero-Visuals-scaled.jpeg?resize=525%2C300&ssl=1 1.5x, https:\/\/i0.wp.com\/cultureelpersbureau.nl\/wp-content\/uploads\/2024\/10\/Visualisatie-renovatieplan-Amsterdam-Museum-vogelvlucht.-Vero-Visuals-scaled.jpeg?resize=700%2C400&ssl=1 2x, https:\/\/i0.wp.com\/cultureelpersbureau.nl\/wp-content\/uploads\/2024\/10\/Visualisatie-renovatieplan-Amsterdam-Museum-vogelvlucht.-Vero-Visuals-scaled.jpeg?resize=1050%2C600&ssl=1 3x, https:\/\/i0.wp.com\/cultureelpersbureau.nl\/wp-content\/uploads\/2024\/10\/Visualisatie-renovatieplan-Amsterdam-Museum-vogelvlucht.-Vero-Visuals-scaled.jpeg?resize=1400%2C800&ssl=1 4x"},"classes":[]}],"jetpack_shortlink":"https:\/\/wp.me\/p3yKke-zEz","jetpack_sharing_enabled":true,"jetpack_featured_media_url":"","_links":{"self":[{"href":"https:\/\/cultureelpersbureau.nl\/fr\/wp-json\/wp\/v2\/posts\/137055","targetHints":{"allow":["GET"]}}],"collection":[{"href":"https:\/\/cultureelpersbureau.nl\/fr\/wp-json\/wp\/v2\/posts"}],"about":[{"href":"https:\/\/cultureelpersbureau.nl\/fr\/wp-json\/wp\/v2\/types\/post"}],"author":[{"embeddable":true,"href":"https:\/\/cultureelpersbureau.nl\/fr\/wp-json\/wp\/v2\/users\/1040"}],"replies":[{"embeddable":true,"href":"https:\/\/cultureelpersbureau.nl\/fr\/wp-json\/wp\/v2\/comments?post=137055"}],"version-history":[{"count":1,"href":"https:\/\/cultureelpersbureau.nl\/fr\/wp-json\/wp\/v2\/posts\/137055\/revisions"}],"predecessor-version":[{"id":137056,"href":"https:\/\/cultureelpersbureau.nl\/fr\/wp-json\/wp\/v2\/posts\/137055\/revisions\/137056"}],"wp:attachment":[{"href":"https:\/\/cultureelpersbureau.nl\/fr\/wp-json\/wp\/v2\/media?parent=137055"}],"wp:term":[{"taxonomy":"category","embeddable":true,"href":"https:\/\/cultureelpersbureau.nl\/fr\/wp-json\/wp\/v2\/categories?post=137055"},{"taxonomy":"post_tag","embeddable":true,"href":"https:\/\/cultureelpersbureau.nl\/fr\/wp-json\/wp\/v2\/tags?post=137055"}],"curies":[{"name":"wp","href":"https:\/\/api.w.org\/{rel}","templated":true}]}}