{"id":137115,"date":"2026-09-04T10:54:00","date_gmt":"2026-09-04T08:54:00","guid":{"rendered":"https:\/\/cultureelpersbureau.nl\/?p=137115"},"modified":"2026-09-04T10:54:05","modified_gmt":"2026-09-04T08:54:05","slug":"space-for-dance-art-viert-vijfjarig-bestaan-met-house-in-motion","status":"publish","type":"post","link":"https:\/\/cultureelpersbureau.nl\/fr\/2026\/09\/space-for-dance-art-viert-vijfjarig-bestaan-met-house-in-motion\/","title":{"rendered":"Space for Dance Art c\u00e9l\u00e8bre son cinqui\u00e8me anniversaire avec \u00ab House in Motion \u00bb"},"content":{"rendered":"<p class=\"wp-block-paragraph\">De thuisbasis van ICK Dans Amsterdam opent de deuren voor publiek, buurt, makers en partners<\/p>\n\n\n\n<p class=\"wp-block-paragraph\">R\u00e9cup\u00e9r\u00e9 de <strong>vrijdag 11 september<\/strong> viert Space for Dance Art aan de Rijnlandlaan in Amsterdam haar vijfjarig bestaan. Onder de titel <strong><em>House in Motion<\/em><\/strong> opent de thuisbasis van ICK Dans Amsterdam haar deuren voor een feestelijke ontmoeting met publiek, buurtgenoten, makers, partners en iedereen die nieuwsgierig is naar dit bijzondere huis voor hedendaagse dans.<\/p>\n\n\n\n<p class=\"wp-block-paragraph\">Space for Dance Art is een plek waar dans wordt gemaakt, onderzocht, gedeeld en beleefd. In het markante gebouw Westbeat in Amsterdam Nieuw-West, komen professionele dansers, jonge makers, studenten, onderzoekers, bezoekers en partners samen. Er wordt gerepeteerd en gepresenteerd, lesgegeven en geleerd, gekeken en meegedaan.<\/p>\n\n\n\n<p class=\"wp-block-paragraph\">Pendant <strong><em>House in Motion<\/em><\/strong> nodigt Space for Dance Art bezoekers uit om het gebouw van binnen te ervaren. Een feestelijk moment: de deuren gaan open, er is gelegenheid om het gebouw en de studio\u2019s te bekijken, elkaar te ontmoeten tijdens een borrel. Ook kunnen bezoekers kunnen aansluiten bij <em>WE, Together,<\/em> de openbare repetities van ICK, waarin je als bezoeker een kijkje in de keuken krijgt van het gezelschap.<\/p>\n\n\n\n<p class=\"wp-block-paragraph\">'<em>Space for Dance Art is geen gesloten huis voor professionals, maar een plek waar beweging gedeeld wordt,\u2019 zegt bestuurder en choreograaf Pieter C. Scholten. \u2018Hier werken dansers en makers dagelijks aan de toekomst van dans, maar hier kunnen bezoekers, buurtbewoners en partners die wereld ook van dichtbij ervaren in onze wekelijkse open programma\u2019s.\u2019<\/em><\/p>\n\n\n\n<p class=\"wp-block-paragraph\">Het jubileum is vooral een moment om vooruit te bewegen. Afgelopen vijf jaar groeide Space for Dance Art uit tot een cultureel huis in Nieuw-West waar creatie, presentatie, onderzoek, educatie en ontmoeting samenkomen. De komende jaren ontwikkelt dit choreografisch kunstencentrum zich verder: open voor publiek, voor de buurt, voor nieuwe samenwerkingen en voor iedereen die dans wil ervaren, maken of mogelijk maken.<\/p>\n\n\n\n<p class=\"wp-block-paragraph\">Naast de activiteiten van ICK Dans Amsterdam biedt Space for Dance Art ook ruimte aan externe makers, organisaties en partners. De professioneel uitgeruste studio\u2019s en het auditorium worden gebruikt voor repetities, presentaties, workshops, bijeenkomsten, lezingen en evenementen. Daarmee is het gebouw niet alleen een thuis voor ICK, maar ook een plek waar anderen hun plannen, idee\u00ebn en projecten tot leven kunnen brengen.<\/p>\n\n\n\n<h2 class=\"wp-block-heading\">Pratique<\/h2>\n\n\n\n<p class=\"wp-block-paragraph\"><div class=\"su-note\"  style=\"border-color:#e5e54c;border-radius:3px;-moz-border-radius:3px;-webkit-border-radius:3px;\"><div class=\"su-note-inner su-u-clearfix su-u-trim\" style=\"background-color:#FFFF66;border-color:#ffffff;color:#333333;border-radius:3px;-moz-border-radius:3px;-webkit-border-radius:3px;\">House in Motion \u2013 5 jaar Space for Dance Art<br \/>Donderdag 11 september, gehele dag vrij toegankelijk.<br \/>We, Together van 17:00-17:45<br \/>Borrel: 18:00<br \/>Space for Dance Art \/ ICK Dans Amsterdam<br \/>Rijnlandlaan 3, Amsterdam Nieuw-West<br \/><a href=\"https:\/\/ickdansamsterdam.email-provider.eu\/link\/crib913qys\/twz9avxq6i\/nbsw0j6vnd\/c57wg0g594\/lbfoaaoxdx?lp-t=1788456620\" target=\"_blank\" rel=\"noopener\"><u>www.ickamsterdam.nl<\/u><\/a><\/div><\/div>","protected":false},"excerpt":{"rendered":"<p>De thuisbasis van ICK Dans Amsterdam opent de deuren voor publiek, buurt, makers en partners Op vrijdag 11 september viert Space for Dance Art aan de Rijnlandlaan in Amsterdam haar vijfjarig bestaan. Onder de titel House in Motion opent de thuisbasis van ICK Dans Amsterdam haar deuren voor een feestelijke ontmoeting met publiek, buurtgenoten, makers, [&hellip;]<\/p>\n","protected":false},"author":518,"featured_media":0,"comment_status":"open","ping_status":"closed","sticky":false,"template":"","format":"standard","meta":{"_eb_attr":"","_themeisle_gutenberg_block_has_review":false,"_jetpack_newsletter_access":"","_jetpack_dont_email_post_to_subs":false,"_jetpack_newsletter_tier_id":0,"_jetpack_memberships_contains_paywalled_content":false,"_jetpack_feature_clip_id":0,"_jetpack_memberships_contains_paid_content":false,"activitypub_content_warning":"","activitypub_content_visibility":"","activitypub_max_image_attachments":3,"activitypub_interaction_policy_quote":"anyone","activitypub_status":"federated","footnotes":"","jetpack_publicize_message":"","jetpack_publicize_feature_enabled":true,"jetpack_social_post_already_shared":false,"jetpack_social_options":{"image_generator_settings":{"template":"highway","default_image_id":0,"font":"","enabled":false},"version":2},"jetpack_post_was_ever_published":false},"categories":[6695,11917,8843],"tags":[20,15397],"class_list":["post-137115","post","type-post","status-publish","format-standard","hentry","category-dans","category-persberichten","category-podiumkunst","tag-amsterdam","tag-ick-amsterdam"],"featured_image_url":[],"post_author":"Stichting ICK","assigned_categories":"DANS, PERSBERICHTEN, PODIUMKUNST","jetpack_publicize_connections":[],"jetpack-related-posts":[{"id":94685,"url":"https:\/\/cultureelpersbureau.nl\/fr\/2024\/07\/queer-ballroom-cultuur-komt-naar-nieuw-west-amsterdam\/","url_meta":{"origin":137115,"position":0},"title":"LA CULTURE DE LA SALLE DE BAL QUEER ARRIVE \u00c0 NIEUW-WEST, AMSTERDAM","author":"een van onze leden","date":"4 juillet 2024","format":false,"excerpt":"Een roep voor meer queer activiteiten klinkt vanuit Nieuw-West en zal op 29 juli worden beantwoord. Op de eerste maandag van\u00a0Pride Amsterdam\u00a0zal\u00a0The Kiki Kiki Ball\u00a0plaats vinden in\u00a0Space for Dance Art, georganiseerd door\u00a0Deion Versace\u00a0en ondersteund door\u00a0ICK Dans Amsterdam,\u00a0en maker\u00a0Robin Nimanong.\u00a0 The Kiki Kiki Ball\u00a0zet hun allereerste editie groots neer met workshops,\u2026","rel":"","context":"Dans &quot;DANS&quot;","block_context":{"text":"DANS","link":"https:\/\/cultureelpersbureau.nl\/fr\/genre\/podiumkunst\/dans\/"},"img":{"alt_text":"","src":"https:\/\/i0.wp.com\/cultureelpersbureau.nl\/wp-content\/uploads\/2024\/07\/e79119d022198052cd6ff4fc6c120130b3a4d1e7.png?resize=350%2C200&ssl=1","width":350,"height":200,"srcset":"https:\/\/i0.wp.com\/cultureelpersbureau.nl\/wp-content\/uploads\/2024\/07\/e79119d022198052cd6ff4fc6c120130b3a4d1e7.png?resize=350%2C200&ssl=1 1x, https:\/\/i0.wp.com\/cultureelpersbureau.nl\/wp-content\/uploads\/2024\/07\/e79119d022198052cd6ff4fc6c120130b3a4d1e7.png?resize=525%2C300&ssl=1 1.5x, https:\/\/i0.wp.com\/cultureelpersbureau.nl\/wp-content\/uploads\/2024\/07\/e79119d022198052cd6ff4fc6c120130b3a4d1e7.png?resize=700%2C400&ssl=1 2x, https:\/\/i0.wp.com\/cultureelpersbureau.nl\/wp-content\/uploads\/2024\/07\/e79119d022198052cd6ff4fc6c120130b3a4d1e7.png?resize=1050%2C600&ssl=1 3x"},"classes":[]},{"id":94440,"url":"https:\/\/cultureelpersbureau.nl\/fr\/2024\/06\/wethouder-touria-meliani-bezoekt-vernieuwde-theaterstudio-artist-space\/","url_meta":{"origin":137115,"position":1},"title":"L'\u00c9CHEVINE TOURIA MELIANI VISITE L'ESPACE ARTISTIQUE THEATRE STUDIO R\u00c9NOV\u00c9","author":"een van onze leden","date":"8 juin 2024","format":false,"excerpt":"Le vendredi 7 juin, Touria Meliani, adjointe \u00e0 la culture de la ville d'Amsterdam, a visit\u00e9 le studio de th\u00e9\u00e2tre r\u00e9cemment r\u00e9nov\u00e9, Artist Space. Ce studio sert d'espace de r\u00e9p\u00e9tition, de cr\u00e9ation et de pr\u00e9sentation pour les nouveaux cr\u00e9ateurs et est \u00e9quip\u00e9, entre autres, d'un nouveau syst\u00e8me d'\u00e9clairage, sponsoris\u00e9 par Electronic Theatre Controls (ETC). Pendant sa visite, elle a assist\u00e9 \u00e0\u2026","rel":"","context":"Dans &quot;beleid&quot;","block_context":{"text":"beleid","link":"https:\/\/cultureelpersbureau.nl\/fr\/genre\/beleid\/"},"img":{"alt_text":"","src":"https:\/\/i0.wp.com\/cultureelpersbureau.nl\/wp-content\/uploads\/2024\/06\/9145c33f241efa401bae730810bce83cdb153231.webp?resize=350%2C200&ssl=1","width":350,"height":200,"srcset":"https:\/\/i0.wp.com\/cultureelpersbureau.nl\/wp-content\/uploads\/2024\/06\/9145c33f241efa401bae730810bce83cdb153231.webp?resize=350%2C200&ssl=1 1x, https:\/\/i0.wp.com\/cultureelpersbureau.nl\/wp-content\/uploads\/2024\/06\/9145c33f241efa401bae730810bce83cdb153231.webp?resize=525%2C300&ssl=1 1.5x, https:\/\/i0.wp.com\/cultureelpersbureau.nl\/wp-content\/uploads\/2024\/06\/9145c33f241efa401bae730810bce83cdb153231.webp?resize=700%2C400&ssl=1 2x, https:\/\/i0.wp.com\/cultureelpersbureau.nl\/wp-content\/uploads\/2024\/06\/9145c33f241efa401bae730810bce83cdb153231.webp?resize=1050%2C600&ssl=1 3x, https:\/\/i0.wp.com\/cultureelpersbureau.nl\/wp-content\/uploads\/2024\/06\/9145c33f241efa401bae730810bce83cdb153231.webp?resize=1400%2C800&ssl=1 4x"},"classes":[]},{"id":95682,"url":"https:\/\/cultureelpersbureau.nl\/fr\/2024\/11\/ick-dans-amsterdam-verlegt-focus\/","url_meta":{"origin":137115,"position":2},"title":"ICK DANS AMSTERDAM CHANGE D'ORIENTATION","author":"een van onze leden","date":"5 novembre 2024","format":false,"excerpt":"ICK Dans Amsterdam mettra fin \u00e0 sa fonction de maison de production d'ici 2025. Cette d\u00e9cision fait suite \u00e0 l'avis de l'Amsterdam Fund for the Arts (AFK), qui a d\u00e9cid\u00e9 de ne pas accorder cette fonction et le financement qui y est associ\u00e9. Outre ses propres productions, ICK se concentrera dans les ann\u00e9es \u00e0 venir sur la recherche, en particulier...","rel":"","context":"Dans &quot;DANS&quot;","block_context":{"text":"DANS","link":"https:\/\/cultureelpersbureau.nl\/fr\/genre\/podiumkunst\/dans\/"},"img":{"alt_text":"","src":"https:\/\/i0.wp.com\/cultureelpersbureau.nl\/wp-content\/uploads\/2024\/11\/691d367ceedeef75950c12211025daf147e43fea-scaled.jpeg?resize=350%2C200&ssl=1","width":350,"height":200,"srcset":"https:\/\/i0.wp.com\/cultureelpersbureau.nl\/wp-content\/uploads\/2024\/11\/691d367ceedeef75950c12211025daf147e43fea-scaled.jpeg?resize=350%2C200&ssl=1 1x, https:\/\/i0.wp.com\/cultureelpersbureau.nl\/wp-content\/uploads\/2024\/11\/691d367ceedeef75950c12211025daf147e43fea-scaled.jpeg?resize=525%2C300&ssl=1 1.5x, https:\/\/i0.wp.com\/cultureelpersbureau.nl\/wp-content\/uploads\/2024\/11\/691d367ceedeef75950c12211025daf147e43fea-scaled.jpeg?resize=700%2C400&ssl=1 2x, https:\/\/i0.wp.com\/cultureelpersbureau.nl\/wp-content\/uploads\/2024\/11\/691d367ceedeef75950c12211025daf147e43fea-scaled.jpeg?resize=1050%2C600&ssl=1 3x, https:\/\/i0.wp.com\/cultureelpersbureau.nl\/wp-content\/uploads\/2024\/11\/691d367ceedeef75950c12211025daf147e43fea-scaled.jpeg?resize=1400%2C800&ssl=1 4x"},"classes":[]},{"id":100911,"url":"https:\/\/cultureelpersbureau.nl\/fr\/2026\/03\/de-kracht-van-pure-dans-ick-fest-2026-in-de-meervaart\/","url_meta":{"origin":137115,"position":3},"title":"Le pouvoir de la danse pure : ICK-Fest 2026 \u00e0 De Meervaart","author":"een van onze leden","date":"13 mars 2026","format":false,"excerpt":"28 mars 2026 - Meervaart, Amsterdam - Pass\u00e9, pr\u00e9sent et futur de la danse Le samedi 28 mars 2026, la huiti\u00e8me \u00e9dition de l'ICK-Fest aura lieu \u00e0 la De Meervaart. Durant ce festival annuel de l'ICK Dans Amsterdam, on cherchera une r\u00e9ponse \u00e0 la question : quelle est la force de la danse pure \u00e0 l'heure de\u2026","rel":"","context":"Dans &quot;DANS&quot;","block_context":{"text":"DANS","link":"https:\/\/cultureelpersbureau.nl\/fr\/genre\/podiumkunst\/dans\/"},"img":{"alt_text":"","src":"","width":0,"height":0},"classes":[]},{"id":97876,"url":"https:\/\/cultureelpersbureau.nl\/fr\/2025\/07\/gratis-dansevenement-voor-alle-amsterdammers-rhino-dance-marathon\/","url_meta":{"origin":137115,"position":4},"title":"\u00c9V\u00c9NEMENT DE DANSE GRATUIT POUR TOUS LES AMSTERDAMMERS : RHINO DANCE MARATHON","author":"een van onze leden","date":"4 juillet 2025","format":false,"excerpt":"Een fysieke ode aan dertig jaar Emio Greco | Pieter C. ScholtenOp 10 & 11 juli aanstaande is het 2 dagen non-stop feest in Space for Dance Art, Nieuw-West. In deze marathon vloeien iconische performances van EG | PC samen met het werk van baanbrekende nieuwe makers. De Rhino Dance\u2026","rel":"","context":"Dans &quot;DANS&quot;","block_context":{"text":"DANS","link":"https:\/\/cultureelpersbureau.nl\/fr\/genre\/podiumkunst\/dans\/"},"img":{"alt_text":"","src":"https:\/\/i0.wp.com\/cultureelpersbureau.nl\/wp-content\/uploads\/2025\/07\/Rimasto-%C2%A9-Jean-Pierrew-Stoop_LOW.jpg?resize=350%2C200&ssl=1","width":350,"height":200,"srcset":"https:\/\/i0.wp.com\/cultureelpersbureau.nl\/wp-content\/uploads\/2025\/07\/Rimasto-%C2%A9-Jean-Pierrew-Stoop_LOW.jpg?resize=350%2C200&ssl=1 1x, https:\/\/i0.wp.com\/cultureelpersbureau.nl\/wp-content\/uploads\/2025\/07\/Rimasto-%C2%A9-Jean-Pierrew-Stoop_LOW.jpg?resize=525%2C300&ssl=1 1.5x, https:\/\/i0.wp.com\/cultureelpersbureau.nl\/wp-content\/uploads\/2025\/07\/Rimasto-%C2%A9-Jean-Pierrew-Stoop_LOW.jpg?resize=700%2C400&ssl=1 2x, https:\/\/i0.wp.com\/cultureelpersbureau.nl\/wp-content\/uploads\/2025\/07\/Rimasto-%C2%A9-Jean-Pierrew-Stoop_LOW.jpg?resize=1050%2C600&ssl=1 3x, https:\/\/i0.wp.com\/cultureelpersbureau.nl\/wp-content\/uploads\/2025\/07\/Rimasto-%C2%A9-Jean-Pierrew-Stoop_LOW.jpg?resize=1400%2C800&ssl=1 4x"},"classes":[]},{"id":93851,"url":"https:\/\/cultureelpersbureau.nl\/fr\/2024\/03\/nieuwe-montage-theaterstudio-in-amsterdam\/","url_meta":{"origin":137115,"position":5},"title":"Nouveau studio de montage et de th\u00e9\u00e2tre \u00e0 Amsterdam","author":"een van onze leden","date":"23 mars 2024","format":false,"excerpt":"Le 21 mars, ICK Dans Amsterdam a ouvert les portes de son nouveau studio de montage ultramoderne sur le site du WG, au c\u0153ur d'Amsterdam. Gr\u00e2ce au nouveau sponsor ETC (Electronic Theatre Controls), le studio est d\u00e9sormais \u00e9quip\u00e9 d'un \u00e9clairage LED durable de haute qualit\u00e9 et...","rel":"","context":"Dans &quot;DANS&quot;","block_context":{"text":"DANS","link":"https:\/\/cultureelpersbureau.nl\/fr\/genre\/podiumkunst\/dans\/"},"img":{"alt_text":"","src":"https:\/\/i0.wp.com\/cultureelpersbureau.nl\/wp-content\/uploads\/2024\/03\/2e9d1f53a1d3e227bafbf43c75665916e4ac8b18.png?resize=350%2C200&ssl=1","width":350,"height":200,"srcset":"https:\/\/i0.wp.com\/cultureelpersbureau.nl\/wp-content\/uploads\/2024\/03\/2e9d1f53a1d3e227bafbf43c75665916e4ac8b18.png?resize=350%2C200&ssl=1 1x, https:\/\/i0.wp.com\/cultureelpersbureau.nl\/wp-content\/uploads\/2024\/03\/2e9d1f53a1d3e227bafbf43c75665916e4ac8b18.png?resize=525%2C300&ssl=1 1.5x, https:\/\/i0.wp.com\/cultureelpersbureau.nl\/wp-content\/uploads\/2024\/03\/2e9d1f53a1d3e227bafbf43c75665916e4ac8b18.png?resize=700%2C400&ssl=1 2x, https:\/\/i0.wp.com\/cultureelpersbureau.nl\/wp-content\/uploads\/2024\/03\/2e9d1f53a1d3e227bafbf43c75665916e4ac8b18.png?resize=1050%2C600&ssl=1 3x, https:\/\/i0.wp.com\/cultureelpersbureau.nl\/wp-content\/uploads\/2024\/03\/2e9d1f53a1d3e227bafbf43c75665916e4ac8b18.png?resize=1400%2C800&ssl=1 4x"},"classes":[]}],"jetpack_shortlink":"https:\/\/wp.me\/p3yKke-zFx","jetpack_sharing_enabled":true,"jetpack_featured_media_url":"","_links":{"self":[{"href":"https:\/\/cultureelpersbureau.nl\/fr\/wp-json\/wp\/v2\/posts\/137115","targetHints":{"allow":["GET"]}}],"collection":[{"href":"https:\/\/cultureelpersbureau.nl\/fr\/wp-json\/wp\/v2\/posts"}],"about":[{"href":"https:\/\/cultureelpersbureau.nl\/fr\/wp-json\/wp\/v2\/types\/post"}],"author":[{"embeddable":true,"href":"https:\/\/cultureelpersbureau.nl\/fr\/wp-json\/wp\/v2\/users\/518"}],"replies":[{"embeddable":true,"href":"https:\/\/cultureelpersbureau.nl\/fr\/wp-json\/wp\/v2\/comments?post=137115"}],"version-history":[{"count":1,"href":"https:\/\/cultureelpersbureau.nl\/fr\/wp-json\/wp\/v2\/posts\/137115\/revisions"}],"predecessor-version":[{"id":137117,"href":"https:\/\/cultureelpersbureau.nl\/fr\/wp-json\/wp\/v2\/posts\/137115\/revisions\/137117"}],"wp:attachment":[{"href":"https:\/\/cultureelpersbureau.nl\/fr\/wp-json\/wp\/v2\/media?parent=137115"}],"wp:term":[{"taxonomy":"category","embeddable":true,"href":"https:\/\/cultureelpersbureau.nl\/fr\/wp-json\/wp\/v2\/categories?post=137115"},{"taxonomy":"post_tag","embeddable":true,"href":"https:\/\/cultureelpersbureau.nl\/fr\/wp-json\/wp\/v2\/tags?post=137115"}],"curies":[{"name":"wp","href":"https:\/\/api.w.org\/{rel}","templated":true}]}}