{"id":137489,"date":"2026-09-06T10:37:32","date_gmt":"2026-09-06T08:37:32","guid":{"rendered":"https:\/\/cultureelpersbureau.nl\/?p=137489"},"modified":"2026-09-06T10:44:12","modified_gmt":"2026-09-06T08:44:12","slug":"wat-als-kunst-een-gesprek-was","status":"publish","type":"post","link":"https:\/\/cultureelpersbureau.nl\/fr\/2026\/09\/wat-als-kunst-een-gesprek-was\/","title":{"rendered":"Et si l'art \u00e9tait une conversation ?"},"content":{"rendered":"<p class=\"wp-block-paragraph\">Is kunst de Zomergast die zich een jaar lang hunkerend voorbereidt op wat die allemaal over zichzelf gaat vertellen in die drie uur dat die de camera&#8217;s op zich gericht weet, of is kunst Janine Abbring, die zich uitstekend voorbereid op een gesprek van drie uur met haar gast, de samenleving, en wat zij, en met haar ook wij, de kijkers, allemaal van die samenleving wil weten? Ik zie overeenkomsten met het werk van Peer Wittenbols, Marl\u00e8ne Dumas en David Byrne. En <a href=\"https:\/\/cultureelpersbureau.nl\/?s=merel%20pauw\">Merel Pauw.<\/a><\/p>\n\n\n\n<p class=\"wp-block-paragraph\">Best een prikkelende vraag, toch?<\/p>\n\n\n\n<p class=\"wp-block-paragraph\">Lees alles &#8211; en meer &#8211;  in de nieuwsbrief van deze week. <\/p>\n\n\n\n<div class=\"substack-post-embed\"><p lang=\"nl\">Is vragen stellen kunst? door Cultureel Persbureau<\/p><p>Nous avons beaucoup \u00e0 apprendre des derniers invit\u00e9s de l'\u00e9mission \u00ab ZomerGasten \u00bb. Et du festival de th\u00e9\u00e2tre Boulevard. Et aussi sur la mani\u00e8re de mieux \u00e9couter. <\/p><a data-post-link href=\"https:\/\/nieuwsbrief.cultuurpers.nl\/p\/is-vragen-stellen-kunst\">Lire sur Substack<\/a><\/div><script async src=\"https:\/\/substack.com\/embedjs\/embed.js\" charset=\"utf-8\"><\/script>","protected":false},"excerpt":{"rendered":"<p>Is kunst de Zomergast die zich een jaar lang hunkerend voorbereidt op wat die allemaal over zichzelf gaat vertellen in die drie uur dat die de camera&#8217;s op zich gericht weet, of is kunst Janine Abbring, die zich uitstekend voorbereid op een gesprek van drie uur met haar gast, de samenleving, en wat zij, en [&hellip;]<\/p>\n","protected":false},"author":4,"featured_media":0,"comment_status":"open","ping_status":"closed","sticky":false,"template":"","format":"standard","meta":{"_eb_attr":"","_themeisle_gutenberg_block_has_review":false,"_jetpack_newsletter_access":"","_jetpack_dont_email_post_to_subs":false,"_jetpack_newsletter_tier_id":0,"_jetpack_memberships_contains_paywalled_content":false,"_jetpack_feature_clip_id":0,"_jetpack_memberships_contains_paid_content":false,"activitypub_content_warning":"","activitypub_content_visibility":"","activitypub_max_image_attachments":3,"activitypub_interaction_policy_quote":"anyone","activitypub_status":"federated","footnotes":"","jetpack_publicize_message":"","jetpack_publicize_feature_enabled":true,"jetpack_social_post_already_shared":false,"jetpack_social_options":{"image_generator_settings":{"template":"highway","default_image_id":0,"font":"","enabled":false},"version":2},"jetpack_post_was_ever_published":false},"categories":[15614,16518,8843],"tags":[16584,4465],"class_list":["post-137489","post","type-post","status-publish","format-standard","hentry","category-beleid","category-featured","category-podiumkunst","tag-nieuwsbrief","tag-tivolivredenburg"],"featured_image_url":[],"post_author":"Wijbrand Schaap","assigned_categories":"beleid, featured, PODIUMKUNST","jetpack_publicize_connections":[],"jetpack-related-posts":[{"id":134253,"url":"https:\/\/cultureelpersbureau.nl\/fr\/2026\/08\/noorderzon-2026-begint-vandaag\/","url_meta":{"origin":137489,"position":0},"title":"Le festival Noorderzon 2026 commence aujourd'hui","author":"Noorderzon Festival","date":"20 ao\u00fbt 2026","format":false,"excerpt":"Groningue se pr\u00e9pare pour le Noorderzon. La 36e \u00e9dition du Noorderzon Festival of Performing Arts &amp; Society s'ouvre aujourd'hui \u00e0 15 h ; elle se d\u00e9roulera du 20 au 30 ao\u00fbt au Noorderplantsoen et dans divers lieux du centre-ville. Cette ann\u00e9e, le Noorderplantsoen se transforme en une immense sc\u00e8ne en acc\u00e8s libre,\u2026","rel":"","context":"Dans &quot;MUZIEK&quot;","block_context":{"text":"MUZIEK","link":"https:\/\/cultureelpersbureau.nl\/fr\/genre\/podiumkunst\/muziek-podiumkunst-2\/"},"img":{"alt_text":"","src":"","width":0,"height":0},"classes":[]},{"id":136437,"url":"https:\/\/cultureelpersbureau.nl\/fr\/2026\/08\/leve-de-lsd-van-het-groningse-klaphek-janine-abbring-bij-het-einde-van-zomergasten\/","url_meta":{"origin":137489,"position":1},"title":"Vive le LSD du groupe Klaphek, originaire de Groningue, Janine Abbring (\u00c0 la fin de l'\u00e9mission \u00ab #Zomergasten \u00bb)","author":"Wijbrand Schaap","date":"31 ao\u00fbt 2026","format":false,"excerpt":"\"Waarom zou je \u2018s morgens opstaan en je niet su\u00efcideren?\" Goeie vraag voor een psychiater en het was maar \u00e9\u00e9n van de talloze opmerkelijke momenten tijdens de allerlaatste uitzending van Zomergasten, op 30 augustus 2026. Misschien door geen 'kwartaaldrinker' te worden en het te houden bij een paar light-ipa's per\u2026","rel":"","context":"Dans &quot;featured&quot;","block_context":{"text":"featured","link":"https:\/\/cultureelpersbureau.nl\/fr\/genre\/featured\/"},"img":{"alt_text":"","src":"","width":0,"height":0},"classes":[]},{"id":135473,"url":"https:\/\/cultureelpersbureau.nl\/fr\/2026\/08\/de-kortste-zomergastenrecensie-ooit-en-waarom-we-in-groningen-het-licht-zagen\/","url_meta":{"origin":137489,"position":2},"title":"La critique la plus courte jamais \u00e9crite sur \u00ab Zomergasten \u00bb, et pourquoi nous avons vu la lumi\u00e8re \u00e0 Groningue.","author":"Wijbrand Schaap","date":"27 ao\u00fbt 2026","format":false,"excerpt":"Vakantie in 2026 gaat niet meer over mooie strandjes, fantastische eethuizen en zwoele avonden aan de rivier, maar over het overleven van een natuurbrand, instortende berg, noodweer, files met 43 graden op dampend asfalt en de vernedering door de douane op dat vliegveld. Ik dacht aan die ellende te ontkomen\u2026","rel":"","context":"Dans &quot;ACTUEEL&quot;","block_context":{"text":"ACTUEEL","link":"https:\/\/cultureelpersbureau.nl\/fr\/genre\/nieuws\/"},"img":{"alt_text":"","src":"","width":0,"height":0},"classes":[]},{"id":98257,"url":"https:\/\/cultureelpersbureau.nl\/fr\/2025\/08\/de-miraculeuze-come-back-van-griet-op-de-beeck-tijdens-zomergasten-met-ugur-umit-ungor\/","url_meta":{"origin":137489,"position":3},"title":"Le retour miraculeux de Griet Op de Beeck \u00e0 Zomergasten avec U\u011fur \u00dcmit \u00dcng\u00f6r","author":"Wijbrand Schaap","date":"18 ao\u00fbt 2025","format":false,"excerpt":"\"Se pr\u00e9occuper de la souffrance des autres. \u00c9coutez-les et souciez-vous d'eux\". Rarement, au cours des derni\u00e8res d\u00e9cennies, un \u00e9pisode des Invit\u00e9s d'\u00e9t\u00e9 ne s'est achev\u00e9 sur un accord final aussi lourd que celui du dimanche 17 ao\u00fbt 2025. L'invit\u00e9 d'\u00e9t\u00e9 U\u011fur \u00dcmit \u00dcng\u00f6r a ainsi couronn\u00e9 l'impression profonde qu'il a laiss\u00e9e pendant les trois heures de l'\u00e9mission.","rel":"","context":"Dans &quot;ACTUEEL&quot;","block_context":{"text":"ACTUEEL","link":"https:\/\/cultureelpersbureau.nl\/fr\/genre\/nieuws\/"},"img":{"alt_text":"","src":"https:\/\/i0.wp.com\/cultureelpersbureau.nl\/wp-content\/uploads\/2025\/08\/Schermafdruk-van-2025-08-18-11-26-05.png?resize=350%2C200&ssl=1","width":350,"height":200,"srcset":"https:\/\/i0.wp.com\/cultureelpersbureau.nl\/wp-content\/uploads\/2025\/08\/Schermafdruk-van-2025-08-18-11-26-05.png?resize=350%2C200&ssl=1 1x, https:\/\/i0.wp.com\/cultureelpersbureau.nl\/wp-content\/uploads\/2025\/08\/Schermafdruk-van-2025-08-18-11-26-05.png?resize=525%2C300&ssl=1 1.5x, https:\/\/i0.wp.com\/cultureelpersbureau.nl\/wp-content\/uploads\/2025\/08\/Schermafdruk-van-2025-08-18-11-26-05.png?resize=700%2C400&ssl=1 2x, https:\/\/i0.wp.com\/cultureelpersbureau.nl\/wp-content\/uploads\/2025\/08\/Schermafdruk-van-2025-08-18-11-26-05.png?resize=1050%2C600&ssl=1 3x, https:\/\/i0.wp.com\/cultureelpersbureau.nl\/wp-content\/uploads\/2025\/08\/Schermafdruk-van-2025-08-18-11-26-05.png?resize=1400%2C800&ssl=1 4x"},"classes":[]},{"id":100443,"url":"https:\/\/cultureelpersbureau.nl\/fr\/2026\/01\/maken-zonder-druk-raad-voor-cultuur-roept-op-tot-actieve-bescherming-van-artistieke-vrijheid\/","url_meta":{"origin":137489,"position":4},"title":"La cr\u00e9ation sous pression : le Conseil de la culture appelle \u00e0 une protection active de la libert\u00e9 artistique","author":"een van onze leden","date":"20 janvier 2026","format":false,"excerpt":"La libert\u00e9 artistique est l'un des piliers de notre \u00c9tat de droit d\u00e9mocratique. Elle joue un r\u00f4le essentiel dans une soci\u00e9t\u00e9 ouverte. C'est pourquoi cette libert\u00e9 doit \u00eatre activement entretenue et prot\u00e9g\u00e9e. Dans son avis Maken (z)onder druk (Faire (sous) pression), le Conseil de la culture d\u00e9clare qu'il s'agit l\u00e0 d'une t\u00e2che qui incombe \u00e0 la politique, au secteur et \u00e0 l'\u00e9ducation. C'est ainsi qu'il convient de proc\u00e9der,","rel":"","context":"Dans &quot;beleid&quot;","block_context":{"text":"beleid","link":"https:\/\/cultureelpersbureau.nl\/fr\/genre\/beleid\/"},"img":{"alt_text":"","src":"","width":0,"height":0},"classes":[]},{"id":106498,"url":"https:\/\/cultureelpersbureau.nl\/fr\/2026\/05\/kom-naar-de-kunst-van-het-leiden-live\/","url_meta":{"origin":137489,"position":5},"title":"Venez assister \u00e0 l'\u00e9mission The Art of Leading Live","author":"Anne-Marie Kremer","date":"7 mai 2026","format":false,"excerpt":"Dans le podcast \u00ab L'art de diriger \u00bb d'Anne-Marie Kremer (CultuurOntwerp), des dirigeants culturels tels qu'Anne Breure, Mouna Laroussi, Marc Vlemmix et Lot Vekemans parlent sans d\u00e9tours des crises qu\u2019ils ont travers\u00e9es, de l\u2019impact que celles-ci ont eu sur eux personnellement et de ce qu\u2019ils en ont tir\u00e9, au sens propre comme au figur\u00e9. Ces entretiens offrent\u2026","rel":"","context":"Dans &quot;beleid&quot;","block_context":{"text":"beleid","link":"https:\/\/cultureelpersbureau.nl\/fr\/genre\/beleid\/"},"img":{"alt_text":"","src":"","width":0,"height":0},"classes":[]}],"jetpack_shortlink":"https:\/\/wp.me\/p3yKke-zLz","jetpack_sharing_enabled":true,"jetpack_featured_media_url":"","_links":{"self":[{"href":"https:\/\/cultureelpersbureau.nl\/fr\/wp-json\/wp\/v2\/posts\/137489","targetHints":{"allow":["GET"]}}],"collection":[{"href":"https:\/\/cultureelpersbureau.nl\/fr\/wp-json\/wp\/v2\/posts"}],"about":[{"href":"https:\/\/cultureelpersbureau.nl\/fr\/wp-json\/wp\/v2\/types\/post"}],"author":[{"embeddable":true,"href":"https:\/\/cultureelpersbureau.nl\/fr\/wp-json\/wp\/v2\/users\/4"}],"replies":[{"embeddable":true,"href":"https:\/\/cultureelpersbureau.nl\/fr\/wp-json\/wp\/v2\/comments?post=137489"}],"version-history":[{"count":2,"href":"https:\/\/cultureelpersbureau.nl\/fr\/wp-json\/wp\/v2\/posts\/137489\/revisions"}],"predecessor-version":[{"id":137502,"href":"https:\/\/cultureelpersbureau.nl\/fr\/wp-json\/wp\/v2\/posts\/137489\/revisions\/137502"}],"wp:attachment":[{"href":"https:\/\/cultureelpersbureau.nl\/fr\/wp-json\/wp\/v2\/media?parent=137489"}],"wp:term":[{"taxonomy":"category","embeddable":true,"href":"https:\/\/cultureelpersbureau.nl\/fr\/wp-json\/wp\/v2\/categories?post=137489"},{"taxonomy":"post_tag","embeddable":true,"href":"https:\/\/cultureelpersbureau.nl\/fr\/wp-json\/wp\/v2\/tags?post=137489"}],"curies":[{"name":"wp","href":"https:\/\/api.w.org\/{rel}","templated":true}]}}