{"id":137595,"date":"2026-09-06T19:30:18","date_gmt":"2026-09-06T17:30:18","guid":{"rendered":"https:\/\/cultureelpersbureau.nl\/?p=137595"},"modified":"2026-09-06T19:30:23","modified_gmt":"2026-09-06T17:30:23","slug":"na-het-paradisodebat-we-moeten-anders-gaan-denken-over-auteursrecht","status":"publish","type":"post","link":"https:\/\/cultureelpersbureau.nl\/fr\/2026\/09\/na-het-paradisodebat-we-moeten-anders-gaan-denken-over-auteursrecht\/","title":{"rendered":"Apr\u00e8s le d\u00e9bat sur le \u00ab #Paradis \u00bb : nous devons repenser le droit d'auteur"},"content":{"rendered":"<p class=\"wp-block-paragraph\">Zojuist verliet ik Paradiso waar het jaarlijkse Kunsten\u201992 debat deze keer gewijd was aan AI.<\/p>\n\n\n\n<p class=\"wp-block-paragraph\">Wat me opviel: behalve de vraag\/het commentaar vanaf het balkon van Paradiso, dat onversterkt helaas niet te volgen was, werd er niet ingegaan op de uiterst interessante observaties en adviezen van <strong>Payal Arora<\/strong>, Hoogleraar Inclusieve AI Culturen aan de Universiteit Utrecht en oprichter van\u00a0<a href=\"https:\/\/inclusiveailab.org\/\" target=\"_blank\" rel=\"noopener\">the Inclusive AI LAB<\/a>.<\/p>\n\n\n\n<p class=\"wp-block-paragraph\">Zij vertelde dat AI wordt omarmd door de jongeren in het mondiale zuiden (Global South): ze krijgen toegang tot kennis die tot dan toe ontoegankelijk voor hen was \u00e9n ze zullen ervoor zorgen dat de input waarmee AI zich voedt diverser wordt, vanwege de confrontatie met perspectieven uit andere delen van de wereld.<\/p>\n\n\n\n<p class=\"wp-block-paragraph\">Zij raadde het Westen dat nog gevangen zit in de angstreflex met klem aan om aansluiting te zoeken bij de methodes die de BRICS-landen al hebben ontwikkeld om de gevaren van AI te beteugelen en de ontwikkeling (meer) in eigen hand te krijgen en houden. En om samen op te gaan trekken.<\/p>\n\n\n\n<p class=\"wp-block-paragraph\">Het was opmerkelijk dat geen van de politici die daarna het woord kreeg ook maar een woord wijdde aan die aanbeveling. Zij bleven steken in het behoeden van de \u2018Europese waarden\u2019 (welke zijn dat? zullen we het niet liever over \u2018menselijke\u2019 waarden en mensenrechten gaan hebben?) en de \u2018democratie\u2019. En hoewel ook dat woord tegenwoordig een uitleg verdient, snappen we allemaal de angst voor de voortgaande ondermijning van wat wij onze democratie noemen en moeten we ons zeker wapenen tegen de rol die AI daarin vervult. <\/p>\n\n\n\n<p class=\"wp-block-paragraph\">Waar het op de kunsten aankwam bleek de zorg van de politici gefocust op authenticiteit de bescherming van het copyright. Niemand refereerde daarbij aan de openingsopmerking van Arora dat copyright in 90% van de wereld niet bestaat en nooit heeft bestaan.<\/p>\n\n\n\n<p class=\"wp-block-paragraph\">Ik moest denken aan de opkomst van de mobiele telefoon en zonne-energiebatterijen in de jaren \u201890. Voor ons betekende het vooral een mobiliteits- en klimaatvoordeel, en hadden we wat zorgen over de privacy. Voor een groot deel van de wereldbevolking betekende het dat zij toegang kregen tot de rest van de wereld zonder dat daar eerst een bekabeld electriciteits- en telefoonnet voor moest worden aangelegd. En nu is er dan AI en ChatGPT, dat nog veel meer ontsluit, dat absorbeert wat je erin stopt en die ingredi\u00ebnten verwerkt in het gerecht dat het ook aan de rest van de wereld opdient.<\/p>\n\n\n\n<p class=\"wp-block-paragraph\">Met de smartfoon verloor het Westen een privilege, het alleenrecht op specifieke informatie en kennis, en \u2013 tevreden als we hier konden zijn over de werking van onze instituties en onze vrijheden \u2013 werd het de gedroomde bestemming voor velen die nu aan onze grenzen staan. Onderwijl is Europa zo klein als de kaart die zojuist door de VN is omarmd. Eindelijk een realistische presentatie na de leugen waarmee we eeuwen geleefd hebben. Maar we beseffen nog steeds niet dat het gebied dat vertrouwd is met ons idee van copyright net zo klein is. Hoe houdbaar is die aanname die stoelt op de aanname dat een kunstenaar kan worden beschermd door de opbrengst van zijn unieke productie te beschermen, in deze tijd, in deze wereld?<\/p>\n\n\n\n<p class=\"wp-block-paragraph\">Internet heeft met zijn \u2018open source\u2019 al een behoorlijke aanslag gepleegd op het heilige concept van copyright. Misschien is het hoog tijd dat we na gaan denken over een andere vorm van bescherming van kunstenaars, dan hun claim op het alleenrecht van hun kunstwerken. Zodat hun brood op de plank niet langer afhankelijk is van het aantal keren dat hun liedje op Spotify wordt gestreamd. En zij naar de rechter moeten stappen als iemand hen plagieert of samplet. <\/p>\n\n\n\n<p class=\"wp-block-paragraph\">Misschien moeten we gewoon toegeven dat hun liedje allang vogelvrij is in de wereld van smartphones en AI, of daar nu een waarmerk op staat of niet. En dat we die kunstenaars op een andere manier in leven moeten zien te houden. Want zonder kunst hebben we geen reden om deze revolutie te overleven.<\/p>","protected":false},"excerpt":{"rendered":"<p>Zojuist verliet ik Paradiso waar het jaarlijkse Kunsten\u201992 debat deze keer gewijd was aan AI. Wat me opviel: behalve de vraag\/het commentaar vanaf het balkon van Paradiso, dat onversterkt helaas niet te volgen was, werd er niet ingegaan op de uiterst interessante observaties en adviezen van Payal Arora, Hoogleraar Inclusieve AI Culturen aan de Universiteit [&hellip;]<\/p>\n","protected":false},"author":941,"featured_media":0,"comment_status":"open","ping_status":"closed","sticky":false,"template":"","format":"standard","meta":{"_eb_attr":"","_themeisle_gutenberg_block_has_review":false,"_jetpack_newsletter_access":"","_jetpack_dont_email_post_to_subs":false,"_jetpack_newsletter_tier_id":0,"_jetpack_memberships_contains_paywalled_content":false,"_jetpack_feature_clip_id":0,"_jetpack_memberships_contains_paid_content":false,"activitypub_content_warning":"","activitypub_content_visibility":"","activitypub_max_image_attachments":3,"activitypub_interaction_policy_quote":"anyone","activitypub_status":"federated","footnotes":"","jetpack_publicize_message":"","jetpack_publicize_feature_enabled":true,"jetpack_social_post_already_shared":false,"jetpack_social_options":{"image_generator_settings":{"template":"highway","default_image_id":0,"font":"","enabled":false},"version":2},"jetpack_post_was_ever_published":false},"categories":[1,15614,16518,11687],"tags":[15741,26,14514,3964],"class_list":["post-137595","post","type-post","status-publish","format-standard","hentry","category-nieuws","category-beleid","category-featured","category-donatie-gevraagd","tag-artificiele-intelligentie","tag-auteursrecht","tag-kunsten92","tag-paradisodebat"],"featured_image_url":[],"post_author":"Nan van Houte","assigned_categories":"ACTUEEL, beleid, featured, WAARDEER &amp; DONEER!","jetpack_publicize_connections":[],"jetpack-related-posts":[{"id":99100,"url":"https:\/\/cultureelpersbureau.nl\/fr\/2025\/10\/ocw-stelt-vanessa-evers-aan-als-chief-science-advisor-ai\/","url_meta":{"origin":137595,"position":0},"title":"L'OCW nomme Vanessa Evers conseill\u00e8re scientifique en chef pour l'IA","author":"een van onze leden","date":"14 octobre 2025","format":false,"excerpt":"Les scientifiques ont d\u00e9j\u00e0 r\u00e9ussi \u00e0 r\u00e9aliser la fusion nucl\u00e9aire gr\u00e2ce \u00e0 l'IA, les \u00e9tudiants font r\u00e9diger leurs devoirs par ChatGPT et les romans g\u00e9n\u00e9r\u00e9s par l'IA n'impliquent pas d'humain. \u00c0 une vitesse fulgurante, l'IA prend une place de plus en plus importante dans notre vie quotidienne. Elle modifie notamment le r\u00f4le de l'enseignant dans l'\u00e9ducation","rel":"","context":"Dans &quot;beleid&quot;","block_context":{"text":"beleid","link":"https:\/\/cultureelpersbureau.nl\/fr\/genre\/beleid\/"},"img":{"alt_text":"Logo van het ministerie van OCW","src":"https:\/\/i0.wp.com\/cultureelpersbureau.nl\/wp-content\/uploads\/2020\/05\/Logo_ministerie_OCW.svg_.png?resize=350%2C200&ssl=1","width":350,"height":200,"srcset":"https:\/\/i0.wp.com\/cultureelpersbureau.nl\/wp-content\/uploads\/2020\/05\/Logo_ministerie_OCW.svg_.png?resize=350%2C200&ssl=1 1x, https:\/\/i0.wp.com\/cultureelpersbureau.nl\/wp-content\/uploads\/2020\/05\/Logo_ministerie_OCW.svg_.png?resize=525%2C300&ssl=1 1.5x, https:\/\/i0.wp.com\/cultureelpersbureau.nl\/wp-content\/uploads\/2020\/05\/Logo_ministerie_OCW.svg_.png?resize=700%2C400&ssl=1 2x, https:\/\/i0.wp.com\/cultureelpersbureau.nl\/wp-content\/uploads\/2020\/05\/Logo_ministerie_OCW.svg_.png?resize=1050%2C600&ssl=1 3x"},"classes":[]},{"id":97569,"url":"https:\/\/cultureelpersbureau.nl\/fr\/2025\/06\/kunstmatige-intelligentie-co-maker-of-concurrent-in-de-cultuursector\/","url_meta":{"origin":137595,"position":1},"title":"L'intelligence artificielle : co-fabrication ou concurrence dans le secteur culturel ?","author":"een van onze leden","date":"12 juin 2025","format":false,"excerpt":"Amsterdam, 12 juin 2025 - L'essor de l'intelligence artificielle suscite des remous dans le secteur des arts et de la culture. L'IA va-t-elle dominer la libre cr\u00e9ativit\u00e9 des gens ? Les algorithmes d\u00e9termineront-ils bient\u00f4t ce que nous lisons, ce que nous \u00e9coutons, o\u00f9 nous allons ? Qu'est-ce que l'IA fait \u00e0 notre perception ou \u00e0 notre imagination ? Comment l'IA influence-t-elle le public...","rel":"","context":"Dans &quot;beleid&quot;","block_context":{"text":"beleid","link":"https:\/\/cultureelpersbureau.nl\/fr\/genre\/beleid\/"},"img":{"alt_text":"","src":"https:\/\/i0.wp.com\/cultureelpersbureau.nl\/wp-content\/uploads\/2025\/06\/boekman.jpg?resize=350%2C200&ssl=1","width":350,"height":200,"srcset":"https:\/\/i0.wp.com\/cultureelpersbureau.nl\/wp-content\/uploads\/2025\/06\/boekman.jpg?resize=350%2C200&ssl=1 1x, https:\/\/i0.wp.com\/cultureelpersbureau.nl\/wp-content\/uploads\/2025\/06\/boekman.jpg?resize=525%2C300&ssl=1 1.5x"},"classes":[]},{"id":95756,"url":"https:\/\/cultureelpersbureau.nl\/fr\/2024\/11\/idfa-doclab-hoe-creatief-is-ai\/","url_meta":{"origin":137595,"position":2},"title":"IDFA DocLab - L'IA est-elle cr\u00e9ative ?","author":"Leo Bankersen","date":"16 novembre 2024","format":false,"excerpt":"L'intelligence artificielle, ou IA, devient de plus en plus omnipr\u00e9sente. Les artistes s'en servent \u00e9galement, comme le montre cette 18e \u00e9dition du DocLab de l'IDFA.","rel":"","context":"Dans &quot;DOCUMENTAIRE&quot;","block_context":{"text":"DOCUMENTAIRE","link":"https:\/\/cultureelpersbureau.nl\/fr\/genre\/film-3\/documentaire\/"},"img":{"alt_text":"","src":"https:\/\/i0.wp.com\/cultureelpersbureau.nl\/wp-content\/uploads\/formidable\/7\/IDFA-Doclab-This-is-not-a-simulation.jpg?resize=350%2C200&ssl=1","width":350,"height":200,"srcset":"https:\/\/i0.wp.com\/cultureelpersbureau.nl\/wp-content\/uploads\/formidable\/7\/IDFA-Doclab-This-is-not-a-simulation.jpg?resize=350%2C200&ssl=1 1x, https:\/\/i0.wp.com\/cultureelpersbureau.nl\/wp-content\/uploads\/formidable\/7\/IDFA-Doclab-This-is-not-a-simulation.jpg?resize=525%2C300&ssl=1 1.5x, https:\/\/i0.wp.com\/cultureelpersbureau.nl\/wp-content\/uploads\/formidable\/7\/IDFA-Doclab-This-is-not-a-simulation.jpg?resize=700%2C400&ssl=1 2x"},"classes":[]},{"id":97722,"url":"https:\/\/cultureelpersbureau.nl\/fr\/2025\/06\/rechter-vs-ai-mag-gratis-leren-uit-boeken-maar-moet-er-wel-eerst-voor-betalen\/","url_meta":{"origin":137595,"position":3},"title":"Juge am\u00e9ricain : l'IA peut apprendre gratuitement \u00e0 partir de livres, mais elle doit d'abord payer pour cela","author":"Wijbrand Schaap","date":"25 juin 2025","format":false,"excerpt":"Il ne s'agit que des \u00c9tats-Unis, et la d\u00e9cision n'a pas d'implications directes pour les Pays-Bas, mais elle cr\u00e9e un pr\u00e9c\u00e9dent pour les \u00e9crivains et autres cr\u00e9ateurs n\u00e9erlandais. Dans un important proc\u00e8s intent\u00e9 par des \u00e9crivains contre Anthropic, le \"gentil\" cr\u00e9ateur du syst\u00e8me d'IA Claude, le tribunal a d\u00e9cid\u00e9 que ce g\u00e9ant de la technologie pouvait autoriser son syst\u00e8me \u00e0 apprendre en scannant des livres. Le tribunal estime que...","rel":"","context":"Dans &quot;ACTUEEL&quot;","block_context":{"text":"ACTUEEL","link":"https:\/\/cultureelpersbureau.nl\/fr\/genre\/nieuws\/"},"img":{"alt_text":"","src":"https:\/\/i0.wp.com\/cultureelpersbureau.nl\/wp-content\/uploads\/2025\/06\/claude-3-4.webp?resize=350%2C200&ssl=1","width":350,"height":200,"srcset":"https:\/\/i0.wp.com\/cultureelpersbureau.nl\/wp-content\/uploads\/2025\/06\/claude-3-4.webp?resize=350%2C200&ssl=1 1x, https:\/\/i0.wp.com\/cultureelpersbureau.nl\/wp-content\/uploads\/2025\/06\/claude-3-4.webp?resize=525%2C300&ssl=1 1.5x, https:\/\/i0.wp.com\/cultureelpersbureau.nl\/wp-content\/uploads\/2025\/06\/claude-3-4.webp?resize=700%2C400&ssl=1 2x"},"classes":[]},{"id":94496,"url":"https:\/\/cultureelpersbureau.nl\/fr\/2024\/06\/ick-ontvangt-tiende-eu-projectsubsidie-voor-ai-project-hamlet\/","url_meta":{"origin":137595,"position":4},"title":"ICK RE\u00c7OIT LA DIXI\u00c8ME SUBVENTION DE PROJET DE L'UE POUR LE HAMEAU DU PROJET AI","author":"een van onze leden","date":"14 juin 2024","format":false,"excerpt":"Le Centre international des arts chor\u00e9graphiques (ICK) est fier d'annoncer qu'il a obtenu pour la dixi\u00e8me fois une subvention de projet de l'UE, cette fois pour le r\u00e9volutionnaire HAMLET, dans le cadre du programme europ\u00e9en Horizon Heritage 2024. Ce projet, qui s'\u00e9tend jusqu'en 2027, vise \u00e0 soutenir la transition num\u00e9rique des industries culturelles et cr\u00e9atives (ICC) europ\u00e9ennes.","rel":"","context":"Dans &quot;DANS&quot;","block_context":{"text":"DANS","link":"https:\/\/cultureelpersbureau.nl\/fr\/genre\/podiumkunst\/dans\/"},"img":{"alt_text":"pr-beeld geleverd door ICK Amsterdam","src":"https:\/\/i0.wp.com\/cultureelpersbureau.nl\/wp-content\/uploads\/2024\/06\/a621d95ecc632051c15384e2a5e4d32eb6d8fd07.jpeg?resize=350%2C200&ssl=1","width":350,"height":200,"srcset":"https:\/\/i0.wp.com\/cultureelpersbureau.nl\/wp-content\/uploads\/2024\/06\/a621d95ecc632051c15384e2a5e4d32eb6d8fd07.jpeg?resize=350%2C200&ssl=1 1x, https:\/\/i0.wp.com\/cultureelpersbureau.nl\/wp-content\/uploads\/2024\/06\/a621d95ecc632051c15384e2a5e4d32eb6d8fd07.jpeg?resize=525%2C300&ssl=1 1.5x, https:\/\/i0.wp.com\/cultureelpersbureau.nl\/wp-content\/uploads\/2024\/06\/a621d95ecc632051c15384e2a5e4d32eb6d8fd07.jpeg?resize=700%2C400&ssl=1 2x, https:\/\/i0.wp.com\/cultureelpersbureau.nl\/wp-content\/uploads\/2024\/06\/a621d95ecc632051c15384e2a5e4d32eb6d8fd07.jpeg?resize=1050%2C600&ssl=1 3x"},"classes":[]},{"id":98923,"url":"https:\/\/cultureelpersbureau.nl\/fr\/2025\/10\/auteurs-komen-in-actie-ai-jatwerk-auteursbond-lanceert-campagne\/","url_meta":{"origin":137595,"position":5},"title":"Les auteurs se mobilisent : AI = Jatwerk - Le syndicat des auteurs lance une campagne","author":"een van onze leden","date":"9 octobre 2025","format":false,"excerpt":"L'Association des auteurs lance la campagne AI=Jatwerk le 17 octobre. Avec cette campagne, l'association professionnelle des \u00e9crivains et des traducteurs, au nom de ses 2 000 membres, attire l'attention sur la violation \u00e0 grande \u00e9chelle des droits d'auteur par les entreprises technologiques et souligne la valeur des \u0153uvres \u00e9crites et traduites par des \u00eatres humains. Le coup d'envoi de la campagne sera donn\u00e9 le vendredi 17 octobre dans l'apr\u00e8s-midi, avec une action de protestation...","rel":"","context":"Dans &quot;beleid&quot;","block_context":{"text":"beleid","link":"https:\/\/cultureelpersbureau.nl\/fr\/genre\/beleid\/"},"img":{"alt_text":"","src":"https:\/\/i0.wp.com\/cultureelpersbureau.nl\/wp-content\/uploads\/2025\/10\/2093120b-3b5f-ff74-e31e-67ad9d9898b5.jpg?resize=350%2C200&ssl=1","width":350,"height":200,"srcset":"https:\/\/i0.wp.com\/cultureelpersbureau.nl\/wp-content\/uploads\/2025\/10\/2093120b-3b5f-ff74-e31e-67ad9d9898b5.jpg?resize=350%2C200&ssl=1 1x, https:\/\/i0.wp.com\/cultureelpersbureau.nl\/wp-content\/uploads\/2025\/10\/2093120b-3b5f-ff74-e31e-67ad9d9898b5.jpg?resize=525%2C300&ssl=1 1.5x, https:\/\/i0.wp.com\/cultureelpersbureau.nl\/wp-content\/uploads\/2025\/10\/2093120b-3b5f-ff74-e31e-67ad9d9898b5.jpg?resize=700%2C400&ssl=1 2x, https:\/\/i0.wp.com\/cultureelpersbureau.nl\/wp-content\/uploads\/2025\/10\/2093120b-3b5f-ff74-e31e-67ad9d9898b5.jpg?resize=1050%2C600&ssl=1 3x"},"classes":[]}],"jetpack_shortlink":"https:\/\/wp.me\/p3yKke-zNh","jetpack_sharing_enabled":true,"jetpack_featured_media_url":"","_links":{"self":[{"href":"https:\/\/cultureelpersbureau.nl\/fr\/wp-json\/wp\/v2\/posts\/137595","targetHints":{"allow":["GET"]}}],"collection":[{"href":"https:\/\/cultureelpersbureau.nl\/fr\/wp-json\/wp\/v2\/posts"}],"about":[{"href":"https:\/\/cultureelpersbureau.nl\/fr\/wp-json\/wp\/v2\/types\/post"}],"author":[{"embeddable":true,"href":"https:\/\/cultureelpersbureau.nl\/fr\/wp-json\/wp\/v2\/users\/941"}],"replies":[{"embeddable":true,"href":"https:\/\/cultureelpersbureau.nl\/fr\/wp-json\/wp\/v2\/comments?post=137595"}],"version-history":[{"count":1,"href":"https:\/\/cultureelpersbureau.nl\/fr\/wp-json\/wp\/v2\/posts\/137595\/revisions"}],"predecessor-version":[{"id":137596,"href":"https:\/\/cultureelpersbureau.nl\/fr\/wp-json\/wp\/v2\/posts\/137595\/revisions\/137596"}],"wp:attachment":[{"href":"https:\/\/cultureelpersbureau.nl\/fr\/wp-json\/wp\/v2\/media?parent=137595"}],"wp:term":[{"taxonomy":"category","embeddable":true,"href":"https:\/\/cultureelpersbureau.nl\/fr\/wp-json\/wp\/v2\/categories?post=137595"},{"taxonomy":"post_tag","embeddable":true,"href":"https:\/\/cultureelpersbureau.nl\/fr\/wp-json\/wp\/v2\/tags?post=137595"}],"curies":[{"name":"wp","href":"https:\/\/api.w.org\/{rel}","templated":true}]}}