{"id":96092,"date":"2025-01-23T16:44:00","date_gmt":"2025-01-23T15:44:00","guid":{"rendered":"https:\/\/cultureelpersbureau.nl\/?p=96092"},"modified":"2025-01-21T18:03:14","modified_gmt":"2025-01-21T17:03:14","slug":"baanbrekende-alliantie-voor-sociaal-geengageerde-kunst-om-europas-meest-urgente-uitdagingen-aan-te-pakken","status":"publish","type":"post","link":"https:\/\/cultureelpersbureau.nl\/fr\/2025\/01\/baanbrekende-alliantie-voor-sociaal-geengageerde-kunst-om-europas-meest-urgente-uitdagingen-aan-te-pakken\/","title":{"rendered":"Une alliance pionni\u00e8re pour l'art socialement engag\u00e9 afin de relever les d\u00e9fis les plus pressants de l'Europe."},"content":{"rendered":"<p>Lancement d'une nouvelle alliance : l'Alliance for Socially Engaged Arts, un partenariat pionnier de 11 fondations philanthropiques europ\u00e9ennes de premier plan, est lanc\u00e9e cette semaine pour promouvoir le pouvoir des arts socialement engag\u00e9s dans la conduite d'un changement social significatif \u00e0 travers le continent.<\/p>\n\n\n\n<h2 class=\"wp-block-heading\">Progr\u00e8s en Europe <\/h2>\n\n\n\n<p>Les arts socialement engag\u00e9s sont essentiels pour concr\u00e9tiser la vision de l'UE d'une soci\u00e9t\u00e9 r\u00e9siliente, coh\u00e9sive et inclusive. Ils renforcent les liens culturels et permettent aux communaut\u00e9s de trouver des solutions cr\u00e9atives aux d\u00e9fis soci\u00e9taux auxquels elles sont confront\u00e9es, de la sant\u00e9 mentale au changement climatique. Ils sont essentiels \u00e0 la construction d'une Europe plus juste et plus dynamique.<\/p>\n\n\n\n<h2 class=\"wp-block-heading\">Lib\u00e9rer le potentiel de l'art et de la cr\u00e9ativit\u00e9<\/h2>\n\n\n\n<p>L'Alliance vise \u00e0 lutter contre la sous-\u00e9valuation de l'art socialement engag\u00e9 en changeant le discours, en plaidant pour un financement accru et en promouvant des structures politiques qui permettent \u00e0 ce travail vital de s'\u00e9panouir. Par le biais d'un plaidoyer europ\u00e9en et d'un nouveau programme de bourses, elle cherche \u00e0 renforcer les capacit\u00e9s des leaders artistiques socialement engag\u00e9s \u00e0 travers l'Europe.<\/p>\n\n\n\n<h2 class=\"wp-block-heading\">Lisbonne, Portugal, 23 janvier 2025<\/h2>\n\n\n\n<p>Une alliance pionni\u00e8re de 11 fondations philanthropiques europ\u00e9ennes de premier plan a \u00e9t\u00e9 lanc\u00e9e aujourd'hui pour d\u00e9fendre le pouvoir de transformation de l'art socialement engag\u00e9 en tant que moteur de changement social positif dans toute l'Europe.<\/p>\n\n\n\n<p>L'Alliance for Socially Engaged Arts rassemble 11 des principaux bailleurs de fonds philanthropiques europ\u00e9ens afin de mettre en commun leurs ressources, de cr\u00e9er un r\u00e9seau de soutien unifi\u00e9 et de renforcer les efforts de sensibilisation pour lib\u00e9rer le potentiel des arts socialement engag\u00e9s dans la conduite d'un v\u00e9ritable changement social.<\/p>\n\n\n\n<p>Les partenaires impliqu\u00e9s sont : Fondation Allianz, Fondation Calouste Gulbenkian, Fondation Cariplo, Compagnia di San Paolo, Fondation Daniel et Nina Carasso, Fondation europ\u00e9enne de la culture, Fondation Hilti, Fondation Roi Baudouin, Fondation La Caixa, Fondation Moleskine et Stiftung Mercator Schweiz.<\/p>\n\n\n\n<p>Cette puissante initiative vise \u00e0 fournir un soutien essentiel et une voix collective pour que l'art socialement engag\u00e9 puisse s'\u00e9panouir. L'art socialement engag\u00e9 rassemble des artistes et des communaut\u00e9s pour relever des d\u00e9fis sociaux, politiques et culturels urgents par le biais de l'art. En pla\u00e7ant les communaut\u00e9s et leurs besoins au centre des processus artistiques, ces arts peuvent responsabiliser les individus, promouvoir le dialogue et changer les perceptions sociales, et finalement inciter \u00e0 l'action sur les questions critiques auxquelles ces communaut\u00e9s sont confront\u00e9es.<\/p>\n\n\n\n<p>Lu\u00eds Jer\u00f3nimo, directeur de la durabilit\u00e9 et de l'\u00e9galit\u00e9 \u00e0 la Fondation Calouste Gulbenkian et pr\u00e9sident de l'Alliance, a d\u00e9clar\u00e9 : \"L'art socialement engag\u00e9 est depuis longtemps une force de changement social positif en Europe. Malgr\u00e9 cela, les organisations artistiques, les artistes et les praticiens de la culture socialement engag\u00e9s restent sous-estim\u00e9s. Ils sont confront\u00e9s \u00e0 un financement inad\u00e9quat et \u00e0 des structures politiques qui ne les soutiennent pas, auxquels s'ajoutent des r\u00e9ductions massives des financements publics, ce qui entrave leur capacit\u00e9 \u00e0 fa\u00e7onner une Europe plus cr\u00e9ative et plus connect\u00e9e.\"<\/p>\n\n\n\n<p>Les rapports r\u00e9cents du secteur des arts et de la culture en t\u00e9moignent. Des pays comme l'Allemagne, la France et le Royaume-Uni t\u00e9moignent de cette tendance inqui\u00e9tante. Ces coupes budg\u00e9taires, combin\u00e9es \u00e0 l'attaque en cours contre le soutien sp\u00e9cifique aux arts socialement engag\u00e9s - d\u00e9j\u00e0 sous-financ\u00e9s - ont accentu\u00e9 la pression sur de nombreuses organisations, les laissant sans les ressources n\u00e9cessaires. <\/p>\n\n\n\n<p>Souvent mal compris par ceux qui consid\u00e8rent que l'impact social est distinct de la valeur artistique, ces praticiens sont encore plus isol\u00e9s dans un secteur fractur\u00e9, alors qu'un travail incroyable est r\u00e9alis\u00e9 dans des studios \u00e0 travers le continent.<\/p>\n\n\n\n<p>\"C'est pourquoi 11 des plus grands bailleurs de fonds philanthropiques d'Europe unissent leurs forces pour changer cette situation. L'Alliance mettra en relation les leaders et les organisations artistiques socialement engag\u00e9s au-del\u00e0 des fronti\u00e8res, apportera un soutien indispensable pour accro\u00eetre leur impact et cr\u00e9era une plateforme puissante pour un plaidoyer paneurop\u00e9en. Ensemble, nous montrerons que l'action collective peut augmenter le volume et apporter des changements durables et transformateurs aux communaut\u00e9s du continent\", a ajout\u00e9 Jer\u00f3nimo.<\/p>\n\n\n\n<p>Lors de l'\u00e9v\u00e9nement de lancement \u00e0 Lisbonne le 23 janvier, l'Alliance a \u00e9galement annonc\u00e9 sa premi\u00e8re bourse. Ce programme de 18 mois soutiendra jusqu'\u00e0 15 dirigeants visionnaires d'organisations artistiques ax\u00e9es sur l'engagement communautaire et le changement social dans toute l'Europe.<\/p>\n\n\n\n<h2 class=\"wp-block-heading\">Chaque boursier et son organisation recevront<\/h2>\n\n\n\n<ul class=\"wp-block-list\">\n<li>Une bourse de 60 000 euros,<\/li>\n\n\n\n<li>Ateliers en ligne, mentorat et soutien pour accro\u00eetre l'impact,<\/li>\n\n\n\n<li>des exp\u00e9riences r\u00e9sidentielles immersives, des visites d'\u00e9tude et des \u00e9changes.<\/li>\n<\/ul>\n\n\n\n<p>Cette bourse est le fruit d'une collaboration avec Culture Action Europe, la Fondation Fitzcarraldo et The Audience Agency, des experts en renforcement des capacit\u00e9s et en plaidoyer dans le secteur artistique. Anne Torreggiani, PDG de The Audience Agency, a d\u00e9clar\u00e9 au nom du partenariat avec Culture Action Europe et la Fondation Fitzcarraldo : \"Gr\u00e2ce \u00e0 la bourse, nous travaillons avec des leaders visionnaires et des organisations \u00e0 l'avant-garde des arts socialement engag\u00e9s en Europe pour faire passer leur travail \u00e0 la vitesse sup\u00e9rieure. Ce programme est un environnement de collaboration et de soutien o\u00f9 les dirigeants peuvent se d\u00e9velopper, relever des d\u00e9fis, partager des connaissances et cr\u00e9er un changement r\u00e9el et durable. En soutenant leur d\u00e9veloppement, nos trois organisations sont fi\u00e8res de contribuer \u00e0 fa\u00e7onner une Europe plus juste, plus inclusive et audacieusement cr\u00e9ative\".<\/p>\n\n\n\n<p>Les candidatures sont ouvertes du 23 janvier au 24 f\u00e9vrier. Pour postuler, rendez-vous \u00e0 l'adresse suivante <br \/><a href=\"https:\/\/allianceforsociallyengagedarts.org\/\">https:\/\/allianceforsociallyengagedarts.org\/<\/a><\/p>","protected":false},"excerpt":{"rendered":"<p>Lancering van een nieuwe alliantie: De Alliance for Socially Engaged Arts, een baanbrekend samenwerkingsverband van 11 vooraanstaande Europese filantropische stichtingen, gaat deze week van start om de kracht van sociaal ge\u00ebngageerde kunst te promoten bij het aanjagen van betekenisvolle sociale verandering op het hele continent. Vooruitgang in Europa Sociaal ge\u00ebngageerde kunst is van vitaal belang [&hellip;]<\/p>\n","protected":false},"author":13,"featured_media":69684,"comment_status":"open","ping_status":"closed","sticky":false,"template":"","format":"standard","meta":{"_eb_attr":"","_themeisle_gutenberg_block_has_review":false,"_jetpack_memberships_contains_paid_content":false,"activitypub_content_warning":null,"activitypub_content_visibility":null,"activitypub_max_image_attachments":3,"activitypub_interaction_policy_quote":"anyone","activitypub_status":"federated","footnotes":"","jetpack_publicize_message":"","jetpack_publicize_feature_enabled":true,"jetpack_social_post_already_shared":true,"jetpack_social_options":{"image_generator_settings":{"template":"highway","enabled":false},"version":2}},"categories":[11917],"tags":[15946,15945],"class_list":["post-96092","post","type-post","status-publish","format-standard","has-post-thumbnail","hentry","category-persberichten","tag-ecf","tag-european-cultural-foundation"],"views":231,"jetpack_publicize_connections":[],"jetpack_featured_media_url":"https:\/\/cultureelpersbureau.nl\/wp-content\/uploads\/2021\/04\/European-cultural-foundation.png","jetpack-related-posts":[{"id":97437,"url":"https:\/\/cultureelpersbureau.nl\/fr\/2025\/06\/15-europese-artistieke-leiders-geselecteerd-voor-nieuw-fellowship-voor-maatschappelijk-geengageerde-kunsten\/","url_meta":{"origin":96092,"position":0},"title":"15 leaders artistiques europ\u00e9ens s\u00e9lectionn\u00e9s pour une nouvelle bourse pour des arts socialement engag\u00e9s","author":"een van onze leden","date":"3 juin 2025","format":false,"excerpt":"Les 15 premiers boursiers de l'Alliance for Socially Engaged Arts (ASEA) sont annonc\u00e9s aujourd'hui. L'Alliance est un nouveau programme de bourses destin\u00e9 aux dirigeants d'organisations artistiques qui s'efforcent d'avoir un plus grand impact social au sein de leurs communaut\u00e9s locales et du secteur artistique europ\u00e9en. A une \u00e9poque o\u00f9 les in\u00e9galit\u00e9s, la polarisation et les...","rel":"","context":"Dans &quot;ACTUEEL&quot;","block_context":{"text":"ACTUEEL","link":"https:\/\/cultureelpersbureau.nl\/fr\/genre\/nieuws\/"},"img":{"alt_text":"","src":"https:\/\/i0.wp.com\/cultureelpersbureau.nl\/wp-content\/uploads\/2025\/06\/portret-Jasmina-Ibrahimovic-scaled.jpg?resize=350%2C200&ssl=1","width":350,"height":200,"srcset":"https:\/\/i0.wp.com\/cultureelpersbureau.nl\/wp-content\/uploads\/2025\/06\/portret-Jasmina-Ibrahimovic-scaled.jpg?resize=350%2C200&ssl=1 1x, https:\/\/i0.wp.com\/cultureelpersbureau.nl\/wp-content\/uploads\/2025\/06\/portret-Jasmina-Ibrahimovic-scaled.jpg?resize=525%2C300&ssl=1 1.5x, https:\/\/i0.wp.com\/cultureelpersbureau.nl\/wp-content\/uploads\/2025\/06\/portret-Jasmina-Ibrahimovic-scaled.jpg?resize=700%2C400&ssl=1 2x, https:\/\/i0.wp.com\/cultureelpersbureau.nl\/wp-content\/uploads\/2025\/06\/portret-Jasmina-Ibrahimovic-scaled.jpg?resize=1050%2C600&ssl=1 3x, https:\/\/i0.wp.com\/cultureelpersbureau.nl\/wp-content\/uploads\/2025\/06\/portret-Jasmina-Ibrahimovic-scaled.jpg?resize=1400%2C800&ssl=1 4x"},"classes":[]},{"id":20844,"url":"https:\/\/cultureelpersbureau.nl\/fr\/2015\/03\/hero-brinkman-feiten-elite-gaat-om-toon\/","url_meta":{"origin":96092,"position":1},"title":"Hero Brinkman : Les faits sont pour l'\u00e9lite, tout est dans le ton","author":"Henri Drost","date":"6 mars 2015","format":"video","excerpt":"La musique classique est \u00e9litiste, la plupart des chefs d'orchestre et des membres de l'orchestre n'ont aucune id\u00e9e de ce qu'ils font et le public n'en a absolument aucune. L'art subventionn\u00e9 devrait \u00eatre \u00e0 la fois accessible \u00e0 un large public et socialement engag\u00e9. Par ailleurs, je pense que The Joshua Tree est peut-\u00eatre le meilleur disque de tous les temps","rel":"","context":"Dans &quot;ACTUEEL&quot;","block_context":{"text":"ACTUEEL","link":"https:\/\/cultureelpersbureau.nl\/fr\/genre\/nieuws\/"},"img":{"alt_text":"","src":"","width":0,"height":0},"classes":[]},{"id":94730,"url":"https:\/\/cultureelpersbureau.nl\/fr\/2024\/07\/nomineer-nieuwe-leden-voor-de-akademie-van-kunsten\/","url_meta":{"origin":96092,"position":2},"title":"Nomme de nouveaux membres pour l'Acad\u00e9mie des Arts","author":"een van onze leden","date":"12 juillet 2024","format":false,"excerpt":"Qui seront les nouveaux membres de l'Acad\u00e9mie des arts ? Pour 2025, l'Acad\u00e9mie est \u00e0 nouveau \u00e0 la recherche d'artistes \u00e9minents de toutes les disciplines qui se sont distingu\u00e9s par des r\u00e9alisations artistiques d\u00e9montrables. Vous connaissez des artistes \u00e9ligibles ? Proposez-les ! La date limite de d\u00e9p\u00f4t des candidatures est fix\u00e9e au 15 septembre 2024,...","rel":"","context":"Dans &quot;beleid&quot;","block_context":{"text":"beleid","link":"https:\/\/cultureelpersbureau.nl\/fr\/genre\/beleid\/"},"img":{"alt_text":"","src":"","width":0,"height":0},"classes":[]},{"id":47479,"url":"https:\/\/cultureelpersbureau.nl\/fr\/2017\/04\/jesse-mark-alexander-sybrand-laat-respect-aan-vrije-markt\/","url_meta":{"origin":96092,"position":3},"title":"Ne laisse pas le respect au march\u00e9 libre","author":"Wijbrand Schaap","date":"22 avril 2017","format":false,"excerpt":"Le rapport du SER, publi\u00e9 vendredi 21 avril, enfonce le clou : le secteur culturel est au bord de l'effondrement. La situation est encore pire qu'il y a un an. Ce qui prouve que le rafistolage effectu\u00e9 par un ministre de la culture du PvdA au cours des quatre derni\u00e8res ann\u00e9es n'a rien arrang\u00e9. En effet.","rel":"","context":"Dans &quot;ACTUEEL&quot;","block_context":{"text":"ACTUEEL","link":"https:\/\/cultureelpersbureau.nl\/fr\/genre\/nieuws\/"},"img":{"alt_text":"","src":"https:\/\/i0.wp.com\/cultureelpersbureau.nl\/wp-content\/uploads\/2017\/04\/800px-Klompen_in_de_modder.jpg?resize=350%2C200&ssl=1","width":350,"height":200,"srcset":"https:\/\/i0.wp.com\/cultureelpersbureau.nl\/wp-content\/uploads\/2017\/04\/800px-Klompen_in_de_modder.jpg?resize=350%2C200&ssl=1 1x, https:\/\/i0.wp.com\/cultureelpersbureau.nl\/wp-content\/uploads\/2017\/04\/800px-Klompen_in_de_modder.jpg?resize=525%2C300&ssl=1 1.5x, https:\/\/i0.wp.com\/cultureelpersbureau.nl\/wp-content\/uploads\/2017\/04\/800px-Klompen_in_de_modder.jpg?resize=700%2C400&ssl=1 2x"},"classes":[]},{"id":62941,"url":"https:\/\/cultureelpersbureau.nl\/fr\/2019\/12\/geengageerd-zijn-betekent-niet-enkel-belangwekkend-werk-presenteren-het-gaat-ook-over-degenen-aan-wie-je-het-laat-zien\/","url_meta":{"origin":96092,"position":4},"title":"\u00catre engag\u00e9 ne signifie pas seulement pr\u00e9senter un travail int\u00e9ressant, cela concerne aussi ceux \u00e0 qui tu le montres.","author":"Viktorien van Hulst","date":"18 d\u00e9cembre 2019","format":false,"excerpt":"Un homme marche dans le couloir du th\u00e9\u00e2tre avec sa fille en fauteuil roulant. Il s'arr\u00eate devant un ouvreur. Il h\u00e9site, puis dit : \"Je ne veux pas m'acharner, mais elle ne peut pas aller dans les toilettes pour handicap\u00e9s. Je cherche un endroit o\u00f9 la changer\". L'huissier l'aide donc \u00e0 chercher. Quelques instants plus tard, ils sont assis...","rel":"","context":"Dans &quot;ACTUEEL&quot;","block_context":{"text":"ACTUEEL","link":"https:\/\/cultureelpersbureau.nl\/fr\/genre\/nieuws\/"},"img":{"alt_text":"","src":"https:\/\/i0.wp.com\/cultureelpersbureau.nl\/wp-content\/uploads\/2019\/12\/rolstoel.jpg?resize=350%2C200&ssl=1","width":350,"height":200,"srcset":"https:\/\/i0.wp.com\/cultureelpersbureau.nl\/wp-content\/uploads\/2019\/12\/rolstoel.jpg?resize=350%2C200&ssl=1 1x, https:\/\/i0.wp.com\/cultureelpersbureau.nl\/wp-content\/uploads\/2019\/12\/rolstoel.jpg?resize=525%2C300&ssl=1 1.5x, https:\/\/i0.wp.com\/cultureelpersbureau.nl\/wp-content\/uploads\/2019\/12\/rolstoel.jpg?resize=700%2C400&ssl=1 2x, https:\/\/i0.wp.com\/cultureelpersbureau.nl\/wp-content\/uploads\/2019\/12\/rolstoel.jpg?resize=1050%2C600&ssl=1 3x"},"classes":[]},{"id":65142,"url":"https:\/\/cultureelpersbureau.nl\/fr\/2020\/06\/anderhalvemeterkunst-is-een-economische-ramp-maar-het-is-ook-buitenkans-maak-er-een-loterij-van\/","url_meta":{"origin":96092,"position":5},"title":"L'art d'un demi-m\u00e8tre est un d\u00e9sastre \u00e9conomique. Mais c'est aussi une aubaine. Transforme-le en loterie.","author":"Wijbrand Schaap","date":"2 juin 2020","format":false,"excerpt":"Ik bevind me, als professioneel kunstbezoeker, zelden in lege zalen. Premi\u00e8res zijn altijd vol, persbezichtigingen en vernissages ook. Vol is natuurlijk hartstikke tof. Al kosten die volle ruimtes waar ik dan in zit meestal meer geld dan ze opleveren, want de kaarten zijn vrij en de drankjes van het huis.\u2026","rel":"","context":"Dans &quot;ACTUEEL&quot;","block_context":{"text":"ACTUEEL","link":"https:\/\/cultureelpersbureau.nl\/fr\/genre\/nieuws\/"},"img":{"alt_text":"","src":"https:\/\/i0.wp.com\/cultureelpersbureau.nl\/wp-content\/uploads\/2020\/06\/figi-in-15-meter-maatschappij.jpg?resize=350%2C200&ssl=1","width":350,"height":200,"srcset":"https:\/\/i0.wp.com\/cultureelpersbureau.nl\/wp-content\/uploads\/2020\/06\/figi-in-15-meter-maatschappij.jpg?resize=350%2C200&ssl=1 1x, https:\/\/i0.wp.com\/cultureelpersbureau.nl\/wp-content\/uploads\/2020\/06\/figi-in-15-meter-maatschappij.jpg?resize=525%2C300&ssl=1 1.5x"},"classes":[]}],"jetpack_shortlink":"https:\/\/wp.me\/p3yKke-oZS","jetpack_sharing_enabled":true,"_links":{"self":[{"href":"https:\/\/cultureelpersbureau.nl\/fr\/wp-json\/wp\/v2\/posts\/96092","targetHints":{"allow":["GET"]}}],"collection":[{"href":"https:\/\/cultureelpersbureau.nl\/fr\/wp-json\/wp\/v2\/posts"}],"about":[{"href":"https:\/\/cultureelpersbureau.nl\/fr\/wp-json\/wp\/v2\/types\/post"}],"author":[{"embeddable":true,"href":"https:\/\/cultureelpersbureau.nl\/fr\/wp-json\/wp\/v2\/users\/13"}],"replies":[{"embeddable":true,"href":"https:\/\/cultureelpersbureau.nl\/fr\/wp-json\/wp\/v2\/comments?post=96092"}],"version-history":[{"count":2,"href":"https:\/\/cultureelpersbureau.nl\/fr\/wp-json\/wp\/v2\/posts\/96092\/revisions"}],"predecessor-version":[{"id":96095,"href":"https:\/\/cultureelpersbureau.nl\/fr\/wp-json\/wp\/v2\/posts\/96092\/revisions\/96095"}],"wp:featuredmedia":[{"embeddable":true,"href":"https:\/\/cultureelpersbureau.nl\/fr\/wp-json\/wp\/v2\/media\/69684"}],"wp:attachment":[{"href":"https:\/\/cultureelpersbureau.nl\/fr\/wp-json\/wp\/v2\/media?parent=96092"}],"wp:term":[{"taxonomy":"category","embeddable":true,"href":"https:\/\/cultureelpersbureau.nl\/fr\/wp-json\/wp\/v2\/categories?post=96092"},{"taxonomy":"post_tag","embeddable":true,"href":"https:\/\/cultureelpersbureau.nl\/fr\/wp-json\/wp\/v2\/tags?post=96092"}],"curies":[{"name":"wp","href":"https:\/\/api.w.org\/{rel}","templated":true}]}}