{"id":96097,"date":"2025-01-21T12:00:22","date_gmt":"2025-01-21T11:00:22","guid":{"rendered":"https:\/\/cultureelpersbureau.nl\/?p=96097"},"modified":"2025-01-21T12:04:56","modified_gmt":"2025-01-21T11:04:56","slug":"een-dag-praten-over-impact-levert-vooral-onzekerheid-op","status":"publish","type":"post","link":"https:\/\/cultureelpersbureau.nl\/fr\/2025\/01\/een-dag-praten-over-impact-levert-vooral-onzekerheid-op\/","title":{"rendered":"Une journ\u00e9e de discussions sur l'impact produit surtout de l'incertitude."},"content":{"rendered":"<p>Les \u00e9l\u00e8ves de l'\u00e9cole VMBO de Flevopolder ont gagn\u00e9 la confiance de leurs enseignants. Ils ont \u00e9t\u00e9 autoris\u00e9s \u00e0 trouver eux-m\u00eames comment rendre la visite guid\u00e9e du site du patrimoine mondial Schokland plus amusante et plus \u00e9ducative. Les \u00e9l\u00e8ves de troisi\u00e8me ann\u00e9e se sont donc attel\u00e9s \u00e0 un projet visant \u00e0 offrir aux \u00e9l\u00e8ves de deuxi\u00e8me ann\u00e9e quelque chose de plus amusant que le programme pr\u00e9-m\u00e2ch\u00e9 qu'ils avaient suivi. Pour ce faire, ils ont appliqu\u00e9 les r\u00e8gles de la \"pens\u00e9e design\" et ont donc exp\u00e9riment\u00e9 avec plaisir.&nbsp;<\/p>\n\n\n\n<p>R\u00e9sultat : les \u00e9tudiants de deuxi\u00e8me ann\u00e9e ont v\u00e9cu la journ\u00e9e de leur vie et les \u00e9tudiants de troisi\u00e8me ann\u00e9e ont pu conclure leur projet avec fiert\u00e9. Autre effet : les professeurs de VMBO, qui souffraient eux-m\u00eames d'un manque de confiance en eux par rapport \u00e0 leurs coll\u00e8gues havo et vwo, plus fantaisistes, se sont soudain promen\u00e9s dans l'\u00e9cole avec le dos plus droit.<\/p>\n\n\n\n<p>Bel exemple d'une intervention d'experts en \u00e9ducation et de concepteurs strat\u00e9giques qui aboutit \u00e0 quelque chose de tr\u00e8s concret. <a href=\"https:\/\/cultuureducatieflevoland.nl\/diensten\/studio-vmbo\/\">Studio VMBO<\/a>Le groupe de travail, mis en place par Fleck, a fait forte impression. Leur pr\u00e9sentation \u00e0 la conf\u00e9rence \"Podium for Impact\" a \u00e9t\u00e9 un petit moment fort d'une journ\u00e9e qui, par ailleurs, a suscit\u00e9 des sentiments plut\u00f4t mitig\u00e9s.&nbsp;&nbsp;<\/p>\n\n\n\n<h2 class=\"wp-block-heading\">Mot \u00e0 la mode<\/h2>\n\n\n\n<p>C'\u00e9tait le lundi le plus bleu depuis des ann\u00e9es, mais le pr\u00e9sident de la journ\u00e9e, Maurice Seleky, ne voulait pas que la journ\u00e9e du lundi 20 janvier soit trop morose. Alors que l'Am\u00e9rique se pr\u00e9parait \u00e0 l'instauration d'une dictature technologique, Seleky \u00e9tait \u00e0 Apeldoorn pour guider plus de 500 professionnels de l'art amateur et de l'\u00e9ducation artistique au cours d'une journ\u00e9e plac\u00e9e sous le signe de l'\"impact\". Si vous vous demandez s'il s'agit d'un nouveau mot \u00e0 la mode pour vous compliquer la vie, vous \u00eates en bonne compagnie. Jan Jaap Knol, directeur de Boekman et l'un des organisateurs de cette conf\u00e9rence, le pense aussi.&nbsp;<\/p>\n\n\n\n<p>Pourtant, le Fonds de participation \u00e0 la culture, initiateur de cette journ\u00e9e \"Podium for Impact\" au th\u00e9\u00e2tre Orpheus d'Apeldoorn, voulait parler d'\"impact\". Il en sera d'ailleurs question pendant 10 jours, jusqu'\u00e0 une conf\u00e9rence finale on\u00e9reuse qui se tiendra le 30 janvier, sous le titre \"Vision of Impact\". Cela fait de belles lignes : de la sc\u00e8ne \u00e0 la vision, de la gratuit\u00e9 \u00e0 la chert\u00e9, d'Apeldoorn \u00e0 la Bijlmer.&nbsp;<\/p>\n\n\n\n<h2 class=\"wp-block-heading\">Les mains vides<\/h2>\n\n\n\n<p>\u00c0 propos d'impact : en fait, toute la journ\u00e9e \u00e0 Apeldoorn, on n'a pas compris ce que l'on entendait par impact et pourquoi il fallait le nommer, l'interpr\u00e9ter et le mesurer de toute urgence. Les chercheurs de la HKU ont promis d'en parler, mais il s'est av\u00e9r\u00e9 qu'ils avaient d\u00e9j\u00e0 adopt\u00e9 le concept avec une telle \u00e9vidence que les visiteurs qui n'\u00e9taient pas pr\u00eats \u00e0 le faire sont repartis les mains vides. En revanche, nous avons pu \u00eatre touch\u00e9s par l'art, notamment par une pi\u00e8ce de Marc Vlemmix Dance, o\u00f9 des personnes ayant des difficult\u00e9s \u00e0 se mouvoir ont dans\u00e9 les \u00e9toiles du ciel.\u00a0<\/p>\n\n\n\n<p>En fin de compte, il s'agit donc de rendre mesurable ce que vous produisez en tant qu'artiste. Un mot d'un visiteur \u00e9mu de votre exposition ou un tonnerre d'applaudissements \u00e0 la fin de votre spectacle : voil\u00e0 les preuves d'impact que les artistes utilisent depuis des si\u00e8cles. Anno 2025, c'est trop peu objectif. Les subventionneurs, les fonctionnaires municipaux et les politiciens ont de moins en moins envie et de moins en moins de temps pour venir voir par eux-m\u00eames, et en plus, ils veulent quelque chose d'objectivable, qui montre noir sur blanc ce que l'art provoque.&nbsp;<\/p>\n\n\n\n<h2 class=\"wp-block-heading\">Incertain<\/h2>\n\n\n\n<p>L'impact est donc le nouveau mot \u00e0 la mode, car dans l'ar\u00e8ne politique, il y a une incertitude quant aux sentiments et aux jugements que chacun porte sur l'art. Les artistes doivent donc chercher des preuves externes et v\u00e9rifiables de leur \"impact\" qui peuvent \u00eatre exprim\u00e9es dans un langage clair. J'ai d\u00e9couvert que ce point de vue \u00e9tait largement partag\u00e9 lors de l'ap\u00e9ritif qui a cl\u00f4tur\u00e9 l'apr\u00e8s-midi. Seulement, personne ne savait comment le secteur pourrait \u00eatre lib\u00e9r\u00e9 de ce fardeau de la preuve.&nbsp;<\/p>\n\n\n\n<p>Peut-\u00eatre devrions-nous tous aller \u00e0 l'\u00e9cole vmbo de Flevoland. Et recommencer \u00e0 fabriquer quelque chose nous-m\u00eames.\u00a0\u00a0<\/p>\n\n\n<div class=\"su-note\"  style=\"border-color:#e5e54c;border-radius:3px;-moz-border-radius:3px;-webkit-border-radius:3px;\"><div class=\"su-note-inner su-u-clearfix su-u-trim\" style=\"background-color:#FFFF66;border-color:#ffffff;color:#333333;border-radius:3px;-moz-border-radius:3px;-webkit-border-radius:3px;\">Pr\u00e9sents : <a href=\"https:\/\/www.congrescultuurparticipatie.nl\/\" style=\"text-decoration:none;\"><span style=\"font-size:11pt;font-family:Arial,sans-serif;color:#1155cc;background-color:transparent;font-weight:400;font-style:normal;font-variant:normal;text-decoration:underline;-webkit-text-decoration-skip:none;text-decoration-skip-ink:none;vertical-align:baseline;white-space:pre;white-space:pre-wrap;\">Podium pour l'impact<\/span><\/a><span style=\"font-size:11pt;font-family:Arial,sans-serif;color:#000000;background-color:transparent;font-weight:400;font-style:normal;font-variant:normal;text-decoration:none;vertical-align:baseline;white-space:pre;white-space:pre-wrap;\"> par Culture Participation Fund le 20 janvier 2025<\/div><\/div>\n\n\n\n<p><\/p>\n<\/span>","protected":false},"excerpt":{"rendered":"<p>VMBO-scholieren in de Flevopolder hebben vertrouwen gekregen van hun docenten. Ze mochten zelf bedenken hoe ze een rondleiding op werelderfgoedlocatie Schokland leuker en leerzamer konden maken. Dus gingen de derdejaars leerlingen aan de slag voor een project dat de tweedejaars iets moest bieden dat leuker was dan het voorgekauwde programma dat zij hadden gevolgd. Ze [&hellip;]<\/p>\n","protected":false},"author":4,"featured_media":96098,"comment_status":"open","ping_status":"closed","sticky":false,"template":"","format":"standard","meta":{"_eb_attr":"","_themeisle_gutenberg_block_has_review":false,"_jetpack_memberships_contains_paid_content":false,"activitypub_content_warning":"","activitypub_content_visibility":"","activitypub_max_image_attachments":3,"activitypub_interaction_policy_quote":"anyone","activitypub_status":"federated","footnotes":"","jetpack_publicize_message":"","jetpack_publicize_feature_enabled":true,"jetpack_social_post_already_shared":false,"jetpack_social_options":{"image_generator_settings":{"template":"highway","enabled":false},"version":2}},"categories":[15614,11688],"tags":[15314,8482,16355,58],"class_list":["post-96097","post","type-post","status-publish","format-standard","has-post-thumbnail","hentry","category-beleid","category-word-lid","tag-boekman","tag-fonds-cultuurparticipatie","tag-orpheus","tag-recensie"],"views":198,"jetpack_publicize_connections":[],"jetpack_featured_media_url":"https:\/\/cultureelpersbureau.nl\/wp-content\/uploads\/2025\/01\/IMG_20250120_154527-scaled.jpg","jetpack-related-posts":[{"id":72954,"url":"https:\/\/cultureelpersbureau.nl\/fr\/2022\/02\/we-dachten-echt-dat-het-maar-drie-weken-zou-duren-jonge-acteurs-over-afstuderen-in-coronatijd\/","url_meta":{"origin":96097,"position":0},"title":"Nous pensions vraiment que cela ne prendrait que trois semaines\" - De jeunes acteurs parlent de l'obtention de leur dipl\u00f4me \u00e0 l'heure de Corona","author":"Wijbrand Schaap","date":"23 f\u00e9vrier 2022","format":false,"excerpt":"Susannah Elmecky et Emma Remmelts \u00e9taient en troisi\u00e8me ann\u00e9e \u00e0 l'\u00e9cole de th\u00e9\u00e2tre d'Utrecht lorsque Covid a frapp\u00e9. Aujourd'hui, elles sont toutes deux dipl\u00f4m\u00e9es et ont entam\u00e9 une carri\u00e8re sur sc\u00e8ne. Dans ce podcast, elles racontent comment elles ont v\u00e9cu la p\u00e9riode des fermetures. Victorine Plante, metteur en sc\u00e8ne, se joint \u00e9galement \u00e0 nous...","rel":"","context":"Dans &quot;ACTUEEL&quot;","block_context":{"text":"ACTUEEL","link":"https:\/\/cultureelpersbureau.nl\/fr\/genre\/nieuws\/"},"img":{"alt_text":"","src":"https:\/\/i0.wp.com\/cultureelpersbureau.nl\/wp-content\/uploads\/2022\/02\/hku-scaled.jpeg?resize=350%2C200&ssl=1","width":350,"height":200,"srcset":"https:\/\/i0.wp.com\/cultureelpersbureau.nl\/wp-content\/uploads\/2022\/02\/hku-scaled.jpeg?resize=350%2C200&ssl=1 1x, https:\/\/i0.wp.com\/cultureelpersbureau.nl\/wp-content\/uploads\/2022\/02\/hku-scaled.jpeg?resize=525%2C300&ssl=1 1.5x, https:\/\/i0.wp.com\/cultureelpersbureau.nl\/wp-content\/uploads\/2022\/02\/hku-scaled.jpeg?resize=700%2C400&ssl=1 2x, https:\/\/i0.wp.com\/cultureelpersbureau.nl\/wp-content\/uploads\/2022\/02\/hku-scaled.jpeg?resize=1050%2C600&ssl=1 3x, https:\/\/i0.wp.com\/cultureelpersbureau.nl\/wp-content\/uploads\/2022\/02\/hku-scaled.jpeg?resize=1400%2C800&ssl=1 4x"},"classes":[]},{"id":63119,"url":"https:\/\/cultureelpersbureau.nl\/fr\/2020\/01\/meespelen-met-het-het-eurovisie-songfestivalorkest-100-euro-bruto-voor-acht-dagen-werk\/","url_meta":{"origin":96097,"position":1},"title":"(mise \u00e0 jour : r\u00e9ponse au concours de la chanson et message nuanc\u00e9) Tu joues avec l'orchestre du Concours Eurovision de la chanson ? \u00c0 partir de 100 euros par jour","author":"Wijbrand Schaap","date":"13 janvier 2020","format":false,"excerpt":"Dans la premi\u00e8re version de ce billet, nous avions suppos\u00e9 100 euros pour 8 jours. Il s'est av\u00e9r\u00e9 que nous \u00e9tions mal inform\u00e9s. L'application de la convention collective des rempla\u00e7ants, mentionn\u00e9e dans l'explication du Festival de la chanson, donne un peu plus de marge de man\u0153uvre, bien que ses taux horaires et journaliers soient encore controvers\u00e9s. Mais 1000...","rel":"","context":"Dans &quot;ACTUEEL&quot;","block_context":{"text":"ACTUEEL","link":"https:\/\/cultureelpersbureau.nl\/fr\/genre\/nieuws\/"},"img":{"alt_text":"","src":"https:\/\/i0.wp.com\/cultureelpersbureau.nl\/wp-content\/uploads\/2020\/01\/Logo-songfestival-Nederland.jpg?resize=350%2C200&ssl=1","width":350,"height":200,"srcset":"https:\/\/i0.wp.com\/cultureelpersbureau.nl\/wp-content\/uploads\/2020\/01\/Logo-songfestival-Nederland.jpg?resize=350%2C200&ssl=1 1x, https:\/\/i0.wp.com\/cultureelpersbureau.nl\/wp-content\/uploads\/2020\/01\/Logo-songfestival-Nederland.jpg?resize=525%2C300&ssl=1 1.5x, https:\/\/i0.wp.com\/cultureelpersbureau.nl\/wp-content\/uploads\/2020\/01\/Logo-songfestival-Nederland.jpg?resize=700%2C400&ssl=1 2x"},"classes":[]},{"id":63141,"url":"https:\/\/cultureelpersbureau.nl\/fr\/2020\/01\/wat-is-de-remplacanten-cao-en-waarom-is-het-zo-erg-dat-de-npo-die-toepast-bij-het-eurovisie-songfestival\/","url_meta":{"origin":96097,"position":2},"title":"Qu'est-ce que le rempla\u00e7anten-cao et pourquoi est-il si mauvais que l'ONL l'applique au concours Eurovision de la chanson ?","author":"Wijbrand Schaap","date":"14 janvier 2020","format":false,"excerpt":"[update: ze krijgen nog minder, zie bericht onderaan] We kregen verwarrende berichten binnen, afgelopen weekend. Aanleiding was de feestelijke aankondiging van de organisatie van het Eurovisie Songfestival dat er bij de finale in Rotterdam een bijzondere symfonische happening zou plaatsvinden. Gevraagd werden derdejaars- en masterstudenten van het Rotterdams Conservatorium, onderdeel\u2026","rel":"","context":"Dans &quot;ACTUEEL&quot;","block_context":{"text":"ACTUEEL","link":"https:\/\/cultureelpersbureau.nl\/fr\/genre\/nieuws\/"},"img":{"alt_text":"","src":"https:\/\/i0.wp.com\/cultureelpersbureau.nl\/wp-content\/uploads\/2020\/01\/Straatmuzikant_met_op_de_achtergrond_een_tankstation_Bestanddeelnr_254-5482.jpg?resize=350%2C200&ssl=1","width":350,"height":200,"srcset":"https:\/\/i0.wp.com\/cultureelpersbureau.nl\/wp-content\/uploads\/2020\/01\/Straatmuzikant_met_op_de_achtergrond_een_tankstation_Bestanddeelnr_254-5482.jpg?resize=350%2C200&ssl=1 1x, https:\/\/i0.wp.com\/cultureelpersbureau.nl\/wp-content\/uploads\/2020\/01\/Straatmuzikant_met_op_de_achtergrond_een_tankstation_Bestanddeelnr_254-5482.jpg?resize=525%2C300&ssl=1 1.5x, https:\/\/i0.wp.com\/cultureelpersbureau.nl\/wp-content\/uploads\/2020\/01\/Straatmuzikant_met_op_de_achtergrond_een_tankstation_Bestanddeelnr_254-5482.jpg?resize=700%2C400&ssl=1 2x, https:\/\/i0.wp.com\/cultureelpersbureau.nl\/wp-content\/uploads\/2020\/01\/Straatmuzikant_met_op_de_achtergrond_een_tankstation_Bestanddeelnr_254-5482.jpg?resize=1050%2C600&ssl=1 3x, https:\/\/i0.wp.com\/cultureelpersbureau.nl\/wp-content\/uploads\/2020\/01\/Straatmuzikant_met_op_de_achtergrond_een_tankstation_Bestanddeelnr_254-5482.jpg?resize=1400%2C800&ssl=1 4x"},"classes":[]},{"id":62855,"url":"https:\/\/cultureelpersbureau.nl\/fr\/2019\/12\/bij-veel-theaters-hoef-je-niet-aan-te-komen-als-je-geen-eigen-publiek-meeneemt\/","url_meta":{"origin":96097,"position":3},"title":"'Dans de nombreux th\u00e9\u00e2tres, tu n'es pas oblig\u00e9 d'arriver si tu n'am\u00e8nes pas ton propre public.'","author":"Wijbrand Schaap","date":"6 d\u00e9cembre 2019","format":false,"excerpt":"J'ai parl\u00e9 \u00e0 Peter Pluymaekers, directeur artistique du groupe th\u00e9\u00e2tral Zep, de ce que c'est que de faire du th\u00e9\u00e2tre pour les \u00e9tudiants de la vmbo. L'occasion \u00e9tait la repr\u00e9sentation pas si jubilatoire de Cl\u00e9op\u00e2tre. \u00c9couter le podcast sur anchor : \"Je suis toujours un peu r\u00e9ticent \u00e0 l'id\u00e9e de faire du Shakespeare. Je le trouve difficile, et les jeunes...","rel":"","context":"Dans &quot;ACTUEEL&quot;","block_context":{"text":"ACTUEEL","link":"https:\/\/cultureelpersbureau.nl\/fr\/genre\/nieuws\/"},"img":{"alt_text":"","src":"https:\/\/i0.wp.com\/cultureelpersbureau.nl\/wp-content\/uploads\/2019\/12\/peter-pluymaekers.jpg?resize=350%2C200&ssl=1","width":350,"height":200,"srcset":"https:\/\/i0.wp.com\/cultureelpersbureau.nl\/wp-content\/uploads\/2019\/12\/peter-pluymaekers.jpg?resize=350%2C200&ssl=1 1x, https:\/\/i0.wp.com\/cultureelpersbureau.nl\/wp-content\/uploads\/2019\/12\/peter-pluymaekers.jpg?resize=525%2C300&ssl=1 1.5x, https:\/\/i0.wp.com\/cultureelpersbureau.nl\/wp-content\/uploads\/2019\/12\/peter-pluymaekers.jpg?resize=700%2C400&ssl=1 2x, https:\/\/i0.wp.com\/cultureelpersbureau.nl\/wp-content\/uploads\/2019\/12\/peter-pluymaekers.jpg?resize=1050%2C600&ssl=1 3x, https:\/\/i0.wp.com\/cultureelpersbureau.nl\/wp-content\/uploads\/2019\/12\/peter-pluymaekers.jpg?resize=1400%2C800&ssl=1 4x"},"classes":[]},{"id":71521,"url":"https:\/\/cultureelpersbureau.nl\/fr\/2021\/10\/now-steun-heeft-ons-gered-maar-levert-achteraf-veel-extra-werklast-op\/","url_meta":{"origin":96097,"position":4},"title":"'Le soutien de NOW nous a sauv\u00e9s, mais cr\u00e9e beaucoup de charge de travail suppl\u00e9mentaire par la suite.'","author":"Wijbrand Schaap","date":"13 octobre 2021","format":false,"excerpt":"Fin juillet, nous avons publi\u00e9 sur ce site un appel de l'UWV. L'organisme de pr\u00e9voyance tirait la sonnette d'alarme parce que peu d'organisations culturelles avaient encore rempli leur derni\u00e8re demande de soutien corona. S'ils n'avaient pas introduit avant le 31 octobre la demande correspondant \u00e0 l'avance re\u00e7ue pr\u00e9c\u00e9demment, ils devraient payer...","rel":"","context":"Dans &quot;ACTUEEL&quot;","block_context":{"text":"ACTUEEL","link":"https:\/\/cultureelpersbureau.nl\/fr\/genre\/nieuws\/"},"img":{"alt_text":"","src":"https:\/\/i0.wp.com\/cultureelpersbureau.nl\/wp-content\/uploads\/2021\/10\/TivoliVredenburg_SuzannevanDommelen-scaled.jpg?resize=350%2C200&ssl=1","width":350,"height":200,"srcset":"https:\/\/i0.wp.com\/cultureelpersbureau.nl\/wp-content\/uploads\/2021\/10\/TivoliVredenburg_SuzannevanDommelen-scaled.jpg?resize=350%2C200&ssl=1 1x, https:\/\/i0.wp.com\/cultureelpersbureau.nl\/wp-content\/uploads\/2021\/10\/TivoliVredenburg_SuzannevanDommelen-scaled.jpg?resize=525%2C300&ssl=1 1.5x, https:\/\/i0.wp.com\/cultureelpersbureau.nl\/wp-content\/uploads\/2021\/10\/TivoliVredenburg_SuzannevanDommelen-scaled.jpg?resize=700%2C400&ssl=1 2x, https:\/\/i0.wp.com\/cultureelpersbureau.nl\/wp-content\/uploads\/2021\/10\/TivoliVredenburg_SuzannevanDommelen-scaled.jpg?resize=1050%2C600&ssl=1 3x, https:\/\/i0.wp.com\/cultureelpersbureau.nl\/wp-content\/uploads\/2021\/10\/TivoliVredenburg_SuzannevanDommelen-scaled.jpg?resize=1400%2C800&ssl=1 4x"},"classes":[]},{"id":60936,"url":"https:\/\/cultureelpersbureau.nl\/fr\/2019\/06\/pipi-langkous-regeert-in-zwolle-waarom-iedereen-die-om-leren-geeft-naar-woest-moet-gaan\/","url_meta":{"origin":96097,"position":5},"title":"Pipi Longstocking r\u00e8gne en ma\u00eetre \u00e0 Zwolle. (Pourquoi tous ceux qui s'int\u00e9ressent \u00e0 l'apprentissage devraient aller au Festival Woest)","author":"Wijbrand Schaap","date":"7 juin 2019","format":false,"excerpt":"Zet een stuk of 15 stuiterballen uit de eerste klas van het basis-vmbo in een antieke kajuit van een paar vierkante meter en je weet zeker dat het er honderd zijn. Muziek zullen ze maken en ze hadden zelf bedacht dat het over een bos moest gaan. Dat gaat de\u2026","rel":"","context":"Dans &quot;ACTUEEL&quot;","block_context":{"text":"ACTUEEL","link":"https:\/\/cultureelpersbureau.nl\/fr\/genre\/nieuws\/"},"img":{"alt_text":"","src":"https:\/\/i0.wp.com\/cultureelpersbureau.nl\/wp-content\/uploads\/2019\/06\/IMG_20190606_191418602.jpg?resize=350%2C200&ssl=1","width":350,"height":200,"srcset":"https:\/\/i0.wp.com\/cultureelpersbureau.nl\/wp-content\/uploads\/2019\/06\/IMG_20190606_191418602.jpg?resize=350%2C200&ssl=1 1x, https:\/\/i0.wp.com\/cultureelpersbureau.nl\/wp-content\/uploads\/2019\/06\/IMG_20190606_191418602.jpg?resize=525%2C300&ssl=1 1.5x, https:\/\/i0.wp.com\/cultureelpersbureau.nl\/wp-content\/uploads\/2019\/06\/IMG_20190606_191418602.jpg?resize=700%2C400&ssl=1 2x, https:\/\/i0.wp.com\/cultureelpersbureau.nl\/wp-content\/uploads\/2019\/06\/IMG_20190606_191418602.jpg?resize=1050%2C600&ssl=1 3x, https:\/\/i0.wp.com\/cultureelpersbureau.nl\/wp-content\/uploads\/2019\/06\/IMG_20190606_191418602.jpg?resize=1400%2C800&ssl=1 4x"},"classes":[]}],"jetpack_shortlink":"https:\/\/wp.me\/p3yKke-oZX","jetpack_sharing_enabled":true,"_links":{"self":[{"href":"https:\/\/cultureelpersbureau.nl\/fr\/wp-json\/wp\/v2\/posts\/96097","targetHints":{"allow":["GET"]}}],"collection":[{"href":"https:\/\/cultureelpersbureau.nl\/fr\/wp-json\/wp\/v2\/posts"}],"about":[{"href":"https:\/\/cultureelpersbureau.nl\/fr\/wp-json\/wp\/v2\/types\/post"}],"author":[{"embeddable":true,"href":"https:\/\/cultureelpersbureau.nl\/fr\/wp-json\/wp\/v2\/users\/4"}],"replies":[{"embeddable":true,"href":"https:\/\/cultureelpersbureau.nl\/fr\/wp-json\/wp\/v2\/comments?post=96097"}],"version-history":[{"count":2,"href":"https:\/\/cultureelpersbureau.nl\/fr\/wp-json\/wp\/v2\/posts\/96097\/revisions"}],"predecessor-version":[{"id":96100,"href":"https:\/\/cultureelpersbureau.nl\/fr\/wp-json\/wp\/v2\/posts\/96097\/revisions\/96100"}],"wp:featuredmedia":[{"embeddable":true,"href":"https:\/\/cultureelpersbureau.nl\/fr\/wp-json\/wp\/v2\/media\/96098"}],"wp:attachment":[{"href":"https:\/\/cultureelpersbureau.nl\/fr\/wp-json\/wp\/v2\/media?parent=96097"}],"wp:term":[{"taxonomy":"category","embeddable":true,"href":"https:\/\/cultureelpersbureau.nl\/fr\/wp-json\/wp\/v2\/categories?post=96097"},{"taxonomy":"post_tag","embeddable":true,"href":"https:\/\/cultureelpersbureau.nl\/fr\/wp-json\/wp\/v2\/tags?post=96097"}],"curies":[{"name":"wp","href":"https:\/\/api.w.org\/{rel}","templated":true}]}}