{"id":96580,"date":"2025-02-19T11:42:42","date_gmt":"2025-02-19T10:42:42","guid":{"rendered":"https:\/\/cultureelpersbureau.nl\/?p=96580"},"modified":"2025-02-19T14:06:07","modified_gmt":"2025-02-19T13:06:07","slug":"3-jaar-sinds-de-grootschalige-russische-invasie-van-oekraine-twee-speciale-filmvertoningen-in-amsterdam","status":"publish","type":"post","link":"https:\/\/cultureelpersbureau.nl\/fr\/2025\/02\/3-jaar-sinds-de-grootschalige-russische-invasie-van-oekraine-twee-speciale-filmvertoningen-in-amsterdam\/","title":{"rendered":"3 ans apr\u00e8s l'invasion russe \u00e0 grande \u00e9chelle de l'Ukraine : deux projections sp\u00e9ciales \u00e0 Amsterdam"},"content":{"rendered":"\n<p>Op 24 februari 2025 is het drie jaar geleden dat Rusland Oekra\u00efne grootschalig aanviel. Niet alleen het land werd aangevallen, vanaf het begin was duidelijk dat Rusland ook en juist de cultuur van Oekra\u00efne aanviel. De recente geopolitieke ontwikkelingen brengen Oekraine grote onzekerheid, met mogelijk dramatische gevolgen. &nbsp;<\/p>\n\n\n\n<p>Met twee speciale filmvertoningen staan <a href=\"https:\/\/dutchculture.nl\/en\/country\/UA\">DutchCulture<\/a>, de <a href=\"https:\/\/culturalfoundation.eu\/\">European Cultural Foundation<\/a>\u00a0en het <a href=\"https:\/\/www.idfa.nl\/cinema\/85d013ef-c82e-495d-ab0f-44ab081ec22c\/Songs-of-Slow-Burning-Earth\/\">International Documentary Filmfestival Amsterdam<\/a>\u00a0stil \u200b\u200bbij de grote impact van deze oorlog. Gezamenlijk presenteren zij <strong>op 21 februari een dubbelprogramma in het IDFA paviljoen in het Amsterdamse Vondelpark<\/strong>. Met twee krachtige documentaires gevolgd door discussie en Q&amp;A, onderzoeken en belichten zij de veerkracht van de Oekra\u00efense bevolking en culturele sectoren in deze oorlog.<\/p>\n\n\n\n<h2 class=\"wp-block-heading\"><strong>17.00 \u2013 18.30 Despite all, we work [2024]<\/strong><\/h2>\n\n\n\n<p>Deze documentaire van Cem Alt\u0131n\u00f6z, gemaakt in samenwerking met Dutch Culture en gefilmd tijdens een vijfdaags bezoek aan Nederland, vertelt de verhalen van regionale museummedewerkers in Oekra\u00efne. In het licht van immense uitdagingen hebben ze hun rollen opnieuw gedefinieerd, wat de waarde van internationale solidariteit laat zien. De film benadrukt hoe kracht en veerkracht de hoeksteen zijn geworden van de identiteit die Oekra\u00efners proberen te beschermen. Onderweg krijgen we een voorproefje van de gepassioneerde, oprechte en soms humoristische gesprekken tussen Oekra\u00efense en Nederlandse museumprofessionals tijdens hun bezoeken aan musea in heel Nederland, van Enschede tot Den Bosch.<\/p>\n\n\n\n<p>Gevolgd door een discussie met betrokkenen bij het bezoekersprogramma: <em>Kateryna Chuyeva<\/em>&nbsp;(online) \u2013 onafhankelijk museumdeskundige en voormalig onder-minister van cultuur van Oekra\u00efne van 2021-2023, <em>Cem Alt\u0131n\u00f6z<\/em>, filmmaker, <em>Arnoud Odding<\/em>, onderzoeker en strategisch adviseur voor musea, en <em>Tijana Stepanovic<\/em>, adviseur Centraal- en Oost-Europa bij Dutch Culture.<\/p>\n\n\n\n<h2 class=\"wp-block-heading\"><strong>19.30 \u2013 22.00 Songs of slow burning earth [2024]<\/strong><\/h2>\n\n\n\n<p>Gedurende twee jaar en op verschillende plekken, dichtbij of ver van de frontlinie, verzamelde regisseur Olha Zhurba de beelden voor dit indrukwekkende, persoonlijke en tegelijk metafysische audiovisuele album van de oorlog in Oekra\u00efne.<\/p>\n\n\n\n<p>Vanaf de invasie \u2013 de eerste explosies, de evacuatie richting een veiliger plek, rijen wachtende mensen en colonnes met hulpgoederen \u2013 tot aan de integratie van de oorlog in het dagelijks leven, met schoolkinderen die geroutineerd naar schuilkelders gaan en vrouwen die in lijkenhuizen hun gedode mannen komen zoeken. Een schurende <em>soundscape<\/em>&nbsp;die zich van paniek naar stille berusting begeeft, begeleidt en verbindt de beelden, samen met hartverscheurende audiofragmenten uit telefoonoproepen naar noodnummers.<\/p>\n\n\n\n<p>Het hart van de film is een verstilde, minuten durende sc\u00e8ne die wordt gefilmd vanuit een dodentransport, dat wordt begroet door knielende bewoners langs de kant van de weg. De camera legt met geduld, respect en een kunstzinnig oog het leed, de angst en de ontgoocheling vast, maar ook de woede, de strijdbaarheid en de hoop van een volk onder vuur.<\/p>\n\n\n\n<p>Deze vertoning wordt gevolgd door een Q&amp;A met de maker <em>Olha Zhurba<\/em>, die via een online verbinding aanwezig is.<\/p>\n","protected":false},"excerpt":{"rendered":"<p>Op 24 februari 2025 is het drie jaar geleden dat Rusland Oekra\u00efne grootschalig aanviel. Niet alleen het land werd aangevallen, vanaf het begin was duidelijk dat Rusland ook en juist de cultuur van Oekra\u00efne aanviel. De recente geopolitieke ontwikkelingen brengen Oekraine grote onzekerheid, met mogelijk dramatische gevolgen. &nbsp; Met twee speciale filmvertoningen staan DutchCulture, de [&hellip;]<\/p>\n","protected":false},"author":13,"featured_media":96581,"comment_status":"open","ping_status":"closed","sticky":false,"template":"","format":"standard","meta":{"_eb_attr":"","_themeisle_gutenberg_block_has_review":false,"_jetpack_memberships_contains_paid_content":false,"activitypub_content_warning":"","activitypub_content_visibility":"","activitypub_max_image_attachments":3,"activitypub_interaction_policy_quote":"anyone","activitypub_status":"federated","footnotes":"","jetpack_publicize_message":"","jetpack_publicize_feature_enabled":true,"jetpack_social_post_already_shared":false,"jetpack_social_options":{"image_generator_settings":{"template":"highway","enabled":false},"version":2}},"categories":[1,12079,4762,11917],"tags":[15945,13931],"class_list":["post-96580","post","type-post","status-publish","format-standard","has-post-thumbnail","hentry","category-nieuws","category-documentaire","category-film-3","category-persberichten","tag-european-cultural-foundation","tag-oekraine"],"views":355,"jetpack_publicize_connections":[],"jetpack_featured_media_url":"https:\/\/cultureelpersbureau.nl\/wp-content\/uploads\/2025\/02\/kyiv.webp","jetpack-related-posts":[{"id":73281,"url":"https:\/\/cultureelpersbureau.nl\/fr\/2022\/03\/amsterdam-museum-schort-opening-tijdelijk-onderkomen-in-hermitage-op\/","url_meta":{"origin":96580,"position":0},"title":"Le mus\u00e9e d'Amsterdam suspend l'ouverture d'une maison temporaire \u00e0 l'Ermitage","author":"een van onze leden","date":"2 mars 2022","format":false,"excerpt":"Le mus\u00e9e d'Amsterdam a d\u00e9cid\u00e9 de garder ferm\u00e9es les portes de son nouvel h\u00e9bergement temporaire dans le b\u00e2timent de l'Ermitage jusqu'\u00e0 nouvel ordre. L'inauguration, pr\u00e9vue le samedi 5 mars, n'aura pas lieu en raison de la guerre en Ukraine et du sentiment suscit\u00e9 par ces \u00e9v\u00e9nements poignants \u00e0 travers le pays et la ville.","rel":"","context":"Dans &quot;ACTUEEL&quot;","block_context":{"text":"ACTUEEL","link":"https:\/\/cultureelpersbureau.nl\/fr\/genre\/nieuws\/"},"img":{"alt_text":"","src":"https:\/\/i0.wp.com\/cultureelpersbureau.nl\/wp-content\/uploads\/2022\/01\/Artist-Impression-tentoonstelling-Panorama-Amsterdam.-Amsterdam-Museum-in-de-Hermitage-Amsterdam-Studio-L-A.-scaled.jpg?resize=350%2C200&ssl=1","width":350,"height":200,"srcset":"https:\/\/i0.wp.com\/cultureelpersbureau.nl\/wp-content\/uploads\/2022\/01\/Artist-Impression-tentoonstelling-Panorama-Amsterdam.-Amsterdam-Museum-in-de-Hermitage-Amsterdam-Studio-L-A.-scaled.jpg?resize=350%2C200&ssl=1 1x, https:\/\/i0.wp.com\/cultureelpersbureau.nl\/wp-content\/uploads\/2022\/01\/Artist-Impression-tentoonstelling-Panorama-Amsterdam.-Amsterdam-Museum-in-de-Hermitage-Amsterdam-Studio-L-A.-scaled.jpg?resize=525%2C300&ssl=1 1.5x, https:\/\/i0.wp.com\/cultureelpersbureau.nl\/wp-content\/uploads\/2022\/01\/Artist-Impression-tentoonstelling-Panorama-Amsterdam.-Amsterdam-Museum-in-de-Hermitage-Amsterdam-Studio-L-A.-scaled.jpg?resize=700%2C400&ssl=1 2x, https:\/\/i0.wp.com\/cultureelpersbureau.nl\/wp-content\/uploads\/2022\/01\/Artist-Impression-tentoonstelling-Panorama-Amsterdam.-Amsterdam-Museum-in-de-Hermitage-Amsterdam-Studio-L-A.-scaled.jpg?resize=1050%2C600&ssl=1 3x, https:\/\/i0.wp.com\/cultureelpersbureau.nl\/wp-content\/uploads\/2022\/01\/Artist-Impression-tentoonstelling-Panorama-Amsterdam.-Amsterdam-Museum-in-de-Hermitage-Amsterdam-Studio-L-A.-scaled.jpg?resize=1400%2C800&ssl=1 4x"},"classes":[]},{"id":102303,"url":"https:\/\/cultureelpersbureau.nl\/fr\/2026\/04\/plastic-sea-perfect-storm-nieuw-boek-van-the-europeans-wordt-gepresenteerd-in-domo\/","url_meta":{"origin":96580,"position":1},"title":"\u2018Plastic Sea, Perfect Storm\u2019: Nieuw boek van The Europeans wordt gepresenteerd in Domo.","author":"European Cultural Foundation","date":"23 avril 2026","format":false,"excerpt":"\u2018Plastic Sea, Perfect Storm\u2019 is het nieuwste hoofdstuk in het fotodocumentaireproject The Europeans, dat het moderne Europa in beeld brengt. In dit meerjarige project reizen fotograaf Rob Hornstra en schrijver en filmmaker Arnold van Bruggen van regio naar regio en van thema naar thema om een \u200b\u200btijdsbeeld van de 21e\u2026","rel":"","context":"Dans &quot;beleid&quot;","block_context":{"text":"beleid","link":"https:\/\/cultureelpersbureau.nl\/fr\/genre\/beleid\/"},"img":{"alt_text":"","src":"","width":0,"height":0},"classes":[]},{"id":73040,"url":"https:\/\/cultureelpersbureau.nl\/fr\/2022\/03\/filmtheaters-steunen-oekraiense-vluchtelingen-met-hervertoning-donbass-loznitsas-absurde-realiteit-of-verzameling-stereotypen\/","url_meta":{"origin":96580,"position":2},"title":"Les cin\u00e9mas soutiennent les r\u00e9fugi\u00e9s ukrainiens en projetant \u00e0 nouveau Donbass - r\u00e9alit\u00e9 absurde de Loznitsa ou collection de st\u00e9r\u00e9otypes ?","author":"Leo Bankersen","date":"1 mars 2022","format":false,"excerpt":"La trag\u00e9die absurde Donbass du cin\u00e9aste ukrainien Sergei Loznitsa revient dans les salles de cin\u00e9ma. Les recettes seront revers\u00e9es aux r\u00e9fugi\u00e9s d'Ukraine.","rel":"","context":"Dans &quot;ACTUEEL&quot;","block_context":{"text":"ACTUEEL","link":"https:\/\/cultureelpersbureau.nl\/fr\/genre\/nieuws\/"},"img":{"alt_text":"","src":"https:\/\/i0.wp.com\/cultureelpersbureau.nl\/wp-content\/uploads\/2022\/02\/Donbass-1-scaled.jpg?resize=350%2C200&ssl=1","width":350,"height":200,"srcset":"https:\/\/i0.wp.com\/cultureelpersbureau.nl\/wp-content\/uploads\/2022\/02\/Donbass-1-scaled.jpg?resize=350%2C200&ssl=1 1x, https:\/\/i0.wp.com\/cultureelpersbureau.nl\/wp-content\/uploads\/2022\/02\/Donbass-1-scaled.jpg?resize=525%2C300&ssl=1 1.5x, https:\/\/i0.wp.com\/cultureelpersbureau.nl\/wp-content\/uploads\/2022\/02\/Donbass-1-scaled.jpg?resize=700%2C400&ssl=1 2x, https:\/\/i0.wp.com\/cultureelpersbureau.nl\/wp-content\/uploads\/2022\/02\/Donbass-1-scaled.jpg?resize=1050%2C600&ssl=1 3x, https:\/\/i0.wp.com\/cultureelpersbureau.nl\/wp-content\/uploads\/2022\/02\/Donbass-1-scaled.jpg?resize=1400%2C800&ssl=1 4x"},"classes":[]},{"id":35826,"url":"https:\/\/cultureelpersbureau.nl\/fr\/2016\/07\/pieter-waterdrinker-poubelle-mh17-stank-europa\/","url_meta":{"origin":96580,"position":3},"title":"Poubelle by Pieter Waterdrinker : MH17 et la puanteur de l'Europe","author":"Frans van Hilten","date":"2 juillet 2016","format":false,"excerpt":"Les Pays-Bas comm\u00e9morent ce mois-ci la catastrophe du vol MH17. Deux ans plus tard, la question de la culpabilit\u00e9 n'a toujours pas trouv\u00e9 de r\u00e9ponse claire. Le protagoniste du roman Poubelle de Pieter Waterdrinker a moins de mal \u00e0 y r\u00e9pondre : il se consid\u00e8re comme le principal responsable. Entretien avec le correspondant-romancier Waterdrinker : histoire de l'Europe moderne, Russie...","rel":"","context":"Dans &quot;LITERAIR&quot;","block_context":{"text":"LITERAIR","link":"https:\/\/cultureelpersbureau.nl\/fr\/genre\/literatuur-2\/"},"img":{"alt_text":"Poubelle, fragment van omslag","src":"https:\/\/i0.wp.com\/cultureelpersbureau.nl\/wp-content\/uploads\/2016\/06\/Poubelle-omslag.jpg?resize=350%2C200&ssl=1","width":350,"height":200,"srcset":"https:\/\/i0.wp.com\/cultureelpersbureau.nl\/wp-content\/uploads\/2016\/06\/Poubelle-omslag.jpg?resize=350%2C200&ssl=1 1x, https:\/\/i0.wp.com\/cultureelpersbureau.nl\/wp-content\/uploads\/2016\/06\/Poubelle-omslag.jpg?resize=525%2C300&ssl=1 1.5x, https:\/\/i0.wp.com\/cultureelpersbureau.nl\/wp-content\/uploads\/2016\/06\/Poubelle-omslag.jpg?resize=700%2C400&ssl=1 2x"},"classes":[]},{"id":26796,"url":"https:\/\/cultureelpersbureau.nl\/fr\/2015\/11\/european-film-academy-vraagt-regisseur-nikita-mikhalkov-pleiten-gevangen-oekraiense-filmmaker-oleg-sentsov\/","url_meta":{"origin":96580,"position":4},"title":"L'Acad\u00e9mie europ\u00e9enne du cin\u00e9ma demande au r\u00e9alisateur Nikita Mikhalkov de d\u00e9fendre le cin\u00e9aste ukrainien emprisonn\u00e9 Oleg Sentsov.","author":"Leo Bankersen","date":"24 novembre 2015","format":false,"excerpt":"Aujourd'hui, l'appel contre la condamnation du cin\u00e9aste ukrainien Oleg Sentsov \u00e0 20 ans de prison doit \u00eatre entendu. L'Acad\u00e9mie europ\u00e9enne du cin\u00e9ma lance un appel \u00e0 l'aide au r\u00e9alisateur Nikita Makhalkov.","rel":"","context":"Dans &quot;ACTUEEL&quot;","block_context":{"text":"ACTUEEL","link":"https:\/\/cultureelpersbureau.nl\/fr\/genre\/nieuws\/"},"img":{"alt_text":"","src":"https:\/\/i0.wp.com\/cultureelpersbureau.nl\/wp-content\/uploads\/2015\/11\/OlegSentsov_1_Nichon-GlerumIFFR_FREE2.jpg?resize=350%2C200&ssl=1","width":350,"height":200,"srcset":"https:\/\/i0.wp.com\/cultureelpersbureau.nl\/wp-content\/uploads\/2015\/11\/OlegSentsov_1_Nichon-GlerumIFFR_FREE2.jpg?resize=350%2C200&ssl=1 1x, https:\/\/i0.wp.com\/cultureelpersbureau.nl\/wp-content\/uploads\/2015\/11\/OlegSentsov_1_Nichon-GlerumIFFR_FREE2.jpg?resize=525%2C300&ssl=1 1.5x, https:\/\/i0.wp.com\/cultureelpersbureau.nl\/wp-content\/uploads\/2015\/11\/OlegSentsov_1_Nichon-GlerumIFFR_FREE2.jpg?resize=700%2C400&ssl=1 2x, https:\/\/i0.wp.com\/cultureelpersbureau.nl\/wp-content\/uploads\/2015\/11\/OlegSentsov_1_Nichon-GlerumIFFR_FREE2.jpg?resize=1050%2C600&ssl=1 3x"},"classes":[]},{"id":57540,"url":"https:\/\/cultureelpersbureau.nl\/fr\/2018\/07\/grote-zorgen-over-lot-van-oekraiense-filmmaker-oleg-sentsov-acht-weken-in-hongerstaking-in-russische-gevangenschap\/","url_meta":{"origin":96580,"position":5},"title":"Le sort du cin\u00e9aste ukrainien Oleg Sentsov - huit semaines de gr\u00e8ve de la faim en captivit\u00e9 en Russie - suscite de vives inqui\u00e9tudes.","author":"Leo Bankersen","date":"10 juillet 2018","format":false,"excerpt":"Des organisations de d\u00e9fense des droits de l'homme du monde entier et des milliers de cin\u00e9astes et d'artistes expriment leur soutien \u00e0 Oleg Sentsov, condamn\u00e9 \u00e0 20 ans par la Russie. Ce cin\u00e9aste ukrainien est en gr\u00e8ve de la faim depuis le 14 mai. Sa vie est en grave danger, selon l'Acad\u00e9mie europ\u00e9enne du cin\u00e9ma.","rel":"","context":"Dans &quot;ACTUEEL&quot;","block_context":{"text":"ACTUEEL","link":"https:\/\/cultureelpersbureau.nl\/fr\/genre\/nieuws\/"},"img":{"alt_text":"","src":"https:\/\/i0.wp.com\/cultureelpersbureau.nl\/wp-content\/uploads\/2018\/07\/Oleg-Sentsov-FANofEurope_FreeOleg.jpg?resize=350%2C200&ssl=1","width":350,"height":200,"srcset":"https:\/\/i0.wp.com\/cultureelpersbureau.nl\/wp-content\/uploads\/2018\/07\/Oleg-Sentsov-FANofEurope_FreeOleg.jpg?resize=350%2C200&ssl=1 1x, https:\/\/i0.wp.com\/cultureelpersbureau.nl\/wp-content\/uploads\/2018\/07\/Oleg-Sentsov-FANofEurope_FreeOleg.jpg?resize=525%2C300&ssl=1 1.5x, https:\/\/i0.wp.com\/cultureelpersbureau.nl\/wp-content\/uploads\/2018\/07\/Oleg-Sentsov-FANofEurope_FreeOleg.jpg?resize=700%2C400&ssl=1 2x, https:\/\/i0.wp.com\/cultureelpersbureau.nl\/wp-content\/uploads\/2018\/07\/Oleg-Sentsov-FANofEurope_FreeOleg.jpg?resize=1050%2C600&ssl=1 3x"},"classes":[]}],"jetpack_shortlink":"https:\/\/wp.me\/p3yKke-p7K","jetpack_sharing_enabled":true,"_links":{"self":[{"href":"https:\/\/cultureelpersbureau.nl\/fr\/wp-json\/wp\/v2\/posts\/96580","targetHints":{"allow":["GET"]}}],"collection":[{"href":"https:\/\/cultureelpersbureau.nl\/fr\/wp-json\/wp\/v2\/posts"}],"about":[{"href":"https:\/\/cultureelpersbureau.nl\/fr\/wp-json\/wp\/v2\/types\/post"}],"author":[{"embeddable":true,"href":"https:\/\/cultureelpersbureau.nl\/fr\/wp-json\/wp\/v2\/users\/13"}],"replies":[{"embeddable":true,"href":"https:\/\/cultureelpersbureau.nl\/fr\/wp-json\/wp\/v2\/comments?post=96580"}],"version-history":[{"count":3,"href":"https:\/\/cultureelpersbureau.nl\/fr\/wp-json\/wp\/v2\/posts\/96580\/revisions"}],"predecessor-version":[{"id":96617,"href":"https:\/\/cultureelpersbureau.nl\/fr\/wp-json\/wp\/v2\/posts\/96580\/revisions\/96617"}],"wp:featuredmedia":[{"embeddable":true,"href":"https:\/\/cultureelpersbureau.nl\/fr\/wp-json\/wp\/v2\/media\/96581"}],"wp:attachment":[{"href":"https:\/\/cultureelpersbureau.nl\/fr\/wp-json\/wp\/v2\/media?parent=96580"}],"wp:term":[{"taxonomy":"category","embeddable":true,"href":"https:\/\/cultureelpersbureau.nl\/fr\/wp-json\/wp\/v2\/categories?post=96580"},{"taxonomy":"post_tag","embeddable":true,"href":"https:\/\/cultureelpersbureau.nl\/fr\/wp-json\/wp\/v2\/tags?post=96580"}],"curies":[{"name":"wp","href":"https:\/\/api.w.org\/{rel}","templated":true}]}}