{"id":96754,"date":"2025-03-12T13:40:26","date_gmt":"2025-03-12T12:40:26","guid":{"rendered":"https:\/\/cultureelpersbureau.nl\/?p=96754"},"modified":"2025-03-12T13:48:12","modified_gmt":"2025-03-12T12:48:12","slug":"subsidietoekenning-voor-podia-268-miljoen-euro-voor-programmering-en-publieksverbinding","status":"publish","type":"post","link":"https:\/\/cultureelpersbureau.nl\/fr\/2025\/03\/subsidietoekenning-voor-podia-268-miljoen-euro-voor-programmering-en-publieksverbinding\/","title":{"rendered":"Subvention \u00e0 l'\u00e9tape : 26,8 millions d'euros pour la programmation et la connexion avec le public"},"content":{"rendered":"<p><strong>Le Fonds Podiumkunsten accorde un total de 26,8 millions d'euros de subventions \u00e0 136 lieux de spectacle pour la p\u00e9riode 2025-2029. Avec le programme Podiumkunsten, le Fonds soutient la pr\u00e9sentation d'offres professionnelles dans le domaine des arts du spectacle \u00e0 travers le pays. La subvention \u00e0 la production permet \u00e0 51 lieux de (co)produire et d'investir dans le d\u00e9veloppement de talents.&nbsp;&nbsp;<\/strong><\/p>\n\n\n\n<h2 class=\"wp-block-heading\"><strong>\u00c9tapes aux Pays-Bas et dans la partie carib\u00e9enne du Royaume<\/strong><\/h2>\n\n\n\n<p>A partir du 1er juillet 2025, les lieux de diffusion b\u00e9n\u00e9ficiant d'une contribution du Fonds pourront toucher le public de l'ensemble du pays et de la partie carib\u00e9enne du Royaume gr\u00e2ce \u00e0 leur programmation. De Kampen \u00e0 Goes et d'Ede \u00e0 Oranjestad (Aruba), les lieux pourront d\u00e9marrer leur programmation et leurs activit\u00e9s dans leur environnement gr\u00e2ce \u00e0 la contribution du Fonds.&nbsp;&nbsp;<\/p>\n\n\n\n<p>\"Les sc\u00e8nes jouent un r\u00f4le indispensable dans l'\u00e9tablissement d'un lien entre les arts du spectacle professionnels et le public. Un r\u00e9seau de salles bien r\u00e9parti est essentiel \u00e0 cet \u00e9gard. En outre, les sc\u00e8nes contribuent au d\u00e9veloppement artistique des artistes du spectacle en offrant une sc\u00e8ne aux artistes et aux compagnies. Les sc\u00e8nes r\u00e9compens\u00e9es ont en commun une identit\u00e9 artistique claire et une bonne compr\u00e9hension de leur public\", a d\u00e9clar\u00e9 Viktorien van Hulst, directeur du Fonds Podiumkunsten.&nbsp;<\/p>\n\n\n\n<h2 class=\"wp-block-heading\"><strong>Diversit\u00e9 des lieux de r\u00e9union<\/strong><\/h2>\n\n\n\n<p>Pour poser leur candidature, les lieux devaient avoir une programmation professionnelle de taille raisonnable. Les lieux r\u00e9compens\u00e9s sont tr\u00e8s diff\u00e9rents : certains sont des lieux de niche qui se concentrent sur un genre, comme le jazz ou la musique pop. D'autres proposent une offre plus large et programment \u00e0 la fois de la danse et du th\u00e9\u00e2tre dans des lieux diff\u00e9rents. Ensemble, ces lieux proposent un large \u00e9ventail d'offres pour diff\u00e9rents publics.&nbsp;<\/p>\n\n\n\n<h2 class=\"wp-block-heading\"><strong>26,8 millions d'euros pour 136 sites<\/strong><\/h2>\n\n\n\n<p>La subvention du fonds soutient les lieux r\u00e9compens\u00e9s pendant quatre saisons afin qu'ils puissent r\u00e9aliser leurs projets. Pour maintenir le nombre de prix, la r\u00e9partition g\u00e9ographique et la diversit\u00e9, nous avons ajout\u00e9 3,9 millions d'euros au budget du programme pour les arts du spectacle d'ici la fin de l'ann\u00e9e 2024. Cela nous permettra de soutenir la programmation de 134 lieux, comme il y a deux ans, lorsque le programme a \u00e9t\u00e9 mis en \u0153uvre pour la premi\u00e8re fois.<\/p>\n\n\n\n<p>En outre, 51 lieux re\u00e7oivent (\u00e9galement) une contribution \u00e0 la production pour avoir (co)produit, collabor\u00e9 avec des cr\u00e9ateurs locaux ou soutenu des talents r\u00e9gionaux. Cela renforce le climat de production et de d\u00e9veloppement local\/r\u00e9gional pour les cr\u00e9ateurs. En 2023-2024, le Fonds a mis cette contribution \u00e0 disposition pour la premi\u00e8re fois. Pour continuer en 2025, nous avons transf\u00e9r\u00e9 1,5 million d'euros par an du budget pour les subventions de production pluriannuelles.<\/p>\n\n\n\n<h2 class=\"wp-block-heading\"><em>Prix<\/em><\/h2>\n\n\n\n<ul class=\"wp-block-list\">\n<li>Nombre de lieux ne programmant qu'une contribution : 85<\/li>\n\n\n\n<li>Nombre de lieux contribuant \u00e0 la programmation et \u00e0 la production : 49<\/li>\n\n\n\n<li>Nombre de lieux ne contribuant qu'\u00e0 la production : 2<\/li>\n\n\n\n<li>Nombre total de bourses : 136<\/li>\n<\/ul>\n\n\n<div class=\"wp-block-image\">\n<figure class=\"aligncenter size-full\"><img loading=\"lazy\" decoding=\"async\" width=\"534\" height=\"534\" data-attachment-id=\"96755\" data-permalink=\"https:\/\/cultureelpersbureau.nl\/fr\/2025\/03\/subsidietoekenning-voor-podia-268-miljoen-euro-voor-programmering-en-publieksverbinding\/afbeelding\/\" data-orig-file=\"https:\/\/cultureelpersbureau.nl\/wp-content\/uploads\/2025\/03\/afbeelding.png\" data-orig-size=\"534,534\" data-comments-opened=\"1\" data-image-meta=\"{&quot;aperture&quot;:&quot;0&quot;,&quot;credit&quot;:&quot;&quot;,&quot;camera&quot;:&quot;&quot;,&quot;caption&quot;:&quot;&quot;,&quot;created_timestamp&quot;:&quot;0&quot;,&quot;copyright&quot;:&quot;&quot;,&quot;focal_length&quot;:&quot;0&quot;,&quot;iso&quot;:&quot;0&quot;,&quot;shutter_speed&quot;:&quot;0&quot;,&quot;title&quot;:&quot;&quot;,&quot;orientation&quot;:&quot;0&quot;}\" data-image-title=\"afbeelding\" data-image-description=\"\" data-image-caption=\"\" data-large-file=\"https:\/\/cultureelpersbureau.nl\/wp-content\/uploads\/2025\/03\/afbeelding.png\" src=\"https:\/\/cultureelpersbureau.nl\/wp-content\/uploads\/2025\/03\/afbeelding.png\" alt=\"\" class=\"wp-image-96755\" srcset=\"https:\/\/cultureelpersbureau.nl\/wp-content\/uploads\/2025\/03\/afbeelding.png 534w, https:\/\/cultureelpersbureau.nl\/wp-content\/uploads\/2025\/03\/afbeelding-300x300.png 300w, https:\/\/cultureelpersbureau.nl\/wp-content\/uploads\/2025\/03\/afbeelding-150x150.png 150w, https:\/\/cultureelpersbureau.nl\/wp-content\/uploads\/2025\/03\/afbeelding-12x12.png 12w\" sizes=\"auto, (max-width: 534px) 100vw, 534px\" \/><\/figure>\n<\/div>\n\n\n<h2 class=\"wp-block-heading\"><strong>Cha\u00eene de sant\u00e9 et r\u00e9mun\u00e9ration \u00e9quitable<\/strong><\/h2>\n\n\n\n<p>Le Fonds veut contribuer \u00e0 un secteur sain avec de bonnes conditions de travail pour tous. Une condition pr\u00e9alable \u00e0 une cha\u00eene saine est la possibilit\u00e9 pour les groupes, les artistes, les compagnies et les ensembles de r\u00e9aliser des tourn\u00e9es. Gr\u00e2ce \u00e0 la subvention \u00e0 la programmation, les sc\u00e8nes peuvent rendre cela possible et conclure de bons accords financiers avec les compagnies, les artistes et les cr\u00e9ateurs. Le Fonds attend des sc\u00e8nes qu'elles assument une responsabilit\u00e9 croissante en mati\u00e8re de r\u00e9mun\u00e9ration \u00e9quitable. M\u00eame si cela a des cons\u00e9quences sur l'\u00e9tendue de la programmation. Pour stimuler ce mouvement, le Fonds ajoute des ressources pour la r\u00e9mun\u00e9ration \u00e9quitable au r\u00e9gime des arts du spectacle. Gr\u00e2ce \u00e0 ces fonds suppl\u00e9mentaires provenant du minist\u00e8re de l'\u00e9ducation, de la culture et des sciences (OCW), nous augmentons les subventions de programmation de plus de 1,5 million par an.&nbsp;<\/p>\n\n\n\n<h2 class=\"wp-block-heading\"><strong>\u00c0 propos du programme et de la proc\u00e9dure d'\u00e9valuation<\/strong><\/h2>\n\n\n\n<p>Le budget de la contribution \u00e0 la programmation a \u00e9t\u00e9 r\u00e9parti entre six parties du pays : Nord, Est, Centre, Sud, Ouest et la partie carib\u00e9enne du Royaume. L'\u00e9valuation a \u00e9galement eu lieu au niveau national, avec un comit\u00e9 compos\u00e9 de trois conseillers poss\u00e9dant une expertise sp\u00e9cifique du contexte local\/r\u00e9gional et de deux conseillers apportant une perspective nationale. Toutes les candidatures ont \u00e9t\u00e9 \u00e9valu\u00e9es en fonction de la position artistique, de la fonction publique et de l'int\u00e9gration. &nbsp;<\/p>\n\n\n\n<p>Pour l'attribution des aides \u00e0 la production, chaque comit\u00e9 national de district pourrait nommer des sc\u00e8nes, en fonction de la mesure dans laquelle les projets d'une sc\u00e8ne sont significatifs pour le d\u00e9veloppement d'une culture cr\u00e9ative locale et la constitution d'un public dans sa propre r\u00e9gion gr\u00e2ce \u00e0 des offres appropri\u00e9es.&nbsp;<\/p>","protected":false},"excerpt":{"rendered":"<p>Fonds Podiumkunsten kent een totaalbedrag van 26,8 miljoen euro subsidie toe aan 136 podia voor de periode 2025-2029. Met de podiumregeling ondersteunt het Fonds het presenteren van professioneel podiumkunstenaanbod in het hele land. De productiebijdrage maakt het mogelijk dat 51 podia kunnen (co)produceren en investeren in talentontwikkeling.&nbsp;&nbsp; Podia in Nederland en het Caribisch deel Koninkrijk [&hellip;]<\/p>\n","protected":false},"author":13,"featured_media":96756,"comment_status":"open","ping_status":"closed","sticky":false,"template":"","format":"standard","meta":{"_eb_attr":"","_themeisle_gutenberg_block_has_review":false,"_jetpack_memberships_contains_paid_content":false,"activitypub_content_warning":"","activitypub_content_visibility":"","activitypub_max_image_attachments":3,"activitypub_interaction_policy_quote":"anyone","activitypub_status":"federated","footnotes":"","jetpack_publicize_message":"","jetpack_publicize_feature_enabled":true,"jetpack_social_post_already_shared":false,"jetpack_social_options":{"image_generator_settings":{"template":"highway","enabled":false},"version":2}},"categories":[15614,11917],"tags":[1380,923],"class_list":["post-96754","post","type-post","status-publish","format-standard","has-post-thumbnail","hentry","category-beleid","category-persberichten","tag-fonds-podiumkunsten","tag-subsidie"],"views":314,"jetpack_publicize_connections":[],"jetpack_featured_media_url":"https:\/\/cultureelpersbureau.nl\/wp-content\/uploads\/2025\/03\/Beeld-Podiumregeling-1-.png","jetpack-related-posts":[{"id":72480,"url":"https:\/\/cultureelpersbureau.nl\/fr\/2022\/01\/fonds-podiumkunsten-werkt-aan-opschoning-subsidiewoud\/","url_meta":{"origin":96754,"position":0},"title":"Le fonds pour les arts du spectacle s'efforce d'assainir la jungle des subventions","author":"Wijbrand Schaap","date":"12 janvier 2022","format":false,"excerpt":"Tout cela n'entrera en vigueur qu'en 2023, au plus t\u00f4t, mais les premi\u00e8res bourrasques de vent frais soufflant \u00e0 travers le Fonds pour les arts de la sc\u00e8ne agitent les cimes des arbres. Sous la houlette de son nouveau directeur Viktorien van Hulst, le Fonds veut mettre un terme aux nombreux syst\u00e8mes de subventions mis en place au cours des derni\u00e8res ann\u00e9es....","rel":"","context":"Dans &quot;ACTUEEL&quot;","block_context":{"text":"ACTUEEL","link":"https:\/\/cultureelpersbureau.nl\/fr\/genre\/nieuws\/"},"img":{"alt_text":"","src":"https:\/\/i0.wp.com\/cultureelpersbureau.nl\/wp-content\/uploads\/2020\/08\/fpk.jpg?resize=350%2C200&ssl=1","width":350,"height":200,"srcset":"https:\/\/i0.wp.com\/cultureelpersbureau.nl\/wp-content\/uploads\/2020\/08\/fpk.jpg?resize=350%2C200&ssl=1 1x, https:\/\/i0.wp.com\/cultureelpersbureau.nl\/wp-content\/uploads\/2020\/08\/fpk.jpg?resize=525%2C300&ssl=1 1.5x, https:\/\/i0.wp.com\/cultureelpersbureau.nl\/wp-content\/uploads\/2020\/08\/fpk.jpg?resize=700%2C400&ssl=1 2x"},"classes":[]},{"id":100327,"url":"https:\/\/cultureelpersbureau.nl\/fr\/2026\/01\/livemuziek-in-nederland-onder-toenemende-druk-aantal-festivals-en-laagdrempelig-aanbod-neemt-af-aanbod-in-poppodia-groeit-nog-wel\/","url_meta":{"origin":96754,"position":1},"title":"La musique live aux Pays-Bas est soumise \u00e0 une pression croissante : le nombre de festivals et l'offre \u00e0 bas seuil diminuent ; l'offre dans les salles pop continue d'augmenter","author":"een van onze leden","date":"15 janvier 2026","format":false,"excerpt":"De afgelopen jaren is het aanbod aan popconcerten en -festivals onder druk komen te staan, blijkt uit de Nederlandse Livemuziek Monitor die op 15 januari wordt gelanceerd tijdens muziekconferentie Eurosonic Noorderslag. Het aantal festivals met popoptredens was in 2024 lager dan de vijftien voorgaande jaren. Ook het aantal plekken waar\u2026","rel":"","context":"Dans &quot;beleid&quot;","block_context":{"text":"beleid","link":"https:\/\/cultureelpersbureau.nl\/fr\/genre\/beleid\/"},"img":{"alt_text":"","src":"","width":0,"height":0},"classes":[]},{"id":100760,"url":"https:\/\/cultureelpersbureau.nl\/fr\/2026\/02\/spreidingsretoriek-is-ook-een-vorm-van-stilstand\/","url_meta":{"origin":96754,"position":2},"title":"LA DIFFUSION DE LA RH\u00c9TORIQUE EST AUSSI UNE FORME DE STAGNATION","author":"Gerard Cornelisse","date":"20 f\u00e9vrier 2026","format":false,"excerpt":"Gerard Cornelisse schrijft: \"In Twente zie ik elke dag wat er al w\u00e9l is: makers, podia, publiek, onderwijs, samenwerking, verhalen, identiteit, vakmanschap. De vraag is niet of de regio er klaar voor is. De vraag is of het systeem eindelijk bereid is de regio serieus te nemen.\"","rel":"","context":"Dans &quot;beleid&quot;","block_context":{"text":"beleid","link":"https:\/\/cultureelpersbureau.nl\/fr\/genre\/beleid\/"},"img":{"alt_text":"","src":"","width":0,"height":0},"classes":[]},{"id":69626,"url":"https:\/\/cultureelpersbureau.nl\/fr\/2021\/04\/de-vrije-producenten-zijn-gered-maar-sommige-meer-dan-andere-zzpers-lijken-vooral-solidair\/","url_meta":{"origin":96754,"position":3},"title":"Les producteurs libres ont \u00e9t\u00e9 sauv\u00e9s, mais certains plus que d'autres ; les ind\u00e9pendants semblent particuli\u00e8rement solidaires.","author":"Wijbrand Schaap","date":"16 avril 2021","format":false,"excerpt":"Le gouvernement est-il g\u00e9n\u00e9reux et g\u00e9n\u00e9reux pour une fois, il ne l'est plus. C'est ce que l'on pourrait dire apr\u00e8s avoir re\u00e7u des questions de toutes parts sur la subvention Corona pour les productions gratuites annonc\u00e9e par le Fonds des arts de la sc\u00e8ne la semaine derni\u00e8re. Il s'agit d'une somme de 27 millions d'euros, pour...","rel":"","context":"Dans &quot;ACTUEEL&quot;","block_context":{"text":"ACTUEEL","link":"https:\/\/cultureelpersbureau.nl\/fr\/genre\/nieuws\/"},"img":{"alt_text":"","src":"https:\/\/i0.wp.com\/cultureelpersbureau.nl\/wp-content\/uploads\/2021\/04\/rms-titanic-easy-click-systeem-revell-05599-origineel-a.jpg?resize=350%2C200&ssl=1","width":350,"height":200,"srcset":"https:\/\/i0.wp.com\/cultureelpersbureau.nl\/wp-content\/uploads\/2021\/04\/rms-titanic-easy-click-systeem-revell-05599-origineel-a.jpg?resize=350%2C200&ssl=1 1x, https:\/\/i0.wp.com\/cultureelpersbureau.nl\/wp-content\/uploads\/2021\/04\/rms-titanic-easy-click-systeem-revell-05599-origineel-a.jpg?resize=525%2C300&ssl=1 1.5x, https:\/\/i0.wp.com\/cultureelpersbureau.nl\/wp-content\/uploads\/2021\/04\/rms-titanic-easy-click-systeem-revell-05599-origineel-a.jpg?resize=700%2C400&ssl=1 2x, https:\/\/i0.wp.com\/cultureelpersbureau.nl\/wp-content\/uploads\/2021\/04\/rms-titanic-easy-click-systeem-revell-05599-origineel-a.jpg?resize=1050%2C600&ssl=1 3x, https:\/\/i0.wp.com\/cultureelpersbureau.nl\/wp-content\/uploads\/2021\/04\/rms-titanic-easy-click-systeem-revell-05599-origineel-a.jpg?resize=1400%2C800&ssl=1 4x"},"classes":[]},{"id":100897,"url":"https:\/\/cultureelpersbureau.nl\/fr\/2026\/03\/gemeenteraadsverkiezingen-een-stad-leeft-door-wat-je-niet-ziet\/","url_meta":{"origin":96754,"position":4},"title":"\u00c9lections municipales : une ville vit de ce qu'on ne voit pas","author":"rob kramer","date":"12 mars 2026","format":false,"excerpt":"Rob Kramer \u00e9crit : C'est peut-\u00eatre la question qui sera pos\u00e9e le plus souvent \u00e0 l'approche des prochaines \u00e9lections municipales. Non seulement le co\u00fbt de la culture, mais aussi l'\u00e9cosyst\u00e8me dont une ville a besoin pour se d\u00e9velopper.","rel":"","context":"Dans &quot;beleid&quot;","block_context":{"text":"beleid","link":"https:\/\/cultureelpersbureau.nl\/fr\/genre\/beleid\/"},"img":{"alt_text":"","src":"","width":0,"height":0},"classes":[]},{"id":100960,"url":"https:\/\/cultureelpersbureau.nl\/fr\/2026\/03\/geen-62-procent-maar-186-producent-meldt-druk-op-artistieke-vrijheid\/","url_meta":{"origin":96754,"position":5},"title":"Ce n'est pas \u201962 %\u2019 mais \u201818,6 % des producteurs\u2019 qui font \u00e9tat de pressions sur la libert\u00e9 artistique.","author":"Wijbrand Schaap","date":"17 mars 2026","format":false,"excerpt":"Hij herkende zich er totaal niet in, vertelde Cees Debets maandag 16 maart in zijn Koninklijke Schouwburg. De directeur van het Het Nationale Theater doelde op het getal van 62% van de gesubsidieerde podiumkunstmakers dat volgens beroepsorganisatie NAPK 'Druk of (zelfs)censuur ervoer bij het maken van kunst'. De directie van\u2026","rel":"","context":"Dans &quot;beleid&quot;","block_context":{"text":"beleid","link":"https:\/\/cultureelpersbureau.nl\/fr\/genre\/beleid\/"},"img":{"alt_text":"","src":"","width":0,"height":0},"classes":[]}],"jetpack_shortlink":"https:\/\/wp.me\/p3yKke-pay","jetpack_sharing_enabled":true,"_links":{"self":[{"href":"https:\/\/cultureelpersbureau.nl\/fr\/wp-json\/wp\/v2\/posts\/96754","targetHints":{"allow":["GET"]}}],"collection":[{"href":"https:\/\/cultureelpersbureau.nl\/fr\/wp-json\/wp\/v2\/posts"}],"about":[{"href":"https:\/\/cultureelpersbureau.nl\/fr\/wp-json\/wp\/v2\/types\/post"}],"author":[{"embeddable":true,"href":"https:\/\/cultureelpersbureau.nl\/fr\/wp-json\/wp\/v2\/users\/13"}],"replies":[{"embeddable":true,"href":"https:\/\/cultureelpersbureau.nl\/fr\/wp-json\/wp\/v2\/comments?post=96754"}],"version-history":[{"count":2,"href":"https:\/\/cultureelpersbureau.nl\/fr\/wp-json\/wp\/v2\/posts\/96754\/revisions"}],"predecessor-version":[{"id":96760,"href":"https:\/\/cultureelpersbureau.nl\/fr\/wp-json\/wp\/v2\/posts\/96754\/revisions\/96760"}],"wp:featuredmedia":[{"embeddable":true,"href":"https:\/\/cultureelpersbureau.nl\/fr\/wp-json\/wp\/v2\/media\/96756"}],"wp:attachment":[{"href":"https:\/\/cultureelpersbureau.nl\/fr\/wp-json\/wp\/v2\/media?parent=96754"}],"wp:term":[{"taxonomy":"category","embeddable":true,"href":"https:\/\/cultureelpersbureau.nl\/fr\/wp-json\/wp\/v2\/categories?post=96754"},{"taxonomy":"post_tag","embeddable":true,"href":"https:\/\/cultureelpersbureau.nl\/fr\/wp-json\/wp\/v2\/tags?post=96754"}],"curies":[{"name":"wp","href":"https:\/\/api.w.org\/{rel}","templated":true}]}}