{"id":96889,"date":"2025-03-27T12:20:50","date_gmt":"2025-03-27T11:20:50","guid":{"rendered":"https:\/\/cultureelpersbureau.nl\/?p=96889"},"modified":"2025-03-27T12:59:53","modified_gmt":"2025-03-27T11:59:53","slug":"spreiding-is-maar-de-helft-van-het-verhaal-over-de-regio-er-is-ook-inbedding","status":"publish","type":"post","link":"https:\/\/cultureelpersbureau.nl\/fr\/2025\/03\/spreiding-is-maar-de-helft-van-het-verhaal-over-de-regio-er-is-ook-inbedding\/","title":{"rendered":"La diffusion n'est que la moiti\u00e9 de l'histoire de la r\u00e9gion. Il y a aussi l'int\u00e9gration."},"content":{"rendered":"<p>Le fait que les arts du spectacle n\u00e9erlandais, en particulier par rapport \u00e0 nos pays voisins, soient dans un lit d'\u00e9talement peut sembler un jeu de mots boiteux, mais c'est pourtant le cas <a href=\"https:\/\/cultureelpersbureau.nl\/2022\/05\/duitsland-verhoogt-cultuurbudget-met-7-procent-maar-loopt-nog-steeds-achter-op-nederland\/\" title=\"\">o\u00f9<\/a>. <\/p>\n\n\n\n<p>Hier, nous avons pr\u00e9sent\u00e9 une meilleure<a href=\"https:\/\/cultureelpersbureau.nl\/2025\/03\/meer-podiumkunst-naar-de-regio-dan-mogelijk-minder-podiumkunst-in-de-regio\/\"> exemple de calcul d'alarme <\/a>sur les cons\u00e9quences de l'accent mis sur la distribution dans l'\u00e9valuation des demandes de subvention par le Performing Arts Fund. Aujourd'hui, une r\u00e9ponse de suivi du m\u00eame Fonds r\u00e9v\u00e8le que si le probl\u00e8me identifi\u00e9 peut entrer en ligne de compte, il est en partie compens\u00e9 par l'importance tout aussi grande accord\u00e9e par le Fonds \u00e0 l'\"int\u00e9gration\" dans son \u00e9valuation.\u00a0<\/p>\n\n\n\n<p>La composante \"diffusion compl\u00e8te\" valait quatre points lors du dernier cycle d'\u00e9valuation, r\u00e9partis entre deux points pour la diffusion des performances et deux points pour l'\"int\u00e9gration\". C'est l\u00e0 que le b\u00e2t blesse pour les candidats originaires de l'une des quatre grandes villes. Ils n'ont pas obtenu un seul point pour leur int\u00e9gration et ont donc d\u00fb tirer le meilleur parti de la r\u00e9partition. Ils ont donc \u00e9t\u00e9 d\u00e9lib\u00e9r\u00e9ment d\u00e9savantag\u00e9s par rapport aux candidats int\u00e9gr\u00e9s en dehors de la p\u00e9riph\u00e9rie. En effet, ces derniers ont obtenu au moins 1 point, mais plus souvent 2 points, pour ne pas avoir v\u00e9cu et travaill\u00e9 \u00e0 Rotterdam, Amsterdam, La Haye ou Utrecht.&nbsp;<\/p>\n\n\n\n<h2 class=\"wp-block-heading\">Test d'int\u00e9gration<\/h2>\n\n\n\n<p>Le Fonds pr\u00e9sente les choses de la mani\u00e8re suivante : <em>\"Le crit\u00e8re de r\u00e9partition (r\u00e9introduit au cours de cette p\u00e9riode) a donc eu un effet principalement d\u00fb \u00e0 ce test d'int\u00e9gration, car sur un total de 22 demandes de producteurs en moins, 21 distinctions ont \u00e9t\u00e9 attribu\u00e9es \u00e0 Amsterdam. Cela a modifi\u00e9 la r\u00e9partition des producteurs soutenus dans le pays en faveur des municipalit\u00e9s n'appartenant pas au groupe G4.<\/em><\/p>\n\n\n\n<p>Ce changement a pour effet secondaire une r\u00e9duction potentielle du nombre de repr\u00e9sentations, mais, selon le Fonds, cette r\u00e9duction est plus que compens\u00e9e par les repr\u00e9sentations de cr\u00e9ateurs ext\u00e9rieurs \u00e0 la p\u00e9riph\u00e9rie.&nbsp;<\/p>\n\n\n\n<h2 class=\"wp-block-heading\">Amsterdam en charge<\/h2>\n\n\n\n<p>Selon le Fonds, la douleur est principalement due \u00e0 l'absence de compensation pour les demandeurs qui se situent juste en dessous de la \"ligne de scie\" g\u00e9n\u00e9rale, et cette fois-ci assez souvent d'Amsterdam. Dans le pass\u00e9, ces personnes \u00e9taient encore souvent int\u00e9gr\u00e9es dans le syst\u00e8me par la Chambre basse, mais ce n'est plus le cas aujourd'hui. C'est pourquoi la suppression de ces groupes de la \"ligne de scie\" fait si mal aujourd'hui.&nbsp;<\/p>\n\n\n\n<p>Ainsi, aucune grande injustice n'a \u00e9t\u00e9 d\u00e9montr\u00e9e. Ou, pour reprendre les termes de Viktorien van Hulst, directeur du FPK : <em>\"L'impact d'un crit\u00e8re est plus ou moins modeste. Et dans le cas de votre exemple, cela inclut le fait que la situation que vous d\u00e9crivez a jou\u00e9 un r\u00f4le dans certaines organisations. L'hypoth\u00e8se est donc correcte, mais dans la pratique, elle n'a pas eu l'effet escompt\u00e9 dans une telle mesure.<\/em>&nbsp;<\/p>\n\n\n\n<p>Sans parler du grand nombre de cr\u00e9ateurs non subventionn\u00e9s qui se tournent de plus en plus vers les th\u00e9\u00e2tres r\u00e9gionaux. Mais nous y reviendrons une autre fois. <\/p>","protected":false},"excerpt":{"rendered":"<p>Dat de Nederlandse podiumkunsten, zeker in verhouding tot ons omringende landen, in een gespreid bedje liggen, mag misschien een flauwe woordspeling lijken, maar het is toch waar. Gisteren presenteerden we een best alarmerend rekenvoorbeeld over de gevolgen van de nadruk op spreiding bij de beoordeling van subsidieaanvragen door het Fonds Podiumkunsten. Vandaag blijkt uit een [&hellip;]<\/p>\n","protected":false},"author":4,"featured_media":96890,"comment_status":"open","ping_status":"closed","sticky":false,"template":"","format":"standard","meta":{"_eb_attr":"","_themeisle_gutenberg_block_has_review":false,"_jetpack_memberships_contains_paid_content":false,"activitypub_content_warning":null,"activitypub_content_visibility":"","activitypub_max_image_attachments":3,"activitypub_interaction_policy_quote":"anyone","activitypub_status":"federated","footnotes":"","jetpack_publicize_message":"","jetpack_publicize_feature_enabled":true,"jetpack_social_post_already_shared":false,"jetpack_social_options":{"image_generator_settings":{"template":"highway","enabled":false},"version":2}},"categories":[15614,8843,11688],"tags":[1380,11686,923],"class_list":["post-96889","post","type-post","status-publish","format-standard","has-post-thumbnail","hentry","category-beleid","category-podiumkunst","category-word-lid","tag-fonds-podiumkunsten","tag-spreiding","tag-subsidie"],"views":235,"jetpack_publicize_connections":[],"jetpack_featured_media_url":"https:\/\/cultureelpersbureau.nl\/wp-content\/uploads\/2025\/03\/71YUGEx4iVL.webp","jetpack-related-posts":[{"id":96866,"url":"https:\/\/cultureelpersbureau.nl\/fr\/2025\/03\/meer-podiumkunst-naar-de-regio-dan-mogelijk-minder-podiumkunst-in-de-regio\/","url_meta":{"origin":96889,"position":0},"title":"Plus d'arts du spectacle dans la r\u00e9gion ? Alors peut-\u00eatre moins d'arts du spectacle dans la r\u00e9gion.","author":"Wijbrand Schaap","date":"26 mars 2025","format":false,"excerpt":"Ces derniers mois, les subventions ont fait couler beaucoup d'encre, surtout dans le domaine des arts du spectacle. Quelques groupes m\u00e9dians bien-aim\u00e9s, ayant fait leurs preuves, n'ont plus \u00e9t\u00e9 subventionn\u00e9s, au profit de nouveaux venus. Les raisons de ce changement sont multiples. La col\u00e8re a surtout port\u00e9 sur l'accent mis sur la diversit\u00e9 et...","rel":"","context":"Dans &quot;beleid&quot;","block_context":{"text":"beleid","link":"https:\/\/cultureelpersbureau.nl\/fr\/genre\/beleid\/"},"img":{"alt_text":"","src":"https:\/\/i0.wp.com\/cultureelpersbureau.nl\/wp-content\/uploads\/2025\/03\/emitted_0.png.png?resize=350%2C200&ssl=1","width":350,"height":200,"srcset":"https:\/\/i0.wp.com\/cultureelpersbureau.nl\/wp-content\/uploads\/2025\/03\/emitted_0.png.png?resize=350%2C200&ssl=1 1x, https:\/\/i0.wp.com\/cultureelpersbureau.nl\/wp-content\/uploads\/2025\/03\/emitted_0.png.png?resize=525%2C300&ssl=1 1.5x, https:\/\/i0.wp.com\/cultureelpersbureau.nl\/wp-content\/uploads\/2025\/03\/emitted_0.png.png?resize=700%2C400&ssl=1 2x"},"classes":[]},{"id":66354,"url":"https:\/\/cultureelpersbureau.nl\/fr\/2020\/08\/subsidiecrisis-als-de-kamer-straks-met-een-reparatie-voor-regio-en-zaaglijn-komt-zijn-we-nog-verder-huis\/","url_meta":{"origin":96889,"position":1},"title":"Crise des subventions : si la Chambre pr\u00e9sente bient\u00f4t un correctif pour la r\u00e9gion et la ligne de scie, nous serons encore plus loin de la maison.","author":"Wijbrand Schaap","date":"11 ao\u00fbt 2020","format":false,"excerpt":"Les 8,6 millions qui manquent actuellement au fonds seront probablement trouv\u00e9s quelque part, de sorte que la ligne de scie sera \u00e0 nouveau d\u00e9plac\u00e9e. Le secteur pourra alors - virtuellement - continuer pendant quatre ann\u00e9es suppl\u00e9mentaires. Il est possible qu'un million et demi d'euros suppl\u00e9mentaires soient ajout\u00e9s afin d'\u00e9largir le champ d'action. C'est dire combien il est co\u00fbteux de satisfaire...","rel":"","context":"Dans &quot;ACTUEEL&quot;","block_context":{"text":"ACTUEEL","link":"https:\/\/cultureelpersbureau.nl\/fr\/genre\/nieuws\/"},"img":{"alt_text":"","src":"https:\/\/i0.wp.com\/cultureelpersbureau.nl\/wp-content\/uploads\/2020\/08\/reddingsboei.jpg?resize=350%2C200&ssl=1","width":350,"height":200,"srcset":"https:\/\/i0.wp.com\/cultureelpersbureau.nl\/wp-content\/uploads\/2020\/08\/reddingsboei.jpg?resize=350%2C200&ssl=1 1x, https:\/\/i0.wp.com\/cultureelpersbureau.nl\/wp-content\/uploads\/2020\/08\/reddingsboei.jpg?resize=525%2C300&ssl=1 1.5x, https:\/\/i0.wp.com\/cultureelpersbureau.nl\/wp-content\/uploads\/2020\/08\/reddingsboei.jpg?resize=700%2C400&ssl=1 2x"},"classes":[]},{"id":66772,"url":"https:\/\/cultureelpersbureau.nl\/fr\/2020\/09\/ook-in-limburg-zijn-er-problemen-met-de-regio-en-verdenkt-men-de-adviseurs-van-willekeur-en-voortrekken\/","url_meta":{"origin":96889,"position":2},"title":"Il y a aussi des probl\u00e8mes avec la r\u00e9gion du Limbourg (et les gens soup\u00e7onnent les conseillers d'\u00eatre arbitraires et pr\u00e9ventifs)","author":"Barbara Nieuwkoop","date":"14 septembre 2020","format":false,"excerpt":"Le centre de gravit\u00e9 culturel du Limbourg se trouve depuis des ann\u00e9es dans le sud. Cependant, pour encourager les institutions du sud \u00e0 programmer en dehors de la r\u00e9gion, seul 1 point suppl\u00e9mentaire est disponible. Des exemples du probl\u00e8me de la r\u00e9partition g\u00e9ographique existent \u00e9galement au Conseil de la culture et au Fonds des arts du spectacle.","rel":"","context":"Dans &quot;ACTUEEL&quot;","block_context":{"text":"ACTUEEL","link":"https:\/\/cultureelpersbureau.nl\/fr\/genre\/nieuws\/"},"img":{"alt_text":"","src":"https:\/\/i0.wp.com\/cultureelpersbureau.nl\/wp-content\/uploads\/2020\/09\/tank.jpg?resize=350%2C200&ssl=1","width":350,"height":200,"srcset":"https:\/\/i0.wp.com\/cultureelpersbureau.nl\/wp-content\/uploads\/2020\/09\/tank.jpg?resize=350%2C200&ssl=1 1x, https:\/\/i0.wp.com\/cultureelpersbureau.nl\/wp-content\/uploads\/2020\/09\/tank.jpg?resize=525%2C300&ssl=1 1.5x, https:\/\/i0.wp.com\/cultureelpersbureau.nl\/wp-content\/uploads\/2020\/09\/tank.jpg?resize=700%2C400&ssl=1 2x, https:\/\/i0.wp.com\/cultureelpersbureau.nl\/wp-content\/uploads\/2020\/09\/tank.jpg?resize=1050%2C600&ssl=1 3x"},"classes":[]},{"id":99491,"url":"https:\/\/cultureelpersbureau.nl\/fr\/2025\/11\/van-dolenthousiast-naar-dodelijk-vermoeid-adviesbureau-blueyard-zoekt-oplossing-subsidiechaos\/","url_meta":{"origin":96889,"position":3},"title":"De l'enthousiasme enrag\u00e9 \u00e0 la fatigue mortelle : le cabinet de conseil Blueyard cherche une solution au chaos des subventions","author":"Wijbrand Schaap","date":"4 novembre 2025","format":false,"excerpt":"\u201cUn syst\u00e8me de subvention qui ne tient compte que des demandes individuelles risque d'\u00eatre fauss\u00e9. Des r\u00e9gions, des genres, des fonctions ou des groupes cibles peuvent \u00eatre laiss\u00e9s de c\u00f4t\u00e9 sans que ce soit un choix conscient\u201d.  La soci\u00e9t\u00e9 de conseil Blueyard souhaite une meilleure vue d'ensemble et une vision plus int\u00e9gr\u00e9e de la distribution des subventions. Dans un article publi\u00e9 sur son propre site,...","rel":"","context":"Dans &quot;beleid&quot;","block_context":{"text":"beleid","link":"https:\/\/cultureelpersbureau.nl\/fr\/genre\/beleid\/"},"img":{"alt_text":"","src":"https:\/\/i0.wp.com\/cultureelpersbureau.nl\/wp-content\/uploads\/2025\/11\/Blueyard_logo_cultuur_RGB-scaled.png?resize=350%2C200&ssl=1","width":350,"height":200,"srcset":"https:\/\/i0.wp.com\/cultureelpersbureau.nl\/wp-content\/uploads\/2025\/11\/Blueyard_logo_cultuur_RGB-scaled.png?resize=350%2C200&ssl=1 1x, https:\/\/i0.wp.com\/cultureelpersbureau.nl\/wp-content\/uploads\/2025\/11\/Blueyard_logo_cultuur_RGB-scaled.png?resize=525%2C300&ssl=1 1.5x, https:\/\/i0.wp.com\/cultureelpersbureau.nl\/wp-content\/uploads\/2025\/11\/Blueyard_logo_cultuur_RGB-scaled.png?resize=700%2C400&ssl=1 2x, https:\/\/i0.wp.com\/cultureelpersbureau.nl\/wp-content\/uploads\/2025\/11\/Blueyard_logo_cultuur_RGB-scaled.png?resize=1050%2C600&ssl=1 3x, https:\/\/i0.wp.com\/cultureelpersbureau.nl\/wp-content\/uploads\/2025\/11\/Blueyard_logo_cultuur_RGB-scaled.png?resize=1400%2C800&ssl=1 4x"},"classes":[]},{"id":96754,"url":"https:\/\/cultureelpersbureau.nl\/fr\/2025\/03\/subsidietoekenning-voor-podia-268-miljoen-euro-voor-programmering-en-publieksverbinding\/","url_meta":{"origin":96889,"position":4},"title":"Subvention \u00e0 l'\u00e9tape : 26,8 millions d'euros pour la programmation et la connexion avec le public","author":"een van onze leden","date":"12 mars 2025","format":false,"excerpt":"Le Fonds Podiumkunsten accorde un total de 26,8 millions d'euros de subventions \u00e0 136 lieux de spectacle pour la p\u00e9riode 2025-2029. Avec le programme Podiumkunsten, le Fonds soutient la pr\u00e9sentation d'offres professionnelles dans le domaine des arts du spectacle \u00e0 travers le pays. La subvention \u00e0 la production permet \u00e0 51 lieux de (co)produire et d'investir dans le d\u00e9veloppement des talents.   Les sc\u00e8nes aux Pays-Bas...","rel":"","context":"Dans &quot;beleid&quot;","block_context":{"text":"beleid","link":"https:\/\/cultureelpersbureau.nl\/fr\/genre\/beleid\/"},"img":{"alt_text":"","src":"https:\/\/i0.wp.com\/cultureelpersbureau.nl\/wp-content\/uploads\/2025\/03\/Beeld-Podiumregeling-1-.png?resize=350%2C200&ssl=1","width":350,"height":200,"srcset":"https:\/\/i0.wp.com\/cultureelpersbureau.nl\/wp-content\/uploads\/2025\/03\/Beeld-Podiumregeling-1-.png?resize=350%2C200&ssl=1 1x, https:\/\/i0.wp.com\/cultureelpersbureau.nl\/wp-content\/uploads\/2025\/03\/Beeld-Podiumregeling-1-.png?resize=525%2C300&ssl=1 1.5x"},"classes":[]},{"id":23918,"url":"https:\/\/cultureelpersbureau.nl\/fr\/2015\/07\/holland-opera-wint-van-fonds\/","url_meta":{"origin":96889,"position":5},"title":"L'erreur d'\u00e9valuation du Fonds pour les arts du spectacle a des implications majeures pour les futures demandes de subvention","author":"Henri Drost","date":"17 juillet 2015","format":false,"excerpt":"Les personnes qui demandent des subventions mais ne les re\u00e7oivent pas doivent avoir acc\u00e8s aux demandes d'autres personnes qui ont \u00e9t\u00e9 honor\u00e9es. Tel est l'arr\u00eat le plus remarquable rendu par le Conseil d'\u00c9tat dans l'affaire opposant l'Op\u00e9ra de Hollande au Fonds des arts de la sc\u00e8ne. Bien plus important pour la compagnie elle-m\u00eame, bien s\u00fbr : le Performing Arts Fund, selon...","rel":"","context":"Dans &quot;ACTUEEL&quot;","block_context":{"text":"ACTUEEL","link":"https:\/\/cultureelpersbureau.nl\/fr\/genre\/nieuws\/"},"img":{"alt_text":"","src":"https:\/\/i0.wp.com\/cultureelpersbureau.nl\/wp-content\/uploads\/2015\/07\/holland-opera-beeld-site-480x240px.jpg?resize=350%2C200&ssl=1","width":350,"height":200},"classes":[]}],"jetpack_shortlink":"https:\/\/wp.me\/p3yKke-pcJ","jetpack_sharing_enabled":true,"_links":{"self":[{"href":"https:\/\/cultureelpersbureau.nl\/fr\/wp-json\/wp\/v2\/posts\/96889","targetHints":{"allow":["GET"]}}],"collection":[{"href":"https:\/\/cultureelpersbureau.nl\/fr\/wp-json\/wp\/v2\/posts"}],"about":[{"href":"https:\/\/cultureelpersbureau.nl\/fr\/wp-json\/wp\/v2\/types\/post"}],"author":[{"embeddable":true,"href":"https:\/\/cultureelpersbureau.nl\/fr\/wp-json\/wp\/v2\/users\/4"}],"replies":[{"embeddable":true,"href":"https:\/\/cultureelpersbureau.nl\/fr\/wp-json\/wp\/v2\/comments?post=96889"}],"version-history":[{"count":2,"href":"https:\/\/cultureelpersbureau.nl\/fr\/wp-json\/wp\/v2\/posts\/96889\/revisions"}],"predecessor-version":[{"id":96896,"href":"https:\/\/cultureelpersbureau.nl\/fr\/wp-json\/wp\/v2\/posts\/96889\/revisions\/96896"}],"wp:featuredmedia":[{"embeddable":true,"href":"https:\/\/cultureelpersbureau.nl\/fr\/wp-json\/wp\/v2\/media\/96890"}],"wp:attachment":[{"href":"https:\/\/cultureelpersbureau.nl\/fr\/wp-json\/wp\/v2\/media?parent=96889"}],"wp:term":[{"taxonomy":"category","embeddable":true,"href":"https:\/\/cultureelpersbureau.nl\/fr\/wp-json\/wp\/v2\/categories?post=96889"},{"taxonomy":"post_tag","embeddable":true,"href":"https:\/\/cultureelpersbureau.nl\/fr\/wp-json\/wp\/v2\/tags?post=96889"}],"curies":[{"name":"wp","href":"https:\/\/api.w.org\/{rel}","templated":true}]}}