{"id":97168,"date":"2025-04-30T08:56:00","date_gmt":"2025-04-30T06:56:00","guid":{"rendered":"https:\/\/cultureelpersbureau.nl\/?p=97168"},"modified":"2025-04-29T18:51:31","modified_gmt":"2025-04-29T16:51:31","slug":"creatieve-professionals-aan-de-slag-met-leer-lobbyen-in-een-dag","status":"publish","type":"post","link":"https:\/\/cultureelpersbureau.nl\/fr\/2025\/04\/creatieve-professionals-aan-de-slag-met-leer-lobbyen-in-een-dag\/","title":{"rendered":"Les professionnels de la cr\u00e9ation se mettent au travail avec \"Learn to Lobby in a Day\" (Apprendre \u00e0 faire du lobbying en un jour)"},"content":{"rendered":"<p>Utrecht, 30 avril - <strong>Un secteur culturel local prosp\u00e8re et offrant une s\u00e9curit\u00e9 de subsistance suffisante est trop important pour \u00eatre laiss\u00e9 au hasard. C'est pourquoi l'association fa\u00eeti\u00e8re The Creative Coalition lance le livre (num\u00e9rique) : Learn to Lobby in One Day (Apprendre \u00e0 faire du lobbying en un jour). Cette publication soutient les cr\u00e9ateurs et les professionnels du secteur cr\u00e9atif et culturel afin qu'ils puissent faire valoir leurs int\u00e9r\u00eats avant les \u00e9lections municipales de 2026. \"Il est temps de s'unir en tant que professionnels\".<\/strong><\/p>\n\n\n\n<p>Plus de 300 000 personnes travaillent dans le secteur culturel et cr\u00e9atif. \"Leur travail est indispensable \u00e0 l'imagination, \u00e0 la connexion et \u00e0 la narration\", a d\u00e9clar\u00e9 Thomas Drissen (directeur de la Coalition cr\u00e9ative). \"Ils programment, inspirent, innovent. Ils tracent des perspectives d'avenir, pr\u00e9servent le pass\u00e9 ou nous offrent espoir, divertissement et r\u00e9confort dans le pr\u00e9sent. N\u00e9anmoins, ce travail n'est pas toujours suffisamment appr\u00e9ci\u00e9\".<\/p>\n\n\n\n<p>Avec le livre (num\u00e9rique) \"Apprendre le lobbying en un jour\", les professionnels de la cr\u00e9ation peuvent se mettre au travail pour mettre en avant leurs exp\u00e9riences pratiques, leurs connaissances et les probl\u00e8mes rencontr\u00e9s au sein de leurs municipalit\u00e9s. Le livre comprend des explications sur le fonctionnement du processus d\u00e9cisionnel local et des exemples d'initiatives r\u00e9ussies de lobbying local de la part de cr\u00e9ateurs. Les municipalit\u00e9s distribuent plus de 60% des budgets de la culture et font des choix cruciaux concernant l'espace et les moyens de subsistance des cr\u00e9ateurs, des cr\u00e9ateurs de possibilit\u00e9s et des artistes-interpr\u00e8tes.<\/p>\n\n\n\n<p>Avec \"Apprendre \u00e0 faire du lobbying en un jour\", nous voulons abaisser le seuil\", d\u00e9clare Nanja van Rijsse, qui a travaill\u00e9 sur la publication pour le compte de la Coalition cr\u00e9ative. \"Toute personne travaillant dans le secteur peut faire la diff\u00e9rence, qu'elle ait d\u00e9j\u00e0 de l'exp\u00e9rience ou non. Nous appelons les professionnels \u00e0 s'unir et \u00e0 exercer leur influence sur les politiques locales. Nous esp\u00e9rons que les professionnels du secteur apporteront leurs exp\u00e9riences pratiques afin que les politiques cr\u00e9\u00e9es soient en accord avec la pratique.<\/p>\n\n\n\n<p>Apprendre \u00e0 faire du lobbying en un jour\" a \u00e9t\u00e9 cr\u00e9\u00e9 en coop\u00e9ration avec des professionnels du secteur et des d\u00e9fenseurs locaux. Leur exp\u00e9rience montre que ceux qui s'organisent et s'expriment au niveau local peuvent vraiment avoir un impact. L'artiste visuelle Wilma Vissers, par exemple, a r\u00e9ussi \u00e0 emp\u00eacher la fermeture de studios \u00e0 Groningue gr\u00e2ce \u00e0 un lobbying efficace. L'histoire de Wilma - et de bien d'autres - peut d\u00e9sormais \u00eatre command\u00e9e sous forme de livre ou t\u00e9l\u00e9charg\u00e9e gratuitement en version num\u00e9rique \u00e0 l'adresse suivante : <a href=\"http:\/\/www.decreatievecoalitie.nl\/lobbykit\">www.decreatievecoalitie.nl\/lobbykit<\/a>.<\/p>\n\n\n\n<p>En tant qu'association fa\u00eeti\u00e8re, la Coalition cr\u00e9ative repr\u00e9sente les int\u00e9r\u00eats de plus de 40 000 professionnels du secteur culturel et cr\u00e9atif par l'interm\u00e9diaire de ses organisations professionnelles, r\u00e9seaux, associations commerciales et syndicats membres.<\/p>","protected":false},"excerpt":{"rendered":"<p>Utrecht, 30 april \u2013 Een bloeiende lokale cultuursector m\u00e9t voldoende bestaanszekerheid is te belangrijk om aan het toeval over te laten. Daarom lanceert koepelvereniging De Creatieve Coalitie het (digitale) boek: Leer Lobbyen in \u00e9\u00e9n Dag. Deze publicatie ondersteunt makers en professionals in de creatieve en culturele sector zodat zij hun belangen op de kaart kunnen [&hellip;]<\/p>\n","protected":false},"author":13,"featured_media":97169,"comment_status":"open","ping_status":"closed","sticky":false,"template":"","format":"standard","meta":{"_eb_attr":"","_themeisle_gutenberg_block_has_review":false,"_jetpack_memberships_contains_paid_content":false,"activitypub_content_warning":null,"activitypub_content_visibility":"","activitypub_max_image_attachments":3,"activitypub_interaction_policy_quote":"anyone","activitypub_status":"federated","footnotes":"","jetpack_publicize_message":"","jetpack_publicize_feature_enabled":true,"jetpack_social_post_already_shared":true,"jetpack_social_options":{"image_generator_settings":{"template":"highway","enabled":false},"version":2}},"categories":[1,15614,11917],"tags":[15316],"class_list":["post-97168","post","type-post","status-publish","format-standard","has-post-thumbnail","hentry","category-nieuws","category-beleid","category-persberichten","tag-creatieve-coalitie"],"views":278,"jetpack_publicize_connections":[],"jetpack_featured_media_url":"https:\/\/cultureelpersbureau.nl\/wp-content\/uploads\/2025\/04\/Leer-Lobbyen-in-een-Dag.png","jetpack-related-posts":[{"id":96547,"url":"https:\/\/cultureelpersbureau.nl\/fr\/2025\/02\/nieuw-evenement-brengt-creatieve-freelancers-samen\/","url_meta":{"origin":97168,"position":0},"title":"Un nouvel \u00e9v\u00e9nement rassemble les travailleurs ind\u00e9pendants cr\u00e9atifs","author":"een van onze leden","date":"13 f\u00e9vrier 2025","format":false,"excerpt":"Les freelances cr\u00e9atifs d\u00e9bordent de talent et de passion pour leur m\u00e9tier, mais l'activit\u00e9 ind\u00e9pendante est parfois rel\u00e9gu\u00e9e au second plan. C'est pourquoi De Creatieve Coalitie, Platform ACCT et Cultuur+Ondernemen organisent CreativeRoadz le 3 avril. La premi\u00e8re \u00e9dition sera inaugur\u00e9e par l'actrice et cr\u00e9atrice Hanna van Vliet, connue entre autres pour le film","rel":"","context":"Dans &quot;beleid&quot;","block_context":{"text":"beleid","link":"https:\/\/cultureelpersbureau.nl\/fr\/genre\/beleid\/"},"img":{"alt_text":"","src":"https:\/\/i0.wp.com\/cultureelpersbureau.nl\/wp-content\/uploads\/2025\/02\/Creatieve-Coalitie-e1679061067790-3062813226.jpg?resize=350%2C200&ssl=1","width":350,"height":200,"srcset":"https:\/\/i0.wp.com\/cultureelpersbureau.nl\/wp-content\/uploads\/2025\/02\/Creatieve-Coalitie-e1679061067790-3062813226.jpg?resize=350%2C200&ssl=1 1x, https:\/\/i0.wp.com\/cultureelpersbureau.nl\/wp-content\/uploads\/2025\/02\/Creatieve-Coalitie-e1679061067790-3062813226.jpg?resize=525%2C300&ssl=1 1.5x, https:\/\/i0.wp.com\/cultureelpersbureau.nl\/wp-content\/uploads\/2025\/02\/Creatieve-Coalitie-e1679061067790-3062813226.jpg?resize=700%2C400&ssl=1 2x, https:\/\/i0.wp.com\/cultureelpersbureau.nl\/wp-content\/uploads\/2025\/02\/Creatieve-Coalitie-e1679061067790-3062813226.jpg?resize=1050%2C600&ssl=1 3x, https:\/\/i0.wp.com\/cultureelpersbureau.nl\/wp-content\/uploads\/2025\/02\/Creatieve-Coalitie-e1679061067790-3062813226.jpg?resize=1400%2C800&ssl=1 4x"},"classes":[]},{"id":95698,"url":"https:\/\/cultureelpersbureau.nl\/fr\/2024\/11\/persbericht-start-cultuurcampagne-belast-mijn-publiek-niet\/","url_meta":{"origin":97168,"position":1},"title":"COMMUNIQU\u00c9 DE PRESSE - LANCEMENT DE LA CAMPAGNE CULTURELLE \"DON'T TAX MY AUDIENCE\" (NE TAXEZ PAS MON PUBLIC)","author":"een van onze leden","date":"7 novembre 2024","format":false,"excerpt":"Le jeudi 7 novembre, une campagne d\u00e9riv\u00e9e du secteur culturel sera lanc\u00e9e : Don't Tax My Audience (Ne taxez pas mon public). Dans le cadre de cette campagne, nous demandons aux cr\u00e9ateurs, aux artistes, aux interpr\u00e8tes et \u00e0 tous ceux qui travaillent dans le secteur culturel et cr\u00e9atif de nous dire pourquoi ils ne veulent pas imposer \u00e0 leur public la TVA 21%.Dans une vid\u00e9o promotionnelle, Huub Stapel, Sanne Wallis de...","rel":"","context":"Dans &quot;ACTUEEL&quot;","block_context":{"text":"ACTUEEL","link":"https:\/\/cultureelpersbureau.nl\/fr\/genre\/nieuws\/"},"img":{"alt_text":"","src":"https:\/\/i0.wp.com\/cultureelpersbureau.nl\/wp-content\/uploads\/2024\/11\/Screenshot-From-2024-11-07-08-48-27.png?resize=350%2C200&ssl=1","width":350,"height":200,"srcset":"https:\/\/i0.wp.com\/cultureelpersbureau.nl\/wp-content\/uploads\/2024\/11\/Screenshot-From-2024-11-07-08-48-27.png?resize=350%2C200&ssl=1 1x, https:\/\/i0.wp.com\/cultureelpersbureau.nl\/wp-content\/uploads\/2024\/11\/Screenshot-From-2024-11-07-08-48-27.png?resize=525%2C300&ssl=1 1.5x, https:\/\/i0.wp.com\/cultureelpersbureau.nl\/wp-content\/uploads\/2024\/11\/Screenshot-From-2024-11-07-08-48-27.png?resize=700%2C400&ssl=1 2x"},"classes":[]},{"id":100089,"url":"https:\/\/cultureelpersbureau.nl\/fr\/2025\/12\/creatieve-zzpers-komen-moeilijk-rond-ziet-cbs-hoe-kun-je-die-armoede-aanpakken\/","url_meta":{"origin":97168,"position":2},"title":"Les travailleurs ind\u00e9pendants cr\u00e9atifs ont du mal \u00e0 joindre les deux bouts, constate le CBS. Comment lutter contre cette pauvret\u00e9 ?","author":"Wilmar Dik","date":"18 d\u00e9cembre 2025","format":false,"excerpt":"Creatieve zelfstandigen behoren in Nederland nog wel eens tot de groep die structureel geld tekortkomt. Dat blijkt opnieuw uit recente cijfers van het CBS. Hoe kan het dat mensen die fulltime werken, toch niet rondkomen? Wat kunnen we daaraan doen? Ben je fulltime aan het werk, maar kun je daar\u2026","rel":"","context":"Dans &quot;beleid&quot;","block_context":{"text":"beleid","link":"https:\/\/cultureelpersbureau.nl\/fr\/genre\/beleid\/"},"img":{"alt_text":"","src":"https:\/\/i0.wp.com\/cultureelpersbureau.nl\/wp-content\/uploads\/2025\/12\/tarieven.png?resize=350%2C200&ssl=1","width":350,"height":200,"srcset":"https:\/\/i0.wp.com\/cultureelpersbureau.nl\/wp-content\/uploads\/2025\/12\/tarieven.png?resize=350%2C200&ssl=1 1x, https:\/\/i0.wp.com\/cultureelpersbureau.nl\/wp-content\/uploads\/2025\/12\/tarieven.png?resize=525%2C300&ssl=1 1.5x, https:\/\/i0.wp.com\/cultureelpersbureau.nl\/wp-content\/uploads\/2025\/12\/tarieven.png?resize=700%2C400&ssl=1 2x"},"classes":[]},{"id":89348,"url":"https:\/\/cultureelpersbureau.nl\/fr\/2023\/01\/dramatische-afname-zzpers-in-culturele-sector-cultuurmonitor-toont-groei-bij-architecten-en-deigners\/","url_meta":{"origin":97168,"position":3},"title":"Baisse spectaculaire du nombre d'ind\u00e9pendants dans le secteur culturel - Le Culture Monitor montre une croissance chez les architectes et les designers","author":"Wijbrand Schaap","date":"30 janvier 2023","format":false,"excerpt":"Sur les 1910 ind\u00e9pendants qui travaillent encore dans les coulisses du spectacle vivant en 2019, il n'en restera plus que 1090 en 2022. Ce que l'on soup\u00e7onnait s'est donc av\u00e9r\u00e9 vrai : les techniciens sont mont\u00e9s sur les toits pour installer des panneaux solaires et des pompes \u00e0 chaleur, les...","rel":"","context":"Dans &quot;ACTUEEL&quot;","block_context":{"text":"ACTUEEL","link":"https:\/\/cultureelpersbureau.nl\/fr\/genre\/nieuws\/"},"img":{"alt_text":"Logo cultuurmonitor","src":"https:\/\/i0.wp.com\/cultureelpersbureau.nl\/wp-content\/uploads\/2023\/01\/cultuur-monitor-e1675088608144.jpg?resize=350%2C200&ssl=1","width":350,"height":200,"srcset":"https:\/\/i0.wp.com\/cultureelpersbureau.nl\/wp-content\/uploads\/2023\/01\/cultuur-monitor-e1675088608144.jpg?resize=350%2C200&ssl=1 1x, https:\/\/i0.wp.com\/cultureelpersbureau.nl\/wp-content\/uploads\/2023\/01\/cultuur-monitor-e1675088608144.jpg?resize=525%2C300&ssl=1 1.5x, https:\/\/i0.wp.com\/cultureelpersbureau.nl\/wp-content\/uploads\/2023\/01\/cultuur-monitor-e1675088608144.jpg?resize=700%2C400&ssl=1 2x, https:\/\/i0.wp.com\/cultureelpersbureau.nl\/wp-content\/uploads\/2023\/01\/cultuur-monitor-e1675088608144.jpg?resize=1050%2C600&ssl=1 3x"},"classes":[]},{"id":97071,"url":"https:\/\/cultureelpersbureau.nl\/fr\/2025\/04\/de-kogel-is-door-de-kerk-de-btw-verhoging-op-cultuur-kunst-en-lezen-gaat-definitief-niet-door\/","url_meta":{"origin":97168,"position":4},"title":"La balle est dans le camp : l'augmentation de la TVA sur la culture, l'art et la lecture n'aura certainement pas lieu !","author":"een van onze leden","date":"16 avril 2025","format":false,"excerpt":"Aujourd'hui est un jour de joie et de soulagement. Une augmentation de la charge de plus de 900 millions d'euros sur notre secteur est d\u00e9finitivement \u00e9cart\u00e9e. L'augmentation du taux de TVA ne rendrait pas seulement la culture, l'art et la lecture plus inaccessibles ; elle porterait \u00e9galement atteinte \u00e0 la capacit\u00e9 de gain de milliers de cr\u00e9ateurs. Ce r\u00e9sultat n'est vraiment pas...","rel":"","context":"Dans &quot;ACTUEEL&quot;","block_context":{"text":"ACTUEEL","link":"https:\/\/cultureelpersbureau.nl\/fr\/genre\/nieuws\/"},"img":{"alt_text":"","src":"https:\/\/i0.wp.com\/cultureelpersbureau.nl\/wp-content\/uploads\/2025\/04\/7a78db18-682a-dcf3-21ba-20ac05f761b8.png?resize=350%2C200&ssl=1","width":350,"height":200,"srcset":"https:\/\/i0.wp.com\/cultureelpersbureau.nl\/wp-content\/uploads\/2025\/04\/7a78db18-682a-dcf3-21ba-20ac05f761b8.png?resize=350%2C200&ssl=1 1x, https:\/\/i0.wp.com\/cultureelpersbureau.nl\/wp-content\/uploads\/2025\/04\/7a78db18-682a-dcf3-21ba-20ac05f761b8.png?resize=525%2C300&ssl=1 1.5x, https:\/\/i0.wp.com\/cultureelpersbureau.nl\/wp-content\/uploads\/2025\/04\/7a78db18-682a-dcf3-21ba-20ac05f761b8.png?resize=700%2C400&ssl=1 2x, https:\/\/i0.wp.com\/cultureelpersbureau.nl\/wp-content\/uploads\/2025\/04\/7a78db18-682a-dcf3-21ba-20ac05f761b8.png?resize=1050%2C600&ssl=1 3x, https:\/\/i0.wp.com\/cultureelpersbureau.nl\/wp-content\/uploads\/2025\/04\/7a78db18-682a-dcf3-21ba-20ac05f761b8.png?resize=1400%2C800&ssl=1 4x"},"classes":[]},{"id":100450,"url":"https:\/\/cultureelpersbureau.nl\/fr\/2026\/01\/handreiking-weerbare-cultuursector-in-tijden-van-polarisatie\/","url_meta":{"origin":97168,"position":5},"title":"GUIDE POUR UN SECTEUR CULTUREL R\u00c9SILIENT EN P\u00c9RIODE DE POLARISATION","author":"een van onze leden","date":"20 janvier 2026","format":false,"excerpt":"Vandaag presenteert Kunsten \u201992 de Handreiking Weerbare Cultuursector. De handreiking is het resultaat van een jaar onderzoek door het Verwey-Jonker Instituut, in opdracht van Kunsten \u201992 en financieel mogelijk gemaakt door het ministerie van OCW. De culturele en creatieve sector heeft behoefte aan handvatten om te kunnen werken in de\u2026","rel":"","context":"Dans &quot;beleid&quot;","block_context":{"text":"beleid","link":"https:\/\/cultureelpersbureau.nl\/fr\/genre\/beleid\/"},"img":{"alt_text":"","src":"","width":0,"height":0},"classes":[]}],"jetpack_shortlink":"https:\/\/wp.me\/p3yKke-phe","jetpack_sharing_enabled":true,"_links":{"self":[{"href":"https:\/\/cultureelpersbureau.nl\/fr\/wp-json\/wp\/v2\/posts\/97168","targetHints":{"allow":["GET"]}}],"collection":[{"href":"https:\/\/cultureelpersbureau.nl\/fr\/wp-json\/wp\/v2\/posts"}],"about":[{"href":"https:\/\/cultureelpersbureau.nl\/fr\/wp-json\/wp\/v2\/types\/post"}],"author":[{"embeddable":true,"href":"https:\/\/cultureelpersbureau.nl\/fr\/wp-json\/wp\/v2\/users\/13"}],"replies":[{"embeddable":true,"href":"https:\/\/cultureelpersbureau.nl\/fr\/wp-json\/wp\/v2\/comments?post=97168"}],"version-history":[{"count":1,"href":"https:\/\/cultureelpersbureau.nl\/fr\/wp-json\/wp\/v2\/posts\/97168\/revisions"}],"predecessor-version":[{"id":97170,"href":"https:\/\/cultureelpersbureau.nl\/fr\/wp-json\/wp\/v2\/posts\/97168\/revisions\/97170"}],"wp:featuredmedia":[{"embeddable":true,"href":"https:\/\/cultureelpersbureau.nl\/fr\/wp-json\/wp\/v2\/media\/97169"}],"wp:attachment":[{"href":"https:\/\/cultureelpersbureau.nl\/fr\/wp-json\/wp\/v2\/media?parent=97168"}],"wp:term":[{"taxonomy":"category","embeddable":true,"href":"https:\/\/cultureelpersbureau.nl\/fr\/wp-json\/wp\/v2\/categories?post=97168"},{"taxonomy":"post_tag","embeddable":true,"href":"https:\/\/cultureelpersbureau.nl\/fr\/wp-json\/wp\/v2\/tags?post=97168"}],"curies":[{"name":"wp","href":"https:\/\/api.w.org\/{rel}","templated":true}]}}