{"id":97238,"date":"2025-05-07T13:58:02","date_gmt":"2025-05-07T11:58:02","guid":{"rendered":"https:\/\/cultureelpersbureau.nl\/?p=97238"},"modified":"2025-05-07T13:59:01","modified_gmt":"2025-05-07T11:59:01","slug":"de-orde-van-de-dag","status":"publish","type":"post","link":"https:\/\/cultureelpersbureau.nl\/fr\/2025\/05\/de-orde-van-de-dag\/","title":{"rendered":"L'ORDRE DU JOUR : \u00e9mission satirique d'actualit\u00e9 mensuelle au Stadsschouwburg d'Utrecht"},"content":{"rendered":"<p><strong>Mai, Utrecht -<\/strong> <strong>Le mardi 27 mai est \"d<\/strong><strong>e \"Order of the Day\" peut \u00eatre vu pour la premi\u00e8re fois en tant que programme maison au Stadsschouwburg Utrecht. Dirig\u00e9 par Yara Piekema et Ro\u00e1n ten Cate du NUT, un groupe diversifi\u00e9 de r\u00e9alisateurs propose un point de vue unique sur l'actualit\u00e9 avec leur \u00e9mission satirique sur les affaires courantes. Ils sont tout frais sortis de la presse, puisqu'ils r\u00e9alisent l'\u00e9mission en une journ\u00e9e !&nbsp;<\/strong><\/p>\n\n\n\n<p>A l'heure o\u00f9 l'actualit\u00e9 nous tombe dessus comme un torrent, ils filtrent l'essentiel et le pr\u00e9sentent \u00e0 leur mani\u00e8re, de mani\u00e8re th\u00e9\u00e2trale. Les observations des r\u00e9alisateurs constituent donc la base, mais les r\u00e9actions du public sont la cerise sur le g\u00e2teau. Imaginez une heure remplie d'ovations, de hu\u00e9es et d'acclamations.<\/p>\n\n\n\n<h2 class=\"wp-block-heading\"><strong>Une nouvelle g\u00e9n\u00e9ration de cr\u00e9ateurs<\/strong><\/h2>\n\n\n\n<p>En 2010, le format \u00e0 succ\u00e8s \"de Orde van de Dag\" (l'ordre du jour) a germ\u00e9 dans les cerveaux de quelques cr\u00e9ateurs de th\u00e9\u00e2tre socialement critiques d'Utrecht du NUT et a atterri \u00e0 Stadsschouwburg Utrecht tous les mois. Sous la direction de Greg Nottrot, une \u00e9quipe d'acteurs, de musiciens, d'artistes de cabaret et d'\u00e9crivains a \u00e9t\u00e9 constitu\u00e9e qui, \u00e0 chaque \u00e9dition, jette un \u00e9clairage surprenant sur les faits divers les plus \u00e9tranges. Aujourd'hui, \"l'ordre du jour\" est de retour en terrain connu, mais avec une nouvelle g\u00e9n\u00e9ration de cr\u00e9ateurs.<\/p>\n\n\n\n<p>Yara Piekema : \"J'ai h\u00e2te de chercher la l\u00e9g\u00e8ret\u00e9 dans la folie de cette \u00e9poque\".<\/p>\n\n\n\n<div class=\"su-note\"  style=\"border-color:#e5e54c;border-radius:3px;-moz-border-radius:3px;-webkit-border-radius:3px;\"><div class=\"su-note-inner su-u-clearfix su-u-trim\" style=\"background-color:#FFFF66;border-color:#ffffff;color:#333333;border-radius:3px;-moz-border-radius:3px;-webkit-border-radius:3px;\">De Orde van de Dag' est \u00e0 voir les mardis 27 mai et 24 juin \u00e0 20h30 au Stadsschouwburg Utrecht.<em> <\/em>| Billets et informations via <a href=\"https:\/\/stadsschouwburg-utrecht.nl\/agenda\/seizoen-2024-2025\/orde-van-de-dag-1-het-nut\">ssbu.co.uk<\/a> ou <a href=\"https:\/\/het-nut.nl\/voorstellingen\/orde-van-de-dag-2025\/\">it-nut.co.uk<\/a>.&nbsp;<\/p>\n\n\n\n<p><em>L'ordre du jour\" est un concept du NUT et une coproduction avec le Stadsschouwburg Utrecht.<\/em>.&nbsp;<\/div><\/div>","protected":false},"excerpt":{"rendered":"<p>Mei, Utrecht &#8211; Dinsdag 27 mei is \u2018de Orde van de Dag\u2019 voor het eerst als huisprogramma te zien in de Stadsschouwburg Utrecht. Onder leiding van Yara Piekema en Ro\u00e1n ten Cate van het NUT biedt een diverse groep makers met hun satirische actualiteitenshow een unieke kijk op het nieuws. Verser van de pers kan [&hellip;]<\/p>\n","protected":false},"author":13,"featured_media":97239,"comment_status":"open","ping_status":"closed","sticky":false,"template":"","format":"standard","meta":{"_eb_attr":"","_themeisle_gutenberg_block_has_review":false,"_jetpack_memberships_contains_paid_content":false,"activitypub_content_warning":"","activitypub_content_visibility":"","activitypub_max_image_attachments":3,"activitypub_interaction_policy_quote":"anyone","activitypub_status":"federated","footnotes":"","jetpack_publicize_message":"","jetpack_publicize_feature_enabled":true,"jetpack_social_post_already_shared":false,"jetpack_social_options":{"image_generator_settings":{"template":"highway","enabled":false},"version":2}},"categories":[1,11917,8843,4759],"tags":[15099,657,15435],"class_list":["post-97238","post","type-post","status-publish","format-standard","has-post-thumbnail","hentry","category-nieuws","category-persberichten","category-podiumkunst","category-theater-podiumkunst-2","tag-het-nut","tag-utrecht","tag-yara-piekema"],"views":326,"jetpack_publicize_connections":[],"jetpack_featured_media_url":"https:\/\/cultureelpersbureau.nl\/wp-content\/uploads\/2025\/05\/De-Orde-van-de-Dag-Credits-Joost-de-Haas-scaled.jpg","jetpack-related-posts":[{"id":77630,"url":"https:\/\/cultureelpersbureau.nl\/fr\/2022\/04\/yara-piekema-aardse-ster-in-ontwapend-stuk-over-bob-die-de-wereld-bedacht\/","url_meta":{"origin":97238,"position":0},"title":"Yara Piekema, Earth star dans une pi\u00e8ce d\u00e9sarmante sur Bob, qui a invent\u00e9 le monde.\u00a0","author":"Wijbrand Schaap","date":"30 avril 2022","format":false,"excerpt":"Ok, je le dirai une fois. Cette Yara Piekema est la fille de Harry Piekema. Vous savez : l'homme qui, \u00e0 lui seul, a donn\u00e9 un visage humain au Zaanse Grootgrutter. Harry \u00e9tait d\u00e9j\u00e0 un personnage important \u00e0 Utrecht, et il s'av\u00e8re maintenant qu'il \u00e9tait secr\u00e8tement, il y a des ann\u00e9es, une vie encore plus importante...","rel":"","context":"Dans &quot;PODIUMKUNST&quot;","block_context":{"text":"PODIUMKUNST","link":"https:\/\/cultureelpersbureau.nl\/fr\/genre\/podiumkunst\/"},"img":{"alt_text":"","src":"https:\/\/i0.wp.com\/cultureelpersbureau.nl\/wp-content\/uploads\/2022\/04\/Fos-Bart-Grietens-48-scaled.jpg?resize=350%2C200&ssl=1","width":350,"height":200,"srcset":"https:\/\/i0.wp.com\/cultureelpersbureau.nl\/wp-content\/uploads\/2022\/04\/Fos-Bart-Grietens-48-scaled.jpg?resize=350%2C200&ssl=1 1x, https:\/\/i0.wp.com\/cultureelpersbureau.nl\/wp-content\/uploads\/2022\/04\/Fos-Bart-Grietens-48-scaled.jpg?resize=525%2C300&ssl=1 1.5x, https:\/\/i0.wp.com\/cultureelpersbureau.nl\/wp-content\/uploads\/2022\/04\/Fos-Bart-Grietens-48-scaled.jpg?resize=700%2C400&ssl=1 2x, https:\/\/i0.wp.com\/cultureelpersbureau.nl\/wp-content\/uploads\/2022\/04\/Fos-Bart-Grietens-48-scaled.jpg?resize=1050%2C600&ssl=1 3x, https:\/\/i0.wp.com\/cultureelpersbureau.nl\/wp-content\/uploads\/2022\/04\/Fos-Bart-Grietens-48-scaled.jpg?resize=1400%2C800&ssl=1 4x"},"classes":[]},{"id":90360,"url":"https:\/\/cultureelpersbureau.nl\/fr\/2023\/04\/ga-kijken-bij-goed-jeugdtheater-als-je-niet-meer-gelooft-in-het-volwassen-aanbod\/","url_meta":{"origin":97238,"position":1},"title":"Va voir du bon th\u00e9\u00e2tre pour la jeunesse si tu ne crois plus aux offres pour adultes.","author":"Wijbrand Schaap","date":"6 avril 2023","format":false,"excerpt":"Nous avons un \u00e9norme besoin de magie et de miracle \u00e0 notre \u00e9poque. Certains pensent que l'on perd cela en grandissant et\/ou en ayant des enfants, mais rien n'est plus faux, bien s\u00fbr. Et au cas o\u00f9 vous auriez des doutes, j'ose esp\u00e9rer que les cr\u00e9ateurs de th\u00e9\u00e2tre pour adultes seront plus nombreux \u00e0...","rel":"","context":"Dans &quot;PODIUMKUNST&quot;","block_context":{"text":"PODIUMKUNST","link":"https:\/\/cultureelpersbureau.nl\/fr\/genre\/podiumkunst\/"},"img":{"alt_text":"Yara Piekema en Roan Ten Cate beantwoorden vragen van het publiek (Foto: auteur)","src":"https:\/\/i0.wp.com\/cultureelpersbureau.nl\/wp-content\/uploads\/2023\/04\/20230406_120004-scaled.jpg?resize=350%2C200&ssl=1","width":350,"height":200,"srcset":"https:\/\/i0.wp.com\/cultureelpersbureau.nl\/wp-content\/uploads\/2023\/04\/20230406_120004-scaled.jpg?resize=350%2C200&ssl=1 1x, https:\/\/i0.wp.com\/cultureelpersbureau.nl\/wp-content\/uploads\/2023\/04\/20230406_120004-scaled.jpg?resize=525%2C300&ssl=1 1.5x, https:\/\/i0.wp.com\/cultureelpersbureau.nl\/wp-content\/uploads\/2023\/04\/20230406_120004-scaled.jpg?resize=700%2C400&ssl=1 2x, https:\/\/i0.wp.com\/cultureelpersbureau.nl\/wp-content\/uploads\/2023\/04\/20230406_120004-scaled.jpg?resize=1050%2C600&ssl=1 3x, https:\/\/i0.wp.com\/cultureelpersbureau.nl\/wp-content\/uploads\/2023\/04\/20230406_120004-scaled.jpg?resize=1400%2C800&ssl=1 4x"},"classes":[]},{"id":92948,"url":"https:\/\/cultureelpersbureau.nl\/fr\/2023\/12\/het-nut-presenteert-in-samenwerking-met-podium-hoge-woerd-12-goede-voornemens\/","url_meta":{"origin":97238,"position":2},"title":"Le NUT pr\u00e9sente en collaboration avec Podium Hoge Woerd : 12 bonnes intentions","author":"een van onze leden","date":"6 d\u00e9cembre 2023","format":false,"excerpt":"12 raisins. 12 plats. 12 v\u0153ux pour la nouvelle ann\u00e9e.  Utrecht, le 6 d\u00e9cembre 2023 - Le NUT (Nieuw Utrechts Toneel) a connu une ann\u00e9e bien remplie, avec notamment sa dixi\u00e8me repr\u00e9sentation estivale \u00e0 Leidsche Rijn, \u00e0 Utrecht. Cependant, ce n'est pas la seule tradition du...","rel":"","context":"Dans &quot;PERSBERICHTEN&quot;","block_context":{"text":"PERSBERICHTEN","link":"https:\/\/cultureelpersbureau.nl\/fr\/genre\/service\/persberichten\/"},"img":{"alt_text":"pr beeld Het Nut","src":"https:\/\/i0.wp.com\/cultureelpersbureau.nl\/wp-content\/uploads\/2023\/12\/het-nut-voornemen.png?resize=350%2C200&ssl=1","width":350,"height":200,"srcset":"https:\/\/i0.wp.com\/cultureelpersbureau.nl\/wp-content\/uploads\/2023\/12\/het-nut-voornemen.png?resize=350%2C200&ssl=1 1x, https:\/\/i0.wp.com\/cultureelpersbureau.nl\/wp-content\/uploads\/2023\/12\/het-nut-voornemen.png?resize=525%2C300&ssl=1 1.5x, https:\/\/i0.wp.com\/cultureelpersbureau.nl\/wp-content\/uploads\/2023\/12\/het-nut-voornemen.png?resize=700%2C400&ssl=1 2x"},"classes":[]},{"id":94068,"url":"https:\/\/cultureelpersbureau.nl\/fr\/2024\/04\/voor-altijd-en-altijd-en-altijd-en-altijd\/","url_meta":{"origin":97238,"position":3},"title":"Pour toujours et \u00e0 jamais, pour toujours et \u00e0 jamais","author":"een van onze leden","date":"19 avril 2024","format":false,"excerpt":"Un mariage festif sur la mort Du 9 mai au 2 juin, NUT (Nieuw Utrechts Toneel) joue sa 11e repr\u00e9sentation estivale sur le site d'Utrecht Leidsche Rijn : Forever and ever and ever and ever and ever. Les auteurs de th\u00e9\u00e2tre Greg Nottrot et Floor Leene mettent en sc\u00e8ne leur propre mariage, assist\u00e9s par le musicien Pascal van Hulst et dirig\u00e9s par...","rel":"","context":"Dans &quot;PERSBERICHTEN&quot;","block_context":{"text":"PERSBERICHTEN","link":"https:\/\/cultureelpersbureau.nl\/fr\/genre\/service\/persberichten\/"},"img":{"alt_text":"Voor altijd en altijd en altijd \u00a9 Sjoerd Derine","src":"https:\/\/i0.wp.com\/cultureelpersbureau.nl\/wp-content\/uploads\/2024\/04\/Voor-altijd-en-altijd-en-altijd-%C2%A9-Sjoerd-Derine-scaled.jpg?resize=350%2C200&ssl=1","width":350,"height":200,"srcset":"https:\/\/i0.wp.com\/cultureelpersbureau.nl\/wp-content\/uploads\/2024\/04\/Voor-altijd-en-altijd-en-altijd-%C2%A9-Sjoerd-Derine-scaled.jpg?resize=350%2C200&ssl=1 1x, https:\/\/i0.wp.com\/cultureelpersbureau.nl\/wp-content\/uploads\/2024\/04\/Voor-altijd-en-altijd-en-altijd-%C2%A9-Sjoerd-Derine-scaled.jpg?resize=525%2C300&ssl=1 1.5x, https:\/\/i0.wp.com\/cultureelpersbureau.nl\/wp-content\/uploads\/2024\/04\/Voor-altijd-en-altijd-en-altijd-%C2%A9-Sjoerd-Derine-scaled.jpg?resize=700%2C400&ssl=1 2x, https:\/\/i0.wp.com\/cultureelpersbureau.nl\/wp-content\/uploads\/2024\/04\/Voor-altijd-en-altijd-en-altijd-%C2%A9-Sjoerd-Derine-scaled.jpg?resize=1050%2C600&ssl=1 3x"},"classes":[]},{"id":93948,"url":"https:\/\/cultureelpersbureau.nl\/fr\/2024\/04\/het-nut-onderzoekt-in-2024-de-toekomst-van-de-dood-met-theaterproducties-over-einde-en-eeuwigheid\/","url_meta":{"origin":97238,"position":4},"title":"Le NUT explore \"l'avenir de la mort\" en 2024 avec des productions th\u00e9\u00e2trales sur les fins et l'\u00e9ternit\u00e9.","author":"Wijbrand Schaap","date":"3 avril 2024","format":false,"excerpt":"Utrecht, f\u00e9vrier 2024 - En 2024, NUT (Nieuw Utrechts Toneel) produira une production familiale (6+), une production en ext\u00e9rieur avec d\u00eener \u00e0 Utrecht et (pour la premi\u00e8re fois !) une tourn\u00e9e dans les grandes salles du pays. Chaque ann\u00e9e, NUT explore l'avenir d'un th\u00e8me particulier. En 2023, il s'agissait du...","rel":"","context":"Dans &quot;PERSBERICHTEN&quot;","block_context":{"text":"PERSBERICHTEN","link":"https:\/\/cultureelpersbureau.nl\/fr\/genre\/service\/persberichten\/"},"img":{"alt_text":"Voor Altijd - Campagnebeeld","src":"https:\/\/i0.wp.com\/cultureelpersbureau.nl\/wp-content\/uploads\/2024\/04\/Voor-Altijd-Campagnebeeld.jpeg?resize=350%2C200&ssl=1","width":350,"height":200,"srcset":"https:\/\/i0.wp.com\/cultureelpersbureau.nl\/wp-content\/uploads\/2024\/04\/Voor-Altijd-Campagnebeeld.jpeg?resize=350%2C200&ssl=1 1x, https:\/\/i0.wp.com\/cultureelpersbureau.nl\/wp-content\/uploads\/2024\/04\/Voor-Altijd-Campagnebeeld.jpeg?resize=525%2C300&ssl=1 1.5x, https:\/\/i0.wp.com\/cultureelpersbureau.nl\/wp-content\/uploads\/2024\/04\/Voor-Altijd-Campagnebeeld.jpeg?resize=700%2C400&ssl=1 2x, https:\/\/i0.wp.com\/cultureelpersbureau.nl\/wp-content\/uploads\/2024\/04\/Voor-Altijd-Campagnebeeld.jpeg?resize=1050%2C600&ssl=1 3x"},"classes":[]},{"id":92402,"url":"https:\/\/cultureelpersbureau.nl\/fr\/2023\/10\/van-start-andermans-schuld-kunstproject-over-schulden-van-het-nut-i-s-m-mart-veldhuis-de-buurtwerkkamer-en-armoedecoalitie-utrecht\/","url_meta":{"origin":97238,"position":5},"title":"D\u00e8s le d\u00e9part : Andermans schuld - Projet artistique sur la dette par NUT en collaboration avec Mart Veldhuis, De Buurtwerkkamer et Poverty Coalition Utrecht.","author":"een van onze leden","date":"20 octobre 2023","format":false,"excerpt":"En collaboration avec l'illustrateur Mart Veldhuis, NUT (Nieuw Utrechts Toneel) pr\u00e9sente Andermans schuld : un projet social \u00e0 l'intersection de l'art visuel, du podcast et du langage dans le but de rendre visible le monde de la dette. \u00c0 partir de l'automne 2023, plusieurs artistes s'engageront aupr\u00e8s de personnes ayant une dette, une histoire de dette...","rel":"","context":"Dans &quot;PERSBERICHTEN&quot;","block_context":{"text":"PERSBERICHTEN","link":"https:\/\/cultureelpersbureau.nl\/fr\/genre\/service\/persberichten\/"},"img":{"alt_text":"","src":"https:\/\/i0.wp.com\/cultureelpersbureau.nl\/wp-content\/uploads\/2023\/10\/Illustratie-%C2%A9-Mart-Veldhuis-1080x1080-1.jpeg?resize=350%2C200&ssl=1","width":350,"height":200},"classes":[]}],"jetpack_shortlink":"https:\/\/wp.me\/p3yKke-pim","jetpack_sharing_enabled":true,"_links":{"self":[{"href":"https:\/\/cultureelpersbureau.nl\/fr\/wp-json\/wp\/v2\/posts\/97238","targetHints":{"allow":["GET"]}}],"collection":[{"href":"https:\/\/cultureelpersbureau.nl\/fr\/wp-json\/wp\/v2\/posts"}],"about":[{"href":"https:\/\/cultureelpersbureau.nl\/fr\/wp-json\/wp\/v2\/types\/post"}],"author":[{"embeddable":true,"href":"https:\/\/cultureelpersbureau.nl\/fr\/wp-json\/wp\/v2\/users\/13"}],"replies":[{"embeddable":true,"href":"https:\/\/cultureelpersbureau.nl\/fr\/wp-json\/wp\/v2\/comments?post=97238"}],"version-history":[{"count":2,"href":"https:\/\/cultureelpersbureau.nl\/fr\/wp-json\/wp\/v2\/posts\/97238\/revisions"}],"predecessor-version":[{"id":97243,"href":"https:\/\/cultureelpersbureau.nl\/fr\/wp-json\/wp\/v2\/posts\/97238\/revisions\/97243"}],"wp:featuredmedia":[{"embeddable":true,"href":"https:\/\/cultureelpersbureau.nl\/fr\/wp-json\/wp\/v2\/media\/97239"}],"wp:attachment":[{"href":"https:\/\/cultureelpersbureau.nl\/fr\/wp-json\/wp\/v2\/media?parent=97238"}],"wp:term":[{"taxonomy":"category","embeddable":true,"href":"https:\/\/cultureelpersbureau.nl\/fr\/wp-json\/wp\/v2\/categories?post=97238"},{"taxonomy":"post_tag","embeddable":true,"href":"https:\/\/cultureelpersbureau.nl\/fr\/wp-json\/wp\/v2\/tags?post=97238"}],"curies":[{"name":"wp","href":"https:\/\/api.w.org\/{rel}","templated":true}]}}