{"id":98422,"date":"2025-09-04T10:53:41","date_gmt":"2025-09-04T08:53:41","guid":{"rendered":"https:\/\/cultureelpersbureau.nl\/?p=98422"},"modified":"2025-09-04T10:53:44","modified_gmt":"2025-09-04T08:53:44","slug":"the-invisible-ones-een-jeugdfilm-zoals-de-kids-waarschijnlijk-niet-eerder-zagen","status":"publish","type":"post","link":"https:\/\/cultureelpersbureau.nl\/fr\/2025\/09\/the-invisible-ones-een-jeugdfilm-zoals-de-kids-waarschijnlijk-niet-eerder-zagen\/","title":{"rendered":"Les invisibles - un film pour la jeunesse comme les enfants n'en ont probablement jamais vu auparavant"},"content":{"rendered":"<p>Martijn Blekendaal (L'homme qui regardait derri\u00e8re l'horizon) n'a pas peur de d\u00e9fier les jeunes spectateurs. C'est pourquoi il \u00e9tait agr\u00e9able de ne pas voir son documentaire sur les jeunes, The Invisible Ones, lors d'une projection de presse, mais dimanche dernier lors de sa premi\u00e8re au Ketelhuis \u00e0 Amsterdam, o\u00f9 il y avait \u00e9galement beaucoup de jeunes spectateurs. Ces derniers ont d'ailleurs pos\u00e9 de nombreuses questions au r\u00e9alisateur par la suite.<\/p>\n\n\n\n<p>Les invisibles, pour faire court, sont des enfants qui ont un jour voulu \u00eatre invisibles. Par honte, par exemple, ou parce qu'ils ont d\u00fb se cacher pendant la Seconde Guerre mondiale. L'un d'entre eux, aujourd'hui un vieux monsieur joyeux pr\u00e9sent \u00e0 la premi\u00e8re, a \u00e9t\u00e9 terrifi\u00e9 lorsqu'il a vu des soldats allemands \u00e0 travers les fissures de sa cachette. Il a toujours peur des fissures. En entendant toutes ces histoires, Blekendaal a pens\u00e9 qu'il serait pr\u00e9f\u00e9rable d'avoir un super-h\u00e9ros pour aider ces enfants invisibles.<\/p>\n\n\n\n<p>Blekendaal a travaill\u00e9 sur ce film pendant sept ans et a eu de nombreux doutes sur sa r\u00e9alisation, mais c'est justement parce qu'il y a mis tant d'id\u00e9es qu'il est devenu un v\u00e9ritable festin d'imagination, avec des images souvent surprenantes. Et il a \u00e9t\u00e9 con\u00e7u de mani\u00e8re \u00e0 ce que les enfants puissent \u00e9galement vivre l'aventure de sa r\u00e9alisation.<\/p>\n\n\n\n<h2 class=\"wp-block-heading\">Vous n'avez rien \u00e0 faire ici !<\/h2>\n\n\n\n<p>Il est \u00e9galement agr\u00e9able de constater qu'il commence par \u00e9voquer un souvenir de sa propre enfance. Enfant de couleur dans une \u00e9cole blanche, il s'est entendu dire par ses camarades de classe : \"Tu n'es pas \u00e0 ta place ici\". Il a alors voulu \u00eatre lui-m\u00eame invisible.<\/p>\n\n\n\n<p>Dans le film, il raconte en voix off ce qu'il a v\u00e9cu et comment il a r\u00e9alis\u00e9 ce film. Il le raconte comme s'il avait autour de lui un cercle d'enfants qui regardaient ce film en m\u00eame temps. Vous verrez comment Blekendaal a d'abord voulu prendre Batman comme exemple, parce qu'il est si humain, et comment il a compris que les super-h\u00e9ros n'ont pas besoin de venir de l'espace, mais qu'ils peuvent tout simplement \u00eatre tr\u00e8s proches. Et comment, avec deux amis et dans un sous-sol secret rempli de choses passionnantes, il s'est mis \u00e0 essayer de devenir lui-m\u00eame un super-h\u00e9ros invisible.<\/p>\n\n\n\n<p>Entre-temps, il entrem\u00eale les histoires s\u00e9duisantes des enfants (aujourd'hui souvent adultes) qui voulaient \u00eatre invisibles avec des images de vieilles com\u00e9dies et de films de super-h\u00e9ros. On y voit que l'on peut aussi utiliser toutes sortes d'astuces pour rendre quelqu'un invisible. Blekendaal d\u00e9montre qu'il est encore possible de devenir invisible devant la cam\u00e9ra en enfilant un costume vert. Naturellement, il y a eu une question \u00e0 ce sujet par la suite. Il est amusant de constater que Blekendaal doit ensuite admettre qu'il n'y comprend pas grand-chose non plus.<\/p>\n\n\n\n<p>Il est \u00e0 la fois divertissant, curieux et tr\u00e8s s\u00e9rieux. Les r\u00e9cits sur ce que certains enfants ont v\u00e9cu en temps de guerre font une forte impression. L'un des enfants du film veut rester invisible, m\u00eame aujourd'hui. Il raconte son enfance difficile, avec un p\u00e8re qui se droguait et qui le battait. Et il y a beaucoup d'autres histoires. Il y a un r\u00e9fugi\u00e9 qui veut maintenant aider les autres, il y a un gar\u00e7on palestinien qui a v\u00e9cu une vie invisible pendant des ann\u00e9es en raison de son orientation. Et, bien s\u00fbr, Mme Walvisch. Elle d\u00e9teste toujours la couleur jaune parce que c'est la couleur de l'\u00e9toile de David. Ne sont-ils pas tous des super-h\u00e9ros ?<\/p>\n\n\n\n<h2 class=\"wp-block-heading\">Main sur l'\u00e9paule<\/h2>\n\n\n\n<p>C'est ainsi que Blekendaal a lentement mais s\u00fbrement acquis l'id\u00e9e qu'un super-h\u00e9ros peut se cacher en chacun de nous. Et pour soutenir quelqu'un, une main sur l'\u00e9paule peut suffire, comme il l'illustre magnifiquement avec une sc\u00e8ne des Ailes du d\u00e9sir de Wim Wenders. Il prend son jeune public (disons de 8 \u00e0 80 ans) tr\u00e8s au s\u00e9rieux, on le voit bien. En conclusion, un super-h\u00e9ros poss\u00e8de en r\u00e9alit\u00e9 des qualit\u00e9s tr\u00e8s ordinaires : imagination, serviabilit\u00e9, patience, volont\u00e9 ou pers\u00e9v\u00e9rance.<\/p>\n\n\n\n<p>Cerise sur le g\u00e2teau, Blekendaal nous r\u00e9serve un autre surprenant videur. Dans la sc\u00e8ne finale, nous voyons une plaque d'\u00e9gout se soulever. Une ombre trahit une silhouette invisible qui en sort. Un super-h\u00e9ros ? Soudain, on a l'impression que quelqu'un pousse l'\u00e9cran de cin\u00e9ma par derri\u00e8re. Le super-h\u00e9ros va-t-il s'\u00e9chapper ? Je n'en dirai pas plus, mais il se passe quelque chose dans la salle.<\/p>\n\n\n\n<p>Apr\u00e8s coup, je remarque que le jeune public a beaucoup aim\u00e9, m\u00eame s'il s'agit d'un film tr\u00e8s diff\u00e9rent de ce qu'il a l'habitude de voir. Un gar\u00e7on \u00e0 qui je parle bri\u00e8vement remarque qu'il avait entendu dire \u00e0 l'avance qu'il s'agissait d'un documentaire et d'un film sur les super-h\u00e9ros. Il n'aurait jamais pu imaginer cela. Mais il a ador\u00e9 ce qu'il a vu.<\/p>\n\n\n\n<p>Voil\u00e0 donc un autre beau d\u00e9fi pour les salles qui projetteront Les invisibles cet automne. Les jeunes spectateurs seront impressionn\u00e9s par la suite, mais comment les faire entrer dans la salle ? En tout cas, pas en l'appelant \"documentaire\", car beaucoup d'enfants penseront alors : \"ennuyeux\".<\/p>\n\n\n\n<div class=\"su-note\"  style=\"border-color:#e5e54c;border-radius:3px;-moz-border-radius:3px;-webkit-border-radius:3px;\"><div class=\"su-note-inner su-u-clearfix su-u-trim\" style=\"background-color:#FFFF66;border-color:#ffffff;color:#333333;border-radius:3px;-moz-border-radius:3px;-webkit-border-radius:3px;\">The Invisible Ones peut \u00eatre vu dans 12 lieux \u00e0 partir du 4 septembre, dans la plupart des lieux \u00e9galement avec la performance surprise \u00e0 la fin.<\/div><\/div>","protected":false},"excerpt":{"rendered":"<p>Martijn Blekendaal montre aux enfants quelque chose de sp\u00e9cial avec son documentaire pour la jeunesse The Invisible Ones. En suivant les histoires d'enfants qui ont voulu \u00eatre invisibles - par honte ou \u00e0 cause du danger de la guerre - il entreprend de cr\u00e9er un super-h\u00e9ros pour ces invisibles. Ce super-h\u00e9ros est bien plus proche qu'il ne le pensait. Humour, curiosit\u00e9, surprise et s\u00e9rieux \u00e0 la fois.<\/p>","protected":false},"author":10,"featured_media":98421,"comment_status":"open","ping_status":"closed","sticky":false,"template":"","format":"standard","meta":{"_eb_attr":"","_themeisle_gutenberg_block_has_review":false,"_jetpack_memberships_contains_paid_content":false,"activitypub_content_warning":"","activitypub_content_visibility":"","activitypub_max_image_attachments":3,"activitypub_interaction_policy_quote":"anyone","activitypub_status":"federated","footnotes":"","jetpack_publicize_message":"","jetpack_publicize_feature_enabled":true,"jetpack_social_post_already_shared":false,"jetpack_social_options":{"image_generator_settings":{"template":"highway","default_image_id":0,"enabled":false},"version":2}},"categories":[4762,11687],"tags":[16441,58],"class_list":["post-98422","post","type-post","status-publish","format-standard","has-post-thumbnail","hentry","category-film-3","category-donatie-gevraagd","tag-blekendaal","tag-recensie"],"views":342,"jetpack_publicize_connections":[],"jetpack_featured_media_url":"https:\/\/cultureelpersbureau.nl\/wp-content\/uploads\/formidable\/7\/The-Invisible-Ones_st_4_jpg_sd-high.jpg","jetpack-related-posts":[{"id":53979,"url":"https:\/\/cultureelpersbureau.nl\/fr\/2017\/11\/the-only-one-recensie-briefvorm-waarom-peter-perret-echte-overlever-is\/","url_meta":{"origin":98422,"position":0},"title":"Le seul - critique sous forme de lettre (Pourquoi Peter Perrett est un vrai survivant)","author":"Ja\u00efr Tchong","date":"14 novembre 2017","format":false,"excerpt":"Hey H., Ce soir je suis all\u00e9 avec J.P. voir Peter Perrett &amp; Band au Paradiso, Small Hall. Complet ! Je t'ai d\u00e9j\u00e0 parl\u00e9 de J., c'est le DJ qui m'a donn\u00e9 un cours acc\u00e9l\u00e9r\u00e9 de musique sinc\u00e8re au Eindhoven Bakery quand j'avais 15 ans (1988). Avant de vous en parler...","rel":"","context":"Dans &quot;Alleen voor leden&quot;","block_context":{"text":"Alleen voor leden","link":"https:\/\/cultureelpersbureau.nl\/fr\/genre\/service\/members-only\/"},"img":{"alt_text":"","src":"https:\/\/i0.wp.com\/img.youtube.com\/vi\/UHVwLjjtCAw\/0.jpg?resize=350%2C200","width":350,"height":200},"classes":[]},{"id":101200,"url":"https:\/\/cultureelpersbureau.nl\/fr\/2026\/04\/de-kaartverkoop-voor-delft-fringe-festival-2026-is-vandaag-gestart\/","url_meta":{"origin":98422,"position":1},"title":"De kaartverkoop voor Delft Fringe Festival 2026 is vandaag gestart!","author":"een van onze leden","date":"14 avril 2026","format":false,"excerpt":"Delft, 13 april 2026\u00a0-\u00a0Vandaag opent de kaartverkoop voor Delft Fringe Festival 2026, waar 23 gezelschappen uit meer dan 360 aanmeldingen twaalf dagen lang Delft vullen met podiumkunst in alle vormen - van cabaret tot opera, van dans tot fysiek theater. Collectief Teder, prijswinnaars Delft Fringe Festival 2025, door Philine van\u2026","rel":"","context":"Dans &quot;Delft Fringe Festival&quot;","block_context":{"text":"Delft Fringe Festival","link":"https:\/\/cultureelpersbureau.nl\/fr\/genre\/service\/specials\/delft-fringe-festival\/"},"img":{"alt_text":"","src":"https:\/\/i0.wp.com\/cultureelpersbureau.nl\/wp-content\/uploads\/2026\/04\/lB14NAr5ZIs6obTf7zaAzdob9u5gBUCzfpCZl5x5-scaled.webp?resize=350%2C200&ssl=1","width":350,"height":200,"srcset":"https:\/\/i0.wp.com\/cultureelpersbureau.nl\/wp-content\/uploads\/2026\/04\/lB14NAr5ZIs6obTf7zaAzdob9u5gBUCzfpCZl5x5-scaled.webp?resize=350%2C200&ssl=1 1x, https:\/\/i0.wp.com\/cultureelpersbureau.nl\/wp-content\/uploads\/2026\/04\/lB14NAr5ZIs6obTf7zaAzdob9u5gBUCzfpCZl5x5-scaled.webp?resize=525%2C300&ssl=1 1.5x, https:\/\/i0.wp.com\/cultureelpersbureau.nl\/wp-content\/uploads\/2026\/04\/lB14NAr5ZIs6obTf7zaAzdob9u5gBUCzfpCZl5x5-scaled.webp?resize=700%2C400&ssl=1 2x, https:\/\/i0.wp.com\/cultureelpersbureau.nl\/wp-content\/uploads\/2026\/04\/lB14NAr5ZIs6obTf7zaAzdob9u5gBUCzfpCZl5x5-scaled.webp?resize=1050%2C600&ssl=1 3x, https:\/\/i0.wp.com\/cultureelpersbureau.nl\/wp-content\/uploads\/2026\/04\/lB14NAr5ZIs6obTf7zaAzdob9u5gBUCzfpCZl5x5-scaled.webp?resize=1400%2C800&ssl=1 4x"},"classes":[]},{"id":58740,"url":"https:\/\/cultureelpersbureau.nl\/fr\/2018\/11\/idfa-en-educatie-met-een-documentaire-de-horizon-over-plus-een-jeugd-top-15\/","url_meta":{"origin":98422,"position":2},"title":"IDFA et l'\u00e9ducation - Traverser l'horizon avec un documentaire, plus un Top 15 pour les jeunes","author":"Leo Bankersen","date":"23 novembre 2018","format":false,"excerpt":"L'IDFA 2018 est une excellente occasion de jeter un coup d'\u0153il sur ce que tu peux faire avec le documentaire dans le cadre de l'\u00e9ducation cin\u00e9matographique. Les documentaires peuvent avoir une tr\u00e8s bonne r\u00e9sonance aupr\u00e8s des enfants, c'est l'exp\u00e9rience de Meike Statema, responsable de l'\u00e9ducation \u00e0 l'IDFA.","rel":"","context":"Dans &quot;FILM&quot;","block_context":{"text":"FILM","link":"https:\/\/cultureelpersbureau.nl\/fr\/genre\/film-3\/"},"img":{"alt_text":"","src":"https:\/\/i0.wp.com\/cultureelpersbureau.nl\/wp-content\/uploads\/2018\/11\/20112018-4176-Kinderrechten-Schut.jpg?resize=350%2C200&ssl=1","width":350,"height":200,"srcset":"https:\/\/i0.wp.com\/cultureelpersbureau.nl\/wp-content\/uploads\/2018\/11\/20112018-4176-Kinderrechten-Schut.jpg?resize=350%2C200&ssl=1 1x, https:\/\/i0.wp.com\/cultureelpersbureau.nl\/wp-content\/uploads\/2018\/11\/20112018-4176-Kinderrechten-Schut.jpg?resize=525%2C300&ssl=1 1.5x, https:\/\/i0.wp.com\/cultureelpersbureau.nl\/wp-content\/uploads\/2018\/11\/20112018-4176-Kinderrechten-Schut.jpg?resize=700%2C400&ssl=1 2x, https:\/\/i0.wp.com\/cultureelpersbureau.nl\/wp-content\/uploads\/2018\/11\/20112018-4176-Kinderrechten-Schut.jpg?resize=1050%2C600&ssl=1 3x, https:\/\/i0.wp.com\/cultureelpersbureau.nl\/wp-content\/uploads\/2018\/11\/20112018-4176-Kinderrechten-Schut.jpg?resize=1400%2C800&ssl=1 4x"},"classes":[]},{"id":100163,"url":"https:\/\/cultureelpersbureau.nl\/fr\/2025\/12\/met-samson-en-een-beetje-delilah-zoekt-theatergroep-aluin-nuance-in-een-beladen-actualiteit\/","url_meta":{"origin":98422,"position":3},"title":"Avec Samson et (un peu) Delilah, la troupe Theatergroep Aluin cherche \u00e0 apporter de la nuance dans une actualit\u00e9 charg\u00e9e.","author":"Wijbrand Schaap","date":"22 d\u00e9cembre 2025","format":false,"excerpt":"Ne parlons pas de la guerre pendant un certain temps. C'est toujours bienvenu \u00e0 une \u00e9poque o\u00f9 l'on en parle \u00e0 chaque minute. Mais le fait que Theatre Group Alum parvienne \u00e0 \u00e9tirer ce \u2018Ne parlez pas de la guerre\u2019 dans des proportions aussi absurdes avec Samson et (un peu) Delilah, provoque quelques crampes c\u00e9r\u00e9brales. I...","rel":"","context":"Dans &quot;PODIUMKUNST&quot;","block_context":{"text":"PODIUMKUNST","link":"https:\/\/cultureelpersbureau.nl\/fr\/genre\/podiumkunst\/"},"img":{"alt_text":"","src":"","width":0,"height":0},"classes":[]},{"id":102036,"url":"https:\/\/cultureelpersbureau.nl\/fr\/2026\/04\/programma-festival-tweetakt-2026-bekend\/","url_meta":{"origin":98422,"position":4},"title":"Programma Festival Tweetakt 2026 bekend","author":"Festival Tweetakt","date":"22 avril 2026","format":false,"excerpt":"Utrecht, 22 april, 2026 - Van vrijdag 5 juni tot en met zondag 14 juni vindt Festival Tweetakt weer plaats in de Utrechtse binnenstad en op Fort Ruigenhoek. Het internationale festival biedt een breed scala aan theater, dans, beeldende kunst en nog veel meer. Tweetakt richt zich op kinderen, jongvolwassenen\u2026","rel":"","context":"Dans &quot;PERSBERICHTEN&quot;","block_context":{"text":"PERSBERICHTEN","link":"https:\/\/cultureelpersbureau.nl\/fr\/genre\/service\/persberichten\/"},"img":{"alt_text":"","src":"https:\/\/i0.wp.com\/cultureelpersbureau.nl\/wp-content\/uploads\/2026\/04\/e_000000_ab8a0e57-b858-4d98-b055-cc94d94e134e.jpg?resize=350%2C200&ssl=1","width":350,"height":200,"srcset":"https:\/\/i0.wp.com\/cultureelpersbureau.nl\/wp-content\/uploads\/2026\/04\/e_000000_ab8a0e57-b858-4d98-b055-cc94d94e134e.jpg?resize=350%2C200&ssl=1 1x, https:\/\/i0.wp.com\/cultureelpersbureau.nl\/wp-content\/uploads\/2026\/04\/e_000000_ab8a0e57-b858-4d98-b055-cc94d94e134e.jpg?resize=525%2C300&ssl=1 1.5x, https:\/\/i0.wp.com\/cultureelpersbureau.nl\/wp-content\/uploads\/2026\/04\/e_000000_ab8a0e57-b858-4d98-b055-cc94d94e134e.jpg?resize=700%2C400&ssl=1 2x, https:\/\/i0.wp.com\/cultureelpersbureau.nl\/wp-content\/uploads\/2026\/04\/e_000000_ab8a0e57-b858-4d98-b055-cc94d94e134e.jpg?resize=1050%2C600&ssl=1 3x, https:\/\/i0.wp.com\/cultureelpersbureau.nl\/wp-content\/uploads\/2026\/04\/e_000000_ab8a0e57-b858-4d98-b055-cc94d94e134e.jpg?resize=1400%2C800&ssl=1 4x"},"classes":[]},{"id":87446,"url":"https:\/\/cultureelpersbureau.nl\/fr\/2022\/07\/dox-en-de-toneelmakerij-presenteren-the-hot-peaches\/","url_meta":{"origin":98422,"position":5},"title":"DOX et le Toneelmakerij pr\u00e9sentent : The Hot Peaches","author":"een van onze leden","date":"12 juillet 2022","format":false,"excerpt":"The Hot Peaches est une nouvelle production de DOX et du Toneelmakerij sur le th\u00e8me du passage \u00e0 l'\u00e2ge adulte. Le metteur en sc\u00e8ne Timothy de Gilde cr\u00e9e le spectacle en co-cr\u00e9ation avec huit artistes aux parcours vari\u00e9s, tant sur le plan priv\u00e9 que sur le plan artistique. Chacun apporte sa propre discipline et, ensemble, ils fa\u00e7onnent une performance aux multiples facettes, dans laquelle ils...","rel":"","context":"Dans &quot;PERSBERICHTEN&quot;","block_context":{"text":"PERSBERICHTEN","link":"https:\/\/cultureelpersbureau.nl\/fr\/genre\/service\/persberichten\/"},"img":{"alt_text":"","src":"https:\/\/i0.wp.com\/cultureelpersbureau.nl\/wp-content\/uploads\/2022\/07\/The-Hot-Peaches-Foto-door-Jan-Hoek-LR-liggend-_1_.jpg?resize=350%2C200&ssl=1","width":350,"height":200,"srcset":"https:\/\/i0.wp.com\/cultureelpersbureau.nl\/wp-content\/uploads\/2022\/07\/The-Hot-Peaches-Foto-door-Jan-Hoek-LR-liggend-_1_.jpg?resize=350%2C200&ssl=1 1x, https:\/\/i0.wp.com\/cultureelpersbureau.nl\/wp-content\/uploads\/2022\/07\/The-Hot-Peaches-Foto-door-Jan-Hoek-LR-liggend-_1_.jpg?resize=525%2C300&ssl=1 1.5x, https:\/\/i0.wp.com\/cultureelpersbureau.nl\/wp-content\/uploads\/2022\/07\/The-Hot-Peaches-Foto-door-Jan-Hoek-LR-liggend-_1_.jpg?resize=700%2C400&ssl=1 2x, https:\/\/i0.wp.com\/cultureelpersbureau.nl\/wp-content\/uploads\/2022\/07\/The-Hot-Peaches-Foto-door-Jan-Hoek-LR-liggend-_1_.jpg?resize=1050%2C600&ssl=1 3x, https:\/\/i0.wp.com\/cultureelpersbureau.nl\/wp-content\/uploads\/2022\/07\/The-Hot-Peaches-Foto-door-Jan-Hoek-LR-liggend-_1_.jpg?resize=1400%2C800&ssl=1 4x"},"classes":[]}],"jetpack_shortlink":"https:\/\/wp.me\/p3yKke-pBs","jetpack_sharing_enabled":true,"_links":{"self":[{"href":"https:\/\/cultureelpersbureau.nl\/fr\/wp-json\/wp\/v2\/posts\/98422","targetHints":{"allow":["GET"]}}],"collection":[{"href":"https:\/\/cultureelpersbureau.nl\/fr\/wp-json\/wp\/v2\/posts"}],"about":[{"href":"https:\/\/cultureelpersbureau.nl\/fr\/wp-json\/wp\/v2\/types\/post"}],"author":[{"embeddable":true,"href":"https:\/\/cultureelpersbureau.nl\/fr\/wp-json\/wp\/v2\/users\/10"}],"replies":[{"embeddable":true,"href":"https:\/\/cultureelpersbureau.nl\/fr\/wp-json\/wp\/v2\/comments?post=98422"}],"version-history":[{"count":2,"href":"https:\/\/cultureelpersbureau.nl\/fr\/wp-json\/wp\/v2\/posts\/98422\/revisions"}],"predecessor-version":[{"id":98434,"href":"https:\/\/cultureelpersbureau.nl\/fr\/wp-json\/wp\/v2\/posts\/98422\/revisions\/98434"}],"wp:featuredmedia":[{"embeddable":true,"href":"https:\/\/cultureelpersbureau.nl\/fr\/wp-json\/wp\/v2\/media\/98421"}],"wp:attachment":[{"href":"https:\/\/cultureelpersbureau.nl\/fr\/wp-json\/wp\/v2\/media?parent=98422"}],"wp:term":[{"taxonomy":"category","embeddable":true,"href":"https:\/\/cultureelpersbureau.nl\/fr\/wp-json\/wp\/v2\/categories?post=98422"},{"taxonomy":"post_tag","embeddable":true,"href":"https:\/\/cultureelpersbureau.nl\/fr\/wp-json\/wp\/v2\/tags?post=98422"}],"curies":[{"name":"wp","href":"https:\/\/api.w.org\/{rel}","templated":true}]}}