{"id":98483,"date":"2025-09-12T11:51:44","date_gmt":"2025-09-12T09:51:44","guid":{"rendered":"https:\/\/cultureelpersbureau.nl\/?p=98483"},"modified":"2025-09-12T13:33:09","modified_gmt":"2025-09-12T11:33:09","slug":"de-wondere-wereld-van-de-wunderkammer","status":"publish","type":"post","link":"https:\/\/cultureelpersbureau.nl\/fr\/2025\/09\/de-wondere-wereld-van-de-wunderkammer\/","title":{"rendered":"Le monde merveilleux de la Wunderkammer"},"content":{"rendered":"<p>Un renard, v\u00eatu d'une tenue vive et color\u00e9e, pointe un fusil sur moi : quel accueil ! \u00c9tant int\u00e9ress\u00e9e par l'histoire ainsi que par le macabre et l'extraordinaire, l'exposition Microkosmos : le monde dans un Wunderkammer me tient particuli\u00e8rement \u00e0 c\u0153ur. L'exposition offre la possibilit\u00e9 de se d\u00e9connecter de ses pens\u00e9es en regardant et en ressentant simplement. Vous pouvez vous laisser emporter dans un petit monde de bizarreries.<\/p>\n\n\n\n<p>L'exposition traite d'une r\u00e9alit\u00e9 insaisissable qui, selon Redmond O'Hanlon, a pris fin avec la publication de l'ouvrage de Charles Darwin intitul\u00e9 De l'origine des esp\u00e8ces.  Pourtant, l'int\u00e9r\u00eat n'a jamais compl\u00e8tement disparu. La fascination, et peut-\u00eatre l'espoir, sont toujours pr\u00e9sents. O'Hanlon : \"J'aime toujours penser qu'il existe une licorne\".<\/p>\n\n\n\n<h2 class=\"wp-block-heading\"><strong>Ode \u00e0 la collecte<\/strong><\/h2>\n\n\n\n<p>L'exposition est un souhait de longue date du directeur sortant Harry Tupan. Elle comprend plus de trois cents objets provenant d'au moins cinquante collections, dont les collections personnelles de Midas Dekkers, Redmond O'Hanlon, Boudewijn B\u00fcch, Ramsey Nasr et Henk Schiffmacher. Ce dernier, selon Tupan, vit au milieu de sa propre Wunderkammer. J'en ai d\u00e9j\u00e0 vu quelques exemples au Forum Groningen.<\/p>\n\n\n\n<p>Je suis \u00e9galement impressionn\u00e9 par l'armoire de Schiffmacher au mus\u00e9e Drents. Dans le monde rationnel d'aujourd'hui, nous pouvons regarder au-del\u00e0 du courant dominant et nous \u00e9merveiller un peu plus. Tupan explique qu'il faut \u00eatre soi-m\u00eame un peu unique pour s'int\u00e9resser aux objets et aux histoires extraordinaires. Il faut \u00eatre curieux du monde exotique de l'imagination.<\/p>\n\n\n\n<p>Aux XVIe et XVIIe si\u00e8cles, la noblesse et les citoyens fortun\u00e9s collectionnaient des objets provenant du monde entier. Un \u0153uf d'autruche, mont\u00e9 sur un beau socle d'argent comme objet de table, des noix de coco ouvrag\u00e9es. Il s'agissait de montrer que l'on \u00e9tait \"du monde\". Les zoos sont une autre cons\u00e9quence de cette possessivit\u00e9. Avec des animaux exotiques, on montrait sa richesse et sa puissance mondiale.<\/p>\n\n\n\n<div class=\"wp-block-jetpack-tiled-gallery aligncenter is-style-rectangular\"><div class=\"\"><div class=\"tiled-gallery__gallery\"><div class=\"tiled-gallery__row\"><div class=\"tiled-gallery__col\" style=\"flex-basis:66.78802%\"><figure class=\"tiled-gallery__item\"><img decoding=\"async\" data-attachment-id=\"98490\" data-permalink=\"https:\/\/cultureelpersbureau.nl\/fr\/2025\/09\/de-wondere-wereld-van-de-wunderkammer\/dsc_6055\/\" data-orig-file=\"https:\/\/cultureelpersbureau.nl\/wp-content\/uploads\/2025\/09\/DSC_6055.jpg\" data-orig-size=\"1500,1000\" data-comments-opened=\"1\" data-image-meta=\"{&quot;aperture&quot;:&quot;0&quot;,&quot;credit&quot;:&quot;&quot;,&quot;camera&quot;:&quot;&quot;,&quot;caption&quot;:&quot;&quot;,&quot;created_timestamp&quot;:&quot;0&quot;,&quot;copyright&quot;:&quot;&quot;,&quot;focal_length&quot;:&quot;0&quot;,&quot;iso&quot;:&quot;0&quot;,&quot;shutter_speed&quot;:&quot;0&quot;,&quot;title&quot;:&quot;&quot;,&quot;orientation&quot;:&quot;0&quot;}\" data-image-title=\"DSC_6055\" data-image-description=\"\" data-image-caption=\"\" data-large-file=\"https:\/\/cultureelpersbureau.nl\/wp-content\/uploads\/2025\/09\/DSC_6055-1024x683.jpg\" role=\"button\" tabindex=\"0\" aria-label=\"Ouvrir l&#039;image 1 sur 6 en plein \u00e9cran\" srcset=\"https:\/\/i0.wp.com\/cultureelpersbureau.nl\/wp-content\/uploads\/2025\/09\/DSC_6055-1024x683.jpg?strip=info&#038;w=600&#038;ssl=1 600w,https:\/\/i0.wp.com\/cultureelpersbureau.nl\/wp-content\/uploads\/2025\/09\/DSC_6055-1024x683.jpg?strip=info&#038;w=900&#038;ssl=1 900w,https:\/\/i0.wp.com\/cultureelpersbureau.nl\/wp-content\/uploads\/2025\/09\/DSC_6055-1024x683.jpg?strip=info&#038;w=1200&#038;ssl=1 1200w,https:\/\/i0.wp.com\/cultureelpersbureau.nl\/wp-content\/uploads\/2025\/09\/DSC_6055-1024x683.jpg?strip=info&#038;w=1500&#038;ssl=1 1500w\" alt=\"\" data-height=\"1000\" data-id=\"98490\" data-link=\"https:\/\/cultureelpersbureau.nl\/?attachment_id=98490\" data-url=\"https:\/\/cultureelpersbureau.nl\/wp-content\/uploads\/2025\/09\/DSC_6055-1024x683.jpg\" data-width=\"1500\" src=\"https:\/\/i0.wp.com\/cultureelpersbureau.nl\/wp-content\/uploads\/2025\/09\/DSC_6055-1024x683.jpg?ssl=1\" data-amp-layout=\"responsive\"\/><\/figure><\/div><div class=\"tiled-gallery__col\" style=\"flex-basis:33.21198%\"><figure class=\"tiled-gallery__item\"><img decoding=\"async\" data-attachment-id=\"98491\" data-permalink=\"https:\/\/cultureelpersbureau.nl\/fr\/2025\/09\/de-wondere-wereld-van-de-wunderkammer\/dsc_6060\/\" data-orig-file=\"https:\/\/cultureelpersbureau.nl\/wp-content\/uploads\/2025\/09\/DSC_6060.jpg\" data-orig-size=\"1500,1000\" data-comments-opened=\"1\" data-image-meta=\"{&quot;aperture&quot;:&quot;0&quot;,&quot;credit&quot;:&quot;&quot;,&quot;camera&quot;:&quot;&quot;,&quot;caption&quot;:&quot;&quot;,&quot;created_timestamp&quot;:&quot;0&quot;,&quot;copyright&quot;:&quot;&quot;,&quot;focal_length&quot;:&quot;0&quot;,&quot;iso&quot;:&quot;0&quot;,&quot;shutter_speed&quot;:&quot;0&quot;,&quot;title&quot;:&quot;&quot;,&quot;orientation&quot;:&quot;0&quot;}\" data-image-title=\"DSC_6060\" data-image-description=\"\" data-image-caption=\"\" data-large-file=\"https:\/\/cultureelpersbureau.nl\/wp-content\/uploads\/2025\/09\/DSC_6060-1024x683.jpg\" role=\"button\" tabindex=\"0\" aria-label=\"Ouvrir l&#039;image 2 sur 6 en plein \u00e9cran\" srcset=\"https:\/\/i0.wp.com\/cultureelpersbureau.nl\/wp-content\/uploads\/2025\/09\/DSC_6060-1024x683.jpg?strip=info&#038;w=600&#038;ssl=1 600w,https:\/\/i0.wp.com\/cultureelpersbureau.nl\/wp-content\/uploads\/2025\/09\/DSC_6060-1024x683.jpg?strip=info&#038;w=900&#038;ssl=1 900w,https:\/\/i0.wp.com\/cultureelpersbureau.nl\/wp-content\/uploads\/2025\/09\/DSC_6060-1024x683.jpg?strip=info&#038;w=1200&#038;ssl=1 1200w,https:\/\/i0.wp.com\/cultureelpersbureau.nl\/wp-content\/uploads\/2025\/09\/DSC_6060-1024x683.jpg?strip=info&#038;w=1500&#038;ssl=1 1500w\" alt=\"\" data-height=\"1000\" data-id=\"98491\" data-link=\"https:\/\/cultureelpersbureau.nl\/?attachment_id=98491\" data-url=\"https:\/\/cultureelpersbureau.nl\/wp-content\/uploads\/2025\/09\/DSC_6060-1024x683.jpg\" data-width=\"1500\" src=\"https:\/\/i0.wp.com\/cultureelpersbureau.nl\/wp-content\/uploads\/2025\/09\/DSC_6060-1024x683.jpg?ssl=1\" data-amp-layout=\"responsive\"\/><\/figure><figure class=\"tiled-gallery__item\"><img decoding=\"async\" data-attachment-id=\"98492\" data-permalink=\"https:\/\/cultureelpersbureau.nl\/fr\/2025\/09\/de-wondere-wereld-van-de-wunderkammer\/dsc_6064\/\" data-orig-file=\"https:\/\/cultureelpersbureau.nl\/wp-content\/uploads\/2025\/09\/DSC_6064.jpg\" data-orig-size=\"1500,1000\" data-comments-opened=\"1\" data-image-meta=\"{&quot;aperture&quot;:&quot;0&quot;,&quot;credit&quot;:&quot;&quot;,&quot;camera&quot;:&quot;&quot;,&quot;caption&quot;:&quot;&quot;,&quot;created_timestamp&quot;:&quot;0&quot;,&quot;copyright&quot;:&quot;&quot;,&quot;focal_length&quot;:&quot;0&quot;,&quot;iso&quot;:&quot;0&quot;,&quot;shutter_speed&quot;:&quot;0&quot;,&quot;title&quot;:&quot;&quot;,&quot;orientation&quot;:&quot;0&quot;}\" data-image-title=\"DSC_6064\" data-image-description=\"\" data-image-caption=\"\" data-large-file=\"https:\/\/cultureelpersbureau.nl\/wp-content\/uploads\/2025\/09\/DSC_6064-1024x683.jpg\" role=\"button\" tabindex=\"0\" aria-label=\"Ouvrir l&#039;image 3 sur 6 en plein \u00e9cran\" srcset=\"https:\/\/i0.wp.com\/cultureelpersbureau.nl\/wp-content\/uploads\/2025\/09\/DSC_6064-1024x683.jpg?strip=info&#038;w=600&#038;ssl=1 600w,https:\/\/i0.wp.com\/cultureelpersbureau.nl\/wp-content\/uploads\/2025\/09\/DSC_6064-1024x683.jpg?strip=info&#038;w=900&#038;ssl=1 900w,https:\/\/i0.wp.com\/cultureelpersbureau.nl\/wp-content\/uploads\/2025\/09\/DSC_6064-1024x683.jpg?strip=info&#038;w=1200&#038;ssl=1 1200w,https:\/\/i0.wp.com\/cultureelpersbureau.nl\/wp-content\/uploads\/2025\/09\/DSC_6064-1024x683.jpg?strip=info&#038;w=1500&#038;ssl=1 1500w\" alt=\"\" data-height=\"1000\" data-id=\"98492\" data-link=\"https:\/\/cultureelpersbureau.nl\/?attachment_id=98492\" data-url=\"https:\/\/cultureelpersbureau.nl\/wp-content\/uploads\/2025\/09\/DSC_6064-1024x683.jpg\" data-width=\"1500\" src=\"https:\/\/i0.wp.com\/cultureelpersbureau.nl\/wp-content\/uploads\/2025\/09\/DSC_6064-1024x683.jpg?ssl=1\" data-amp-layout=\"responsive\"\/><\/figure><\/div><\/div><div class=\"tiled-gallery__row\"><div class=\"tiled-gallery__col\" style=\"flex-basis:33.33333%\"><figure class=\"tiled-gallery__item\"><img decoding=\"async\" data-attachment-id=\"98493\" data-permalink=\"https:\/\/cultureelpersbureau.nl\/fr\/2025\/09\/de-wondere-wereld-van-de-wunderkammer\/dsc_6071\/\" data-orig-file=\"https:\/\/cultureelpersbureau.nl\/wp-content\/uploads\/2025\/09\/DSC_6071.jpg\" data-orig-size=\"1500,1000\" data-comments-opened=\"1\" data-image-meta=\"{&quot;aperture&quot;:&quot;0&quot;,&quot;credit&quot;:&quot;&quot;,&quot;camera&quot;:&quot;&quot;,&quot;caption&quot;:&quot;&quot;,&quot;created_timestamp&quot;:&quot;0&quot;,&quot;copyright&quot;:&quot;&quot;,&quot;focal_length&quot;:&quot;0&quot;,&quot;iso&quot;:&quot;0&quot;,&quot;shutter_speed&quot;:&quot;0&quot;,&quot;title&quot;:&quot;&quot;,&quot;orientation&quot;:&quot;0&quot;}\" data-image-title=\"DSC_6071\" data-image-description=\"\" data-image-caption=\"\" data-large-file=\"https:\/\/cultureelpersbureau.nl\/wp-content\/uploads\/2025\/09\/DSC_6071-1024x683.jpg\" role=\"button\" tabindex=\"0\" aria-label=\"Ouvrir l&#039;image 4 sur 6 en plein \u00e9cran\" srcset=\"https:\/\/i0.wp.com\/cultureelpersbureau.nl\/wp-content\/uploads\/2025\/09\/DSC_6071-1024x683.jpg?strip=info&#038;w=600&#038;ssl=1 600w,https:\/\/i0.wp.com\/cultureelpersbureau.nl\/wp-content\/uploads\/2025\/09\/DSC_6071-1024x683.jpg?strip=info&#038;w=900&#038;ssl=1 900w,https:\/\/i0.wp.com\/cultureelpersbureau.nl\/wp-content\/uploads\/2025\/09\/DSC_6071-1024x683.jpg?strip=info&#038;w=1200&#038;ssl=1 1200w,https:\/\/i0.wp.com\/cultureelpersbureau.nl\/wp-content\/uploads\/2025\/09\/DSC_6071-1024x683.jpg?strip=info&#038;w=1500&#038;ssl=1 1500w\" alt=\"\" data-height=\"1000\" data-id=\"98493\" data-link=\"https:\/\/cultureelpersbureau.nl\/?attachment_id=98493\" data-url=\"https:\/\/cultureelpersbureau.nl\/wp-content\/uploads\/2025\/09\/DSC_6071-1024x683.jpg\" data-width=\"1500\" src=\"https:\/\/i0.wp.com\/cultureelpersbureau.nl\/wp-content\/uploads\/2025\/09\/DSC_6071-1024x683.jpg?ssl=1\" data-amp-layout=\"responsive\"\/><\/figure><\/div><div class=\"tiled-gallery__col\" style=\"flex-basis:33.33333%\"><figure class=\"tiled-gallery__item\"><img decoding=\"async\" data-attachment-id=\"98494\" data-permalink=\"https:\/\/cultureelpersbureau.nl\/fr\/2025\/09\/de-wondere-wereld-van-de-wunderkammer\/dsc_6078\/\" data-orig-file=\"https:\/\/cultureelpersbureau.nl\/wp-content\/uploads\/2025\/09\/DSC_6078.jpg\" data-orig-size=\"1500,1000\" data-comments-opened=\"1\" data-image-meta=\"{&quot;aperture&quot;:&quot;0&quot;,&quot;credit&quot;:&quot;&quot;,&quot;camera&quot;:&quot;&quot;,&quot;caption&quot;:&quot;&quot;,&quot;created_timestamp&quot;:&quot;0&quot;,&quot;copyright&quot;:&quot;&quot;,&quot;focal_length&quot;:&quot;0&quot;,&quot;iso&quot;:&quot;0&quot;,&quot;shutter_speed&quot;:&quot;0&quot;,&quot;title&quot;:&quot;&quot;,&quot;orientation&quot;:&quot;0&quot;}\" data-image-title=\"DSC_6078\" data-image-description=\"\" data-image-caption=\"\" data-large-file=\"https:\/\/cultureelpersbureau.nl\/wp-content\/uploads\/2025\/09\/DSC_6078-1024x683.jpg\" role=\"button\" tabindex=\"0\" aria-label=\"Ouvrir l&#039;image 5 sur 6 en plein \u00e9cran\" srcset=\"https:\/\/i0.wp.com\/cultureelpersbureau.nl\/wp-content\/uploads\/2025\/09\/DSC_6078-1024x683.jpg?strip=info&#038;w=600&#038;ssl=1 600w,https:\/\/i0.wp.com\/cultureelpersbureau.nl\/wp-content\/uploads\/2025\/09\/DSC_6078-1024x683.jpg?strip=info&#038;w=900&#038;ssl=1 900w,https:\/\/i0.wp.com\/cultureelpersbureau.nl\/wp-content\/uploads\/2025\/09\/DSC_6078-1024x683.jpg?strip=info&#038;w=1200&#038;ssl=1 1200w,https:\/\/i0.wp.com\/cultureelpersbureau.nl\/wp-content\/uploads\/2025\/09\/DSC_6078-1024x683.jpg?strip=info&#038;w=1500&#038;ssl=1 1500w\" alt=\"\" data-height=\"1000\" data-id=\"98494\" data-link=\"https:\/\/cultureelpersbureau.nl\/?attachment_id=98494\" data-url=\"https:\/\/cultureelpersbureau.nl\/wp-content\/uploads\/2025\/09\/DSC_6078-1024x683.jpg\" data-width=\"1500\" src=\"https:\/\/i0.wp.com\/cultureelpersbureau.nl\/wp-content\/uploads\/2025\/09\/DSC_6078-1024x683.jpg?ssl=1\" data-amp-layout=\"responsive\"\/><\/figure><\/div><div class=\"tiled-gallery__col\" style=\"flex-basis:33.33333%\"><figure class=\"tiled-gallery__item\"><img decoding=\"async\" data-attachment-id=\"98495\" data-permalink=\"https:\/\/cultureelpersbureau.nl\/fr\/2025\/09\/de-wondere-wereld-van-de-wunderkammer\/dsc_6101-2\/\" data-orig-file=\"https:\/\/cultureelpersbureau.nl\/wp-content\/uploads\/2025\/09\/DSC_6101-2.jpg\" data-orig-size=\"1500,1000\" data-comments-opened=\"1\" data-image-meta=\"{&quot;aperture&quot;:&quot;0&quot;,&quot;credit&quot;:&quot;&quot;,&quot;camera&quot;:&quot;&quot;,&quot;caption&quot;:&quot;&quot;,&quot;created_timestamp&quot;:&quot;0&quot;,&quot;copyright&quot;:&quot;&quot;,&quot;focal_length&quot;:&quot;0&quot;,&quot;iso&quot;:&quot;0&quot;,&quot;shutter_speed&quot;:&quot;0&quot;,&quot;title&quot;:&quot;&quot;,&quot;orientation&quot;:&quot;0&quot;}\" data-image-title=\"DSC_6101-2\" data-image-description=\"\" data-image-caption=\"\" data-large-file=\"https:\/\/cultureelpersbureau.nl\/wp-content\/uploads\/2025\/09\/DSC_6101-2-1024x683.jpg\" role=\"button\" tabindex=\"0\" aria-label=\"Ouvrir l&#039;image 6 sur 6 en plein \u00e9cran\" srcset=\"https:\/\/i0.wp.com\/cultureelpersbureau.nl\/wp-content\/uploads\/2025\/09\/DSC_6101-2-1024x683.jpg?strip=info&#038;w=600&#038;ssl=1 600w,https:\/\/i0.wp.com\/cultureelpersbureau.nl\/wp-content\/uploads\/2025\/09\/DSC_6101-2-1024x683.jpg?strip=info&#038;w=900&#038;ssl=1 900w,https:\/\/i0.wp.com\/cultureelpersbureau.nl\/wp-content\/uploads\/2025\/09\/DSC_6101-2-1024x683.jpg?strip=info&#038;w=1200&#038;ssl=1 1200w,https:\/\/i0.wp.com\/cultureelpersbureau.nl\/wp-content\/uploads\/2025\/09\/DSC_6101-2-1024x683.jpg?strip=info&#038;w=1500&#038;ssl=1 1500w\" alt=\"\" data-height=\"1000\" data-id=\"98495\" data-link=\"https:\/\/cultureelpersbureau.nl\/?attachment_id=98495\" data-url=\"https:\/\/cultureelpersbureau.nl\/wp-content\/uploads\/2025\/09\/DSC_6101-2-1024x683.jpg\" data-width=\"1500\" src=\"https:\/\/i0.wp.com\/cultureelpersbureau.nl\/wp-content\/uploads\/2025\/09\/DSC_6101-2-1024x683.jpg?ssl=1\" data-amp-layout=\"responsive\"\/><\/figure><\/div><\/div><\/div><\/div><\/div>\n\n\n\n<h2 class=\"wp-block-heading\"><strong>Curiosit\u00e9s<\/strong><\/h2>\n\n\n\n<p>Les objets sont clairement r\u00e9partis en th\u00e8mes fascinants : Artificialia, Exotica, Naturalia et Scientifica. Gr\u00e2ce \u00e0 une bonne utilisation des couleurs et \u00e0 des ouvertures judicieusement plac\u00e9es, qui laissent entrevoir d'autres mondes \u00e0 l'avance, on a l'impression d'\u00eatre en pleine exploration. Une belle gravure du mus\u00e9e d'Ole Worm, datant de 1655, pr\u00e9sente les objets les plus fascinants.<\/p>\n\n\n\n<p>Avec l'historien Franck Smit, j'examine la gravure plus en d\u00e9tail : un poisson-scie avec une v\u00e9ritable \"scie\" suspendue au-dessus de l'image, un squelette de singe et un automate : un automate \u00e0 l'apparence humaine qui pouvait se d\u00e9placer dans la pi\u00e8ce et ramasser des objets. D'apr\u00e8s Smit, les gens s'int\u00e9ressaient \u00e9galement \u00e0 ce sujet \u00e0 l'\u00e9poque. <\/p>\n\n\n\n<p>Selon lui, l'\u00e9chelle de la gravure permet de d\u00e9couvrir de plus en plus de curiosit\u00e9s et de les \u00e9tudier en d\u00e9tail : \"La cr\u00e9ation de Dieu. Un reflet des merveilles de la nature en miniature, un microcosme\". Selon Smit, m\u00eame avant le chef-d'\u0153uvre de Darwin, certaines personnes avaient pris conscience, gr\u00e2ce \u00e0 la recherche et \u00e0 l'observation, que certains restes d'animaux l\u00e9gendaires (m\u00e9di\u00e9vaux) \u00e9taient faux.<\/p>\n\n\n\n<h2 class=\"wp-block-heading\"><strong>Magie <\/strong><\/h2>\n\n\n\n<p>Le cabinet de curiosit\u00e9s de Redmond O'Hanlon comprend un h<em>Poup\u00e9e d'angoisse<\/em> dont il raconte une histoire fascinante. Au cours de l'un de ses voyages, il a une telle <em>poup\u00e9e<\/em> re\u00e7ues. Ces poup\u00e9es - en bois avec des rubans et des marques autour du cou - sont utilis\u00e9es par les hommes-m\u00e9decine pour imposer des mal\u00e9dictions. Si une personne souhaite la mort de quelqu'un, elle va voir l'homme-m\u00e9decine. Selon O'Hanlon, la mal\u00e9diction est tr\u00e8s bien faite sur le plan psychologique, car la personne maudite s'isole et finit par quitter la vie au bout de quatre mois environ. Le nombre de n\u0153uds dans les rubans indique le nombre de mal\u00e9dictions r\u00e9ussies.<\/p>\n\n\n\n<p>Un autre f\u00e9tiche se pr\u00e9sente. O'Hanlon est venu avec une demande de f\u00e9tiche pour sa propre protection. Vers minuit, il en re\u00e7oit un de l'homme-m\u00e9decine. Il contient un doigt d'enfant ; l'esprit de l'enfant le prot\u00e9gera. L'une des conditions \u00e9tait toutefois que sa femme ne lave pas ses parties nobles avec l'objet, sinon le f\u00e9tiche perdrait son pouvoir. \u00c0 l'a\u00e9roport d'Heathrow, l'objet a \u00e9t\u00e9 scann\u00e9 et, selon O'Hanlon, il contient bien un doigt.<\/p>\n\n\n\n<p>Le monde merveilleux de la Wunderkammer est un r\u00e9gal pour les yeux et l'esprit. Il en va de m\u00eame pour la publication \u00e9ponyme qui l'accompagne.<\/p>\n\n\n\n<div class=\"su-note\"  style=\"border-color:#e5e54c;border-radius:3px;-moz-border-radius:3px;-webkit-border-radius:3px;\"><div class=\"su-note-inner su-u-clearfix su-u-trim\" style=\"background-color:#FFFF66;border-color:#ffffff;color:#333333;border-radius:3px;-moz-border-radius:3px;-webkit-border-radius:3px;\">Microcosm : The World in a Wunderkammer est expos\u00e9 au Drents Museum jusqu'au 1er mars 2026.<\/div><\/div>","protected":false},"excerpt":{"rendered":"<p>Een vos, gekleed in een pittige en kleurrijke outfit, richt een wapen op mij; wat een welkom! Omdat ik ge\u00efnteresseerd ben in zowel geschiedenis als het macabere of het buitengewone, is de tentoonstelling Microkosmos: De wereld in een Wunderkammer extra bijzonder voor me. De expositie biedt gelegenheid om je gedachten uit te schakelen door simpelweg [&hellip;]<\/p>\n","protected":false},"author":1143,"featured_media":98489,"comment_status":"open","ping_status":"closed","sticky":false,"template":"","format":"standard","meta":{"_eb_attr":"","_themeisle_gutenberg_block_has_review":false,"_jetpack_memberships_contains_paid_content":false,"activitypub_content_warning":"","activitypub_content_visibility":"","activitypub_max_image_attachments":3,"activitypub_interaction_policy_quote":"anyone","activitypub_status":"federated","footnotes":"","jetpack_publicize_message":"","jetpack_publicize_feature_enabled":true,"jetpack_social_post_already_shared":false,"jetpack_social_options":{"image_generator_settings":{"template":"highway","default_image_id":0,"font":"","enabled":false},"version":2}},"categories":[4757,10340,11687],"tags":[15627],"class_list":["post-98483","post","type-post","status-publish","format-standard","has-post-thumbnail","hentry","category-beeldende-kunst-2","category-erfgoed","category-donatie-gevraagd","tag-drents-museum"],"views":260,"jetpack_publicize_connections":[],"jetpack_featured_media_url":"https:\/\/cultureelpersbureau.nl\/wp-content\/uploads\/2025\/09\/DSC_6058.jpg","jetpack-related-posts":[{"id":93575,"url":"https:\/\/cultureelpersbureau.nl\/fr\/2024\/02\/expositie-andermans-schuld-bij-het-nut-open-huis-en-theatrale-gesprekken-op-het-berlijnplein\/","url_meta":{"origin":98483,"position":0},"title":"Exposition La culpabilit\u00e9 des autres au NUT - Portes ouvertes et discussions th\u00e9\u00e2trales au Carr\u00e9 de Berlin","author":"een van onze leden","date":"15 f\u00e9vrier 2024","format":false,"excerpt":"Du mercredi 6 au vendredi 15 mars, une exposition sp\u00e9ciale est organis\u00e9e au studio NUT (Berlijnplein, Utrecht). La dette des autres explore le monde de la dette \u00e0 travers le prisme de l'art visuel.  Aux Pays-Bas, un m\u00e9nage sur cinq est confront\u00e9 \u00e0 des probl\u00e8mes d'argent. Malheureusement, l'aide vient souvent...","rel":"","context":"Dans &quot;BEELDEND&quot;","block_context":{"text":"BEELDEND","link":"https:\/\/cultureelpersbureau.nl\/fr\/genre\/beeldende-kunst-2\/"},"img":{"alt_text":"Illustratie \u00a9 Mart Veldhuis 1920x1080","src":"https:\/\/i0.wp.com\/cultureelpersbureau.nl\/wp-content\/uploads\/2024\/02\/Illustratie-%C2%A9-Mart-Veldhuis-1920x1080-1.jpg?resize=350%2C200&ssl=1","width":350,"height":200,"srcset":"https:\/\/i0.wp.com\/cultureelpersbureau.nl\/wp-content\/uploads\/2024\/02\/Illustratie-%C2%A9-Mart-Veldhuis-1920x1080-1.jpg?resize=350%2C200&ssl=1 1x, https:\/\/i0.wp.com\/cultureelpersbureau.nl\/wp-content\/uploads\/2024\/02\/Illustratie-%C2%A9-Mart-Veldhuis-1920x1080-1.jpg?resize=525%2C300&ssl=1 1.5x, https:\/\/i0.wp.com\/cultureelpersbureau.nl\/wp-content\/uploads\/2024\/02\/Illustratie-%C2%A9-Mart-Veldhuis-1920x1080-1.jpg?resize=700%2C400&ssl=1 2x, https:\/\/i0.wp.com\/cultureelpersbureau.nl\/wp-content\/uploads\/2024\/02\/Illustratie-%C2%A9-Mart-Veldhuis-1920x1080-1.jpg?resize=1050%2C600&ssl=1 3x, https:\/\/i0.wp.com\/cultureelpersbureau.nl\/wp-content\/uploads\/2024\/02\/Illustratie-%C2%A9-Mart-Veldhuis-1920x1080-1.jpg?resize=1400%2C800&ssl=1 4x"},"classes":[]},{"id":61345,"url":"https:\/\/cultureelpersbureau.nl\/fr\/2019\/07\/groninger-museum-presenteert-daan-roosegaardes-presence-waar-de-bezoeker-de-tentoonstelling-maakt\/","url_meta":{"origin":98483,"position":1},"title":"Le mus\u00e9e Groninger pr\u00e9sente l'exposition Pr\u00e9sence de Daan Roosegaarde, o\u00f9 le visiteur fait l'exposition.","author":"Annika Hoogeveen","date":"1 juillet 2019","format":false,"excerpt":"Avant d'entrer dans la nouvelle exposition de Daan Roosegaarde, j'ai lu ce qui suit : \"Toucher ? Oui, s'il vous pla\u00eet !\" Je regarde \u00e0 nouveau attentivement le panneau, car on n'associe g\u00e9n\u00e9ralement pas ces mots \u00e0 la visite d'un mus\u00e9e. Dans l'exposition Pr\u00e9sence de Daan Roosegaarde, il s'agit pourtant d'une condition sine qua non. L'artiste souhaite que vous...","rel":"","context":"Dans &quot;BEELDEND&quot;","block_context":{"text":"BEELDEND","link":"https:\/\/cultureelpersbureau.nl\/fr\/genre\/beeldende-kunst-2\/"},"img":{"alt_text":"","src":"https:\/\/i0.wp.com\/cultureelpersbureau.nl\/wp-content\/uploads\/2019\/06\/DSC_1956.jpg?resize=350%2C200&ssl=1","width":350,"height":200,"srcset":"https:\/\/i0.wp.com\/cultureelpersbureau.nl\/wp-content\/uploads\/2019\/06\/DSC_1956.jpg?resize=350%2C200&ssl=1 1x, https:\/\/i0.wp.com\/cultureelpersbureau.nl\/wp-content\/uploads\/2019\/06\/DSC_1956.jpg?resize=525%2C300&ssl=1 1.5x, https:\/\/i0.wp.com\/cultureelpersbureau.nl\/wp-content\/uploads\/2019\/06\/DSC_1956.jpg?resize=700%2C400&ssl=1 2x"},"classes":[]},{"id":102303,"url":"https:\/\/cultureelpersbureau.nl\/fr\/2026\/04\/plastic-sea-perfect-storm-nieuw-boek-van-the-europeans-wordt-gepresenteerd-in-domo\/","url_meta":{"origin":98483,"position":2},"title":"\u2018Plastic Sea, Perfect Storm\u2019: Nieuw boek van The Europeans wordt gepresenteerd in Domo.","author":"European Cultural Foundation","date":"23 avril 2026","format":false,"excerpt":"\u2018Plastic Sea, Perfect Storm\u2019 is het nieuwste hoofdstuk in het fotodocumentaireproject The Europeans, dat het moderne Europa in beeld brengt. In dit meerjarige project reizen fotograaf Rob Hornstra en schrijver en filmmaker Arnold van Bruggen van regio naar regio en van thema naar thema om een \u200b\u200btijdsbeeld van de 21e\u2026","rel":"","context":"Dans &quot;beleid&quot;","block_context":{"text":"beleid","link":"https:\/\/cultureelpersbureau.nl\/fr\/genre\/beleid\/"},"img":{"alt_text":"","src":"","width":0,"height":0},"classes":[]},{"id":98902,"url":"https:\/\/cultureelpersbureau.nl\/fr\/2025\/10\/barokspecialist-ton-koopman-toont-de-wereld-van-georg-friedrich-handel\/","url_meta":{"origin":98483,"position":3},"title":"Le sp\u00e9cialiste du baroque Ton Koopman fait d\u00e9couvrir l'univers de Georg Friedrich Haendel","author":"Rudolf Hunnik","date":"8 octobre 2025","format":false,"excerpt":"La Dutch Handel Society, en collaboration avec le sp\u00e9cialiste du baroque Ton Koopman et le mus\u00e9e Comenius, organise les premi\u00e8res Journ\u00e9es n\u00e9erlandaises Haendel \u00e0 Naarden (11 octobre-9 novembre 2025). L'\u00e9v\u00e9nement proposera des concerts, des cours de ma\u00eetre et une exposition consacr\u00e9e \u00e0 Georg Friedrich Haendel. Parmi les temps forts, citons les concerts de Koopman, de l'Amsterdam Baroque Orchestra et de la Handel Society...","rel":"","context":"Dans &quot;MUZIEK&quot;","block_context":{"text":"MUZIEK","link":"https:\/\/cultureelpersbureau.nl\/fr\/genre\/podiumkunst\/muziek-podiumkunst-2\/"},"img":{"alt_text":"","src":"https:\/\/i0.wp.com\/cultureelpersbureau.nl\/wp-content\/uploads\/formidable\/7\/Ton-Koopman-.HR_.-%C2%A9-Foppe-Schut--scaled.jpg?resize=350%2C200&ssl=1","width":350,"height":200,"srcset":"https:\/\/i0.wp.com\/cultureelpersbureau.nl\/wp-content\/uploads\/formidable\/7\/Ton-Koopman-.HR_.-%C2%A9-Foppe-Schut--scaled.jpg?resize=350%2C200&ssl=1 1x, https:\/\/i0.wp.com\/cultureelpersbureau.nl\/wp-content\/uploads\/formidable\/7\/Ton-Koopman-.HR_.-%C2%A9-Foppe-Schut--scaled.jpg?resize=525%2C300&ssl=1 1.5x, https:\/\/i0.wp.com\/cultureelpersbureau.nl\/wp-content\/uploads\/formidable\/7\/Ton-Koopman-.HR_.-%C2%A9-Foppe-Schut--scaled.jpg?resize=700%2C400&ssl=1 2x, https:\/\/i0.wp.com\/cultureelpersbureau.nl\/wp-content\/uploads\/formidable\/7\/Ton-Koopman-.HR_.-%C2%A9-Foppe-Schut--scaled.jpg?resize=1050%2C600&ssl=1 3x"},"classes":[]},{"id":52557,"url":"https:\/\/cultureelpersbureau.nl\/fr\/2017\/09\/conny-janssen-danst-zou-hele-wereld-dansdecor-kunnen-veranderen\/","url_meta":{"origin":98483,"position":4},"title":"Conny Janssen Danst pourrait transformer le monde entier en un plateau de danse.","author":"Maarten Baanders","date":"18 septembre 2017","format":false,"excerpt":"J'en ai fait l'exp\u00e9rience une fois ! Au milieu d'une repr\u00e9sentation th\u00e9\u00e2trale, une dame \u00e2g\u00e9e, qui n'avait rien \u00e0 voir avec l'histoire, est entr\u00e9e sur sc\u00e8ne. Elle a d\u00fb se perdre pendant l'entracte et s'est retrouv\u00e9e derri\u00e8re les coulisses par une porte ouverte par m\u00e9garde. Tandis que les acteurs, d'un air profond\u00e9ment s\u00e9rieux","rel":"","context":"Dans &quot;DANS&quot;","block_context":{"text":"DANS","link":"https:\/\/cultureelpersbureau.nl\/fr\/genre\/podiumkunst\/dans\/"},"img":{"alt_text":"","src":"https:\/\/i0.wp.com\/cultureelpersbureau.nl\/wp-content\/uploads\/2017\/09\/170915-Inside-Out-2-1.jpg?resize=350%2C200&ssl=1","width":350,"height":200,"srcset":"https:\/\/i0.wp.com\/cultureelpersbureau.nl\/wp-content\/uploads\/2017\/09\/170915-Inside-Out-2-1.jpg?resize=350%2C200&ssl=1 1x, https:\/\/i0.wp.com\/cultureelpersbureau.nl\/wp-content\/uploads\/2017\/09\/170915-Inside-Out-2-1.jpg?resize=525%2C300&ssl=1 1.5x, https:\/\/i0.wp.com\/cultureelpersbureau.nl\/wp-content\/uploads\/2017\/09\/170915-Inside-Out-2-1.jpg?resize=700%2C400&ssl=1 2x, https:\/\/i0.wp.com\/cultureelpersbureau.nl\/wp-content\/uploads\/2017\/09\/170915-Inside-Out-2-1.jpg?resize=1050%2C600&ssl=1 3x, https:\/\/i0.wp.com\/cultureelpersbureau.nl\/wp-content\/uploads\/2017\/09\/170915-Inside-Out-2-1.jpg?resize=1400%2C800&ssl=1 4x"},"classes":[]},{"id":61949,"url":"https:\/\/cultureelpersbureau.nl\/fr\/2019\/09\/podcast-waarom-zo-bescheiden-modest-fashion-viert-exuberante-bedekking-als-nieuwe-modestroming\/","url_meta":{"origin":98483,"position":5},"title":"PODCAST ! Pourquoi tant de modestie ? La mode modeste c\u00e9l\u00e8bre le recouvrement exub\u00e9rant comme une nouvelle tendance de la mode.","author":"Wijbrand Schaap","date":"22 septembre 2019","format":false,"excerpt":"Depuis qu'un dieu du th\u00e9\u00e2tre, toujours c\u00e9l\u00e8bre et superbement habill\u00e9, m'a d\u00e9clar\u00e9 inapte \u00e0 un avenir dans son th\u00e9\u00e2tre en 1991 \u00e0 cause de ma garde-robe minable, les choses ne se sont jamais vraiment arrang\u00e9es entre moi et la mode, bien qu'aujourd'hui ma femme me garde de commettre une trop grosse erreur. Ce n'est pas un tr\u00e8s bon point de d\u00e9part...","rel":"","context":"Dans &quot;BEELDEND&quot;","block_context":{"text":"BEELDEND","link":"https:\/\/cultureelpersbureau.nl\/fr\/genre\/beeldende-kunst-2\/"},"img":{"alt_text":"","src":"https:\/\/i0.wp.com\/cultureelpersbureau.nl\/wp-content\/uploads\/2019\/09\/20190921_163540.jpg?resize=350%2C200&ssl=1","width":350,"height":200,"srcset":"https:\/\/i0.wp.com\/cultureelpersbureau.nl\/wp-content\/uploads\/2019\/09\/20190921_163540.jpg?resize=350%2C200&ssl=1 1x, https:\/\/i0.wp.com\/cultureelpersbureau.nl\/wp-content\/uploads\/2019\/09\/20190921_163540.jpg?resize=525%2C300&ssl=1 1.5x, https:\/\/i0.wp.com\/cultureelpersbureau.nl\/wp-content\/uploads\/2019\/09\/20190921_163540.jpg?resize=700%2C400&ssl=1 2x, https:\/\/i0.wp.com\/cultureelpersbureau.nl\/wp-content\/uploads\/2019\/09\/20190921_163540.jpg?resize=1050%2C600&ssl=1 3x"},"classes":[]}],"jetpack_shortlink":"https:\/\/wp.me\/p3yKke-pCr","jetpack_sharing_enabled":true,"_links":{"self":[{"href":"https:\/\/cultureelpersbureau.nl\/fr\/wp-json\/wp\/v2\/posts\/98483","targetHints":{"allow":["GET"]}}],"collection":[{"href":"https:\/\/cultureelpersbureau.nl\/fr\/wp-json\/wp\/v2\/posts"}],"about":[{"href":"https:\/\/cultureelpersbureau.nl\/fr\/wp-json\/wp\/v2\/types\/post"}],"author":[{"embeddable":true,"href":"https:\/\/cultureelpersbureau.nl\/fr\/wp-json\/wp\/v2\/users\/1143"}],"replies":[{"embeddable":true,"href":"https:\/\/cultureelpersbureau.nl\/fr\/wp-json\/wp\/v2\/comments?post=98483"}],"version-history":[{"count":2,"href":"https:\/\/cultureelpersbureau.nl\/fr\/wp-json\/wp\/v2\/posts\/98483\/revisions"}],"predecessor-version":[{"id":98500,"href":"https:\/\/cultureelpersbureau.nl\/fr\/wp-json\/wp\/v2\/posts\/98483\/revisions\/98500"}],"wp:featuredmedia":[{"embeddable":true,"href":"https:\/\/cultureelpersbureau.nl\/fr\/wp-json\/wp\/v2\/media\/98489"}],"wp:attachment":[{"href":"https:\/\/cultureelpersbureau.nl\/fr\/wp-json\/wp\/v2\/media?parent=98483"}],"wp:term":[{"taxonomy":"category","embeddable":true,"href":"https:\/\/cultureelpersbureau.nl\/fr\/wp-json\/wp\/v2\/categories?post=98483"},{"taxonomy":"post_tag","embeddable":true,"href":"https:\/\/cultureelpersbureau.nl\/fr\/wp-json\/wp\/v2\/tags?post=98483"}],"curies":[{"name":"wp","href":"https:\/\/api.w.org\/{rel}","templated":true}]}}