{"id":98535,"date":"2025-09-16T15:58:19","date_gmt":"2025-09-16T13:58:19","guid":{"rendered":"https:\/\/cultureelpersbureau.nl\/?p=98535"},"modified":"2025-09-16T15:58:21","modified_gmt":"2025-09-16T13:58:21","slug":"prinsjesdag-streep-door-bezuiniging-op-onderwijskansenregeling","status":"publish","type":"post","link":"https:\/\/cultureelpersbureau.nl\/fr\/2025\/09\/prinsjesdag-streep-door-bezuiniging-op-onderwijskansenregeling\/","title":{"rendered":"Journ\u00e9e du budget : la r\u00e9duction du programme d'aide \u00e0 l'\u00e9ducation est en suspens"},"content":{"rendered":"<p class=\"wp-block-paragraph\"><strong>Pour le minist\u00e8re de l'\u00e9ducation, de la culture et des sciences (OCW), le jour du budget est plac\u00e9 sous le signe de la continuit\u00e9 et de la clart\u00e9, avec quelques changements. La bonne nouvelle est que la r\u00e9duction du programme d'aide \u00e0 l'\u00e9ducation sera annul\u00e9e. D'un autre c\u00f4t\u00e9, l'OCW contribue aux coupes budg\u00e9taires de l'ensemble du gouvernement.<\/strong><\/p>\n\n\n\n<h2 class=\"wp-block-heading\"><strong>D\u00e9penses en 2026<\/strong><\/h2>\n\n\n\n<p class=\"wp-block-paragraph\">Au total, le budget de l'OCW pour l'ann\u00e9e prochaine s'\u00e9l\u00e8ve \u00e0 57 milliards d'euros. Sur ce montant, 29 milliards sont destin\u00e9s \u00e0 l'enseignement primaire et secondaire, 18 milliards \u00e0 l'enseignement sup\u00e9rieur, 4,6 milliards au financement des \u00e9tudes, 2,7 milliards \u00e0 la culture et aux m\u00e9dias, et 1,8 milliard \u00e0 la recherche et \u00e0 la science.<\/p>\n\n\n\n<h2 class=\"wp-block-heading\"><strong>Poursuivre sur la voie choisie<\/strong><\/h2>\n\n\n\n<p class=\"wp-block-paragraph\">Ministre Gouke Moes :<em> \"L'Assembl\u00e9e a demand\u00e9 au cabinet de s'occuper correctement du magasin. C'est ce que je vais faire. L'\u00e9ducation, la culture, les m\u00e9dias et la science sont essentiels pour notre pays. Nous continuerons sur la voie que nous avons emprunt\u00e9e. Avec des coupes l\u00e0 o\u00f9 il le faut, mais aussi avec des fonds suppl\u00e9mentaires l\u00e0 o\u00f9 nous le pouvons et o\u00f9 nous en avons besoin. C'est essentiel pour l'\u00e9ducation dans la r\u00e9gion ; aux Pays-Bas, le lieu du berceau ne devrait pas avoir d'importance. Tout le monde devrait avoir acc\u00e8s \u00e0 une bonne \u00e9ducation. Par exemple, l'ann\u00e9e prochaine, nous d\u00e9penserons plus d'argent pour pr\u00e9server une bonne \u00e9ducation dans les r\u00e9gions o\u00f9 la population diminue.<\/em><\/p>\n\n\n\n<h2 class=\"wp-block-heading\"><strong>Maintenir l'\u00e9ducation dans la r\u00e9gion<\/strong><\/h2>\n\n\n\n<p class=\"wp-block-paragraph\">Le gouvernement souhaite que tous les \u00e9tudiants, o\u00f9 qu'ils se trouvent aux Pays-Bas, disposent d'un choix suffisant et d'un \u00e9ventail de programmes d'\u00e9tudes correspondant aux besoins du march\u00e9 du travail. Cela ne se fera pas automatiquement, car la diminution du nombre d'\u00e9tudiants menace de faire dispara\u00eetre des \u00e9tudes importantes. C'est pourquoi, en 2026, le cabinet allouera 30 millions d'euros au MBO dans les r\u00e9gions en perte de vitesse, et 26 millions d'euros \u00e0 l'HBO dans les r\u00e9gions en perte de vitesse.<\/p>\n\n\n\n<h2 class=\"wp-block-heading\"><strong>Coupes<\/strong><\/h2>\n\n\n\n<p class=\"wp-block-paragraph\">Les coupes initi\u00e9es sont maintenues, \u00e0 l'exception de celles concernant le programme d'opportunit\u00e9s \u00e9ducatives. Dans l'ensemble du gouvernement, le cabinet d\u00e9cide de proc\u00e9der \u00e0 des r\u00e9ductions suppl\u00e9mentaires. Il y aura moins d'ajustements de prix pour tous les d\u00e9partements. Pour le CPAS, cela signifie qu'il y aura moins d'argent pour compenser les \u00e9coles et les institutions culturelles, par exemple, pour l'augmentation des prix de l'\u00e9nergie et du logement. Le montant exact des r\u00e9ductions que le CPAS devra op\u00e9rer sera connu lors du M\u00e9morandum de printemps 2026.<br \/>En outre, le gouvernement pr\u00e9voit de r\u00e9duire la marge salariale accessoire \u00e0 l'\u00e9chelle nationale \u00e0 partir de 2029. Pour l'OCW, cela signifie qu'\u00e0 partir de cette ann\u00e9e-l\u00e0, moins d'argent sera ajout\u00e9 au budget pour, entre autres, des r\u00e9compenses suppl\u00e9mentaires pour le personnel enseignant, telles que des primes uniques.<\/p>\n\n\n\n<h2 class=\"wp-block-heading\"><strong>Annulation des coupes dans le programme d'aide \u00e0 l'\u00e9ducation<\/strong><\/h2>\n\n\n\n<p class=\"wp-block-paragraph\">Le cabinet annule la r\u00e9duction du programme d'aide \u00e0 l'\u00e9ducation, en partie \u00e0 la demande de la Chambre des repr\u00e9sentants. Cette r\u00e9duction sera financ\u00e9e par les coupes budg\u00e9taires d\u00e9j\u00e0 expliqu\u00e9es.<br \/>Le programme d'opportunit\u00e9s \u00e9ducatives (Educational Opportunities Scheme) permet aux \u00e9coles secondaires d'apporter un soutien suppl\u00e9mentaire aux enfants qui risquent d'\u00eatre d\u00e9savantag\u00e9s sur le plan \u00e9ducatif. Par exemple, les \u00e9coles peuvent employer un assistant p\u00e9dagogique suppl\u00e9mentaire, organiser des classes plus petites ou travailler sur l'implication des parents. Lors de la pr\u00e9sentation du M\u00e9morandum de printemps, il avait \u00e9t\u00e9 d\u00e9cid\u00e9 de r\u00e9duire de moiti\u00e9 les fonds allou\u00e9s au programme d'aide \u00e0 l'\u00e9ducation (d'un montant total de 177 millions d'euros par an) en 2027 et de le supprimer compl\u00e8tement en 2028.<\/p>\n\n\n\n<p class=\"wp-block-paragraph\">Le secr\u00e9taire d'\u00c9tat Koen Becking : <em>\"Je suis soulag\u00e9e que la r\u00e9duction du programme d'opportunit\u00e9s \u00e9ducatives ne soit plus d'actualit\u00e9. Cela permettra aux \u00e9coles secondaires de continuer \u00e0 apporter aux \u00e9l\u00e8ves le soutien suppl\u00e9mentaire dont ils ont besoin. En outre, nous continuerons \u00e0 avancer \u00e0 plein r\u00e9gime pour rem\u00e9dier \u00e0 la p\u00e9nurie d'enseignants et renforcer les comp\u00e9tences de base des \u00e9l\u00e8ves\".<\/em><\/p>\n\n\n\n<h2 class=\"wp-block-heading\"><strong>Am\u00e9liorer les comp\u00e9tences de base<\/strong><\/h2>\n\n\n\n<p class=\"wp-block-paragraph\">Le gouvernement souhaite continuer \u00e0 am\u00e9liorer les comp\u00e9tences de base (lecture, \u00e9criture, calcul, culture num\u00e9rique et citoyennet\u00e9) des \u00e9l\u00e8ves des \u00e9coles primaires et secondaires. Les \u00e9coles re\u00e7oivent une aide concr\u00e8te \u00e0 cet \u00e9gard dans le cadre du plan directeur sur les comp\u00e9tences de base. Les enseignants, par exemple, disposent de plus de temps pour approfondir leurs connaissances. Une attention particuli\u00e8re est accord\u00e9e \u00e0 la lecture, \u00e0 l'\u00e9criture et au calcul.\u00a0<br \/>Dans le cadre du MBO, les nouveaux \u00e9tudiants b\u00e9n\u00e9ficient, si n\u00e9cessaire, d'une remise \u00e0 niveau en langue et en math\u00e9matiques. Un total de 47,2 millions d'euros est disponible \u00e0 cet effet pour l'ann\u00e9e acad\u00e9mique en cours et la suivante.<\/p>\n\n\n\n<h2 class=\"wp-block-heading\"><strong>Lutter contre la p\u00e9nurie d'enseignants<\/strong><\/h2>\n\n\n\n<p class=\"wp-block-paragraph\">La p\u00e9nurie d'enseignants et de chefs d'\u00e9tablissement reste tr\u00e8s importante. C'est pourquoi le cabinet y consacre 272,4 millions d'euros en 2026. Le cabinet souhaite poursuivre la coop\u00e9ration dans les r\u00e9gions d'enseignement afin de former et de retenir les enseignants aux bons endroits dans le pays. En effet, la p\u00e9nurie n'est pas la m\u00eame partout. L'ann\u00e9e prochaine, l'OCW investira \u00e9galement davantage dans l'entr\u00e9e lat\u00e9rale, c'est-\u00e0-dire dans la formation d'enseignants \u00e0 partir d'une autre profession. Plus de 54 millions d'euros par an sont disponibles \u00e0 cet effet. Un montant de 5 millions d'euros est disponible pour les enseignants qui souhaitent travailler plus d'heures.<\/p>\n\n\n\n<h2 class=\"wp-block-heading\"><strong>Panorama Mesdag Rijksmuseum<\/strong><\/h2>\n\n\n\n<p class=\"wp-block-paragraph\">En ce jour de Prinsjesdag, le patrimoine n\u00e9erlandais, et plus particuli\u00e8rement le Panaroma Mesdag, fait l'objet d'une attention particuli\u00e8re. Ce mus\u00e9e, avec son c\u00e9l\u00e8bre tableau cylindrique de 120 m\u00e8tres de circonf\u00e9rence, est en grande difficult\u00e9 financi\u00e8re. Pour rester ouvert au public, le Panorama Mesdag a pour objectif de devenir un Rijksmuseum. Pour ce faire, 1,8 million d'euros est pr\u00e9vu chaque ann\u00e9e.<\/p>\n\n\n\n<h2 class=\"wp-block-heading\"><strong>Des programmes d'\u00e9ducation et de recherche solides \u00e9tendus<\/strong><\/h2>\n\n\n\n<p class=\"wp-block-paragraph\">Afin de contribuer \u00e0 l'\u00e9mergence d'une nouvelle recherche de niveau mondial dans notre pays et de renforcer l'\u00e9ducation, trois programmes du Fonds national de croissance entrent dans la phase suivante. Il s'agit du programme Development Power (pour l'am\u00e9lioration durable de l'enseignement primaire et secondaire et du mbo), du programme Npuls (pour une \u00e9ducation tourn\u00e9e vers l'avenir gr\u00e2ce \u00e0 la num\u00e9risation) et du programme Biotech Booster du Fonds national de croissance (pour les perc\u00e9es scientifiques dans le domaine de la biotechnologie). Pour ces derniers, 77 millions d'euros sont pr\u00e9vus pour 2026.<\/p>","protected":false},"excerpt":{"rendered":"<p>Voor het ministerie van Onderwijs, Cultuur en Wetenschap (OCW) staat Prinsjesdag in het teken van continu\u00efteit en duidelijkheid, met een paar veranderingen. Goed nieuws is dat de bezuiniging op de onderwijskansenregeling wordt teruggedraaid. Daar staat tegenover dat OCW wel bijdraagt aan Rijksbrede bezuinigingen. Uitgaven in 2026 In totaal heeft OCW voor volgend jaar 57 miljard [&hellip;]<\/p>\n","protected":false},"author":13,"featured_media":65060,"comment_status":"open","ping_status":"closed","sticky":false,"template":"","format":"standard","meta":{"_eb_attr":"","_themeisle_gutenberg_block_has_review":false,"_jetpack_newsletter_access":"","_jetpack_dont_email_post_to_subs":false,"_jetpack_newsletter_tier_id":0,"_jetpack_memberships_contains_paywalled_content":false,"_jetpack_feature_clip_id":0,"_jetpack_memberships_contains_paid_content":false,"activitypub_content_warning":"","activitypub_content_visibility":"","activitypub_max_image_attachments":3,"activitypub_interaction_policy_quote":"anyone","activitypub_status":"federated","footnotes":"","jetpack_publicize_message":"","jetpack_publicize_feature_enabled":true,"jetpack_social_post_already_shared":false,"jetpack_social_options":{"image_generator_settings":{"template":"highway","default_image_id":0,"font":"","enabled":false},"version":2},"jetpack_post_was_ever_published":false},"categories":[15614,11917],"tags":[15956],"class_list":["post-98535","post","type-post","status-publish","format-standard","has-post-thumbnail","hentry","category-beleid","category-persberichten","tag-ministerie-van-onderwijs-en-wetenschappen"],"featured_image_url":{"thumbnail":"https:\/\/cultureelpersbureau.nl\/wp-content\/uploads\/2020\/05\/Logo_ministerie_OCW.svg_-150x150.png","medium":"https:\/\/cultureelpersbureau.nl\/wp-content\/uploads\/2020\/05\/Logo_ministerie_OCW.svg_-300x188.png","medium_large":"https:\/\/cultureelpersbureau.nl\/wp-content\/uploads\/2020\/05\/Logo_ministerie_OCW.svg_-768x480.png","large":"https:\/\/cultureelpersbureau.nl\/wp-content\/uploads\/2020\/05\/Logo_ministerie_OCW.svg_-1024x640.png","1536x1536":"https:\/\/cultureelpersbureau.nl\/wp-content\/uploads\/2020\/05\/Logo_ministerie_OCW.svg_.png","2048x2048":"https:\/\/cultureelpersbureau.nl\/wp-content\/uploads\/2020\/05\/Logo_ministerie_OCW.svg_.png","trp-custom-language-flag":"https:\/\/cultureelpersbureau.nl\/wp-content\/uploads\/2020\/05\/Logo_ministerie_OCW.svg_.png"},"post_author":"een van onze leden","assigned_categories":"beleid, PERSBERICHTEN","jetpack_publicize_connections":[],"jetpack-related-posts":[{"id":90844,"url":"https:\/\/cultureelpersbureau.nl\/fr\/2023\/06\/streamingdiensten-gaan-5-omzet-investeren-in-nederlandse-producties\/","url_meta":{"origin":98535,"position":0},"title":"Les services de streaming vont investir 5% de chiffre d'affaires dans les productions n\u00e9erlandaises","author":"een van onze leden","date":"6 juin 2023","format":false,"excerpt":"Les principaux services de streaming op\u00e9rant aux Pays-Bas commenceront \u00e0 investir 5% de leur chiffre d'affaires annuel n\u00e9erlandais dans des productions n\u00e9erlandaises. La Chambre des repr\u00e9sentants a approuv\u00e9 un projet de loi du secr\u00e9taire d'\u00c9tat Gunay Uslu (Culture et m\u00e9dias). Gr\u00e2ce \u00e0 cet investissement, plus d'argent sera disponible pour r\u00e9aliser des offres n\u00e9erlandaises.","rel":"","context":"Dans &quot;beleid&quot;","block_context":{"text":"beleid","link":"https:\/\/cultureelpersbureau.nl\/fr\/genre\/beleid\/"},"img":{"alt_text":"Logo van het ministerie van OCW","src":"https:\/\/i0.wp.com\/cultureelpersbureau.nl\/wp-content\/uploads\/2020\/05\/Logo_ministerie_OCW.svg_.png?resize=350%2C200&ssl=1","width":350,"height":200,"srcset":"https:\/\/i0.wp.com\/cultureelpersbureau.nl\/wp-content\/uploads\/2020\/05\/Logo_ministerie_OCW.svg_.png?resize=350%2C200&ssl=1 1x, https:\/\/i0.wp.com\/cultureelpersbureau.nl\/wp-content\/uploads\/2020\/05\/Logo_ministerie_OCW.svg_.png?resize=525%2C300&ssl=1 1.5x, https:\/\/i0.wp.com\/cultureelpersbureau.nl\/wp-content\/uploads\/2020\/05\/Logo_ministerie_OCW.svg_.png?resize=700%2C400&ssl=1 2x, https:\/\/i0.wp.com\/cultureelpersbureau.nl\/wp-content\/uploads\/2020\/05\/Logo_ministerie_OCW.svg_.png?resize=1050%2C600&ssl=1 3x"},"classes":[]},{"id":19297,"url":"https:\/\/cultureelpersbureau.nl\/fr\/2015\/01\/another-black-day-for-independent-journalism\/","url_meta":{"origin":98535,"position":1},"title":"Un autre jour noir pour le journalisme ind\u00e9pendant","author":"Thea Derks","date":"8 janvier 2015","format":false,"excerpt":"Apr\u00e8s l'attaque brutale contre le personnel de l'hebdomadaire satirique fran\u00e7ais Charlie Hebdo \u00e0 Paris hier, les journalistes, les caricaturistes, les politiciens et le grand public se sont mobilis\u00e9s dans le monde entier pour d\u00e9fendre la libert\u00e9 d'expression. De nombreuses unes des journaux d'aujourd'hui ont montr\u00e9 les caricatures pour lesquelles le r\u00e9dacteur en chef Charb (St\u00e9phane Charbonnier) et...","rel":"","context":"Dans &quot;ACTUEEL&quot;","block_context":{"text":"ACTUEEL","link":"https:\/\/cultureelpersbureau.nl\/fr\/genre\/nieuws\/"},"img":{"alt_text":"tirannen","src":"https:\/\/i0.wp.com\/cultureelpersbureau.nl\/\/wp-content\/uploads\/2015\/01\/tirannen1.jpg?resize=350%2C200&ssl=1","width":350,"height":200},"classes":[]},{"id":43577,"url":"https:\/\/cultureelpersbureau.nl\/fr\/2017\/01\/salena-godden-this-city-is-a-pigeon-hobbling-with-one-mangled-foot\/","url_meta":{"origin":98535,"position":2},"title":"Salena Godden : \"Cette ville est un pigeon qui boitille avec une seule patte mutil\u00e9e\".","author":"A Quattro Mani","date":"22 janvier 2017","format":false,"excerpt":"Ce samedi, lors du festival Winternachten, sept \u00e9crivains ont racont\u00e9 leur histoire sur leur \u2018 ville secr\u00e8te \u2019. Mircea Cartarescu, Rodigro Hasb\u00fan, Hanna Bervoets, Piotr Ibrahim Kalwas, Olga Grjasnowa, Maarten van der Graaff et Salena Godden ont \u00e9crit sur la ville qu\u2019ils ne voient pas lorsqu\u2019ils franchissent le seuil de leur porte, mais qu\u2019ils d\u00e9couvrent une fois dans\u2026","rel":"","context":"Dans &quot;Alleen voor leden&quot;","block_context":{"text":"Alleen voor leden","link":"https:\/\/cultureelpersbureau.nl\/fr\/genre\/service\/members-only\/"},"img":{"alt_text":"","src":"https:\/\/i0.wp.com\/cultureelpersbureau.nl\/wp-content\/uploads\/2017\/01\/Salena-Godden-MR-%C2%A9Marc-Brester-2.jpg?resize=350%2C200&ssl=1","width":350,"height":200,"srcset":"https:\/\/i0.wp.com\/cultureelpersbureau.nl\/wp-content\/uploads\/2017\/01\/Salena-Godden-MR-%C2%A9Marc-Brester-2.jpg?resize=350%2C200&ssl=1 1x, https:\/\/i0.wp.com\/cultureelpersbureau.nl\/wp-content\/uploads\/2017\/01\/Salena-Godden-MR-%C2%A9Marc-Brester-2.jpg?resize=525%2C300&ssl=1 1.5x, https:\/\/i0.wp.com\/cultureelpersbureau.nl\/wp-content\/uploads\/2017\/01\/Salena-Godden-MR-%C2%A9Marc-Brester-2.jpg?resize=700%2C400&ssl=1 2x, https:\/\/i0.wp.com\/cultureelpersbureau.nl\/wp-content\/uploads\/2017\/01\/Salena-Godden-MR-%C2%A9Marc-Brester-2.jpg?resize=1050%2C600&ssl=1 3x"},"classes":[]},{"id":90533,"url":"https:\/\/cultureelpersbureau.nl\/fr\/2023\/04\/stairway-to-music-scala-for-ernestine-zaterdag-27-mei\/","url_meta":{"origin":98535,"position":3},"title":"Stairway to Music - Scala pour Ernestine - samedi 27 mai","author":"een van onze leden","date":"26 avril 2023","format":false,"excerpt":"Stairway to Music, un programme d'Asko|Sch\u00f6nberg et du Muziekgebouw, est une exp\u00e9rience d'\u00e9coute intime d'environ 45 minutes sur les marches du Muziekgebouw. Cette fois-ci, le programme a \u00e9galement une touche personnelle. La harpiste Ernestine Stoop fait ses adieux \u00e0 Asko|Sch\u00f6nberg apr\u00e8s plus de 40 ans et a rassembl\u00e9...","rel":"","context":"Dans &quot;MUZIEK&quot;","block_context":{"text":"MUZIEK","link":"https:\/\/cultureelpersbureau.nl\/fr\/genre\/podiumkunst\/muziek-podiumkunst-2\/"},"img":{"alt_text":"Ernestine Stoop - beeld geleverd door Asko|Sch\u00f6nberg","src":"https:\/\/i0.wp.com\/cultureelpersbureau.nl\/wp-content\/uploads\/2023\/04\/image002.png?resize=350%2C200&ssl=1","width":350,"height":200,"srcset":"https:\/\/i0.wp.com\/cultureelpersbureau.nl\/wp-content\/uploads\/2023\/04\/image002.png?resize=350%2C200&ssl=1 1x, https:\/\/i0.wp.com\/cultureelpersbureau.nl\/wp-content\/uploads\/2023\/04\/image002.png?resize=525%2C300&ssl=1 1.5x, https:\/\/i0.wp.com\/cultureelpersbureau.nl\/wp-content\/uploads\/2023\/04\/image002.png?resize=700%2C400&ssl=1 2x"},"classes":[]}],"jetpack_shortlink":"https:\/\/wp.me\/p3yKke-pDh","jetpack_sharing_enabled":true,"jetpack_featured_media_url":"https:\/\/cultureelpersbureau.nl\/wp-content\/uploads\/2020\/05\/Logo_ministerie_OCW.svg_.png","_links":{"self":[{"href":"https:\/\/cultureelpersbureau.nl\/fr\/wp-json\/wp\/v2\/posts\/98535","targetHints":{"allow":["GET"]}}],"collection":[{"href":"https:\/\/cultureelpersbureau.nl\/fr\/wp-json\/wp\/v2\/posts"}],"about":[{"href":"https:\/\/cultureelpersbureau.nl\/fr\/wp-json\/wp\/v2\/types\/post"}],"author":[{"embeddable":true,"href":"https:\/\/cultureelpersbureau.nl\/fr\/wp-json\/wp\/v2\/users\/13"}],"replies":[{"embeddable":true,"href":"https:\/\/cultureelpersbureau.nl\/fr\/wp-json\/wp\/v2\/comments?post=98535"}],"version-history":[{"count":1,"href":"https:\/\/cultureelpersbureau.nl\/fr\/wp-json\/wp\/v2\/posts\/98535\/revisions"}],"predecessor-version":[{"id":98536,"href":"https:\/\/cultureelpersbureau.nl\/fr\/wp-json\/wp\/v2\/posts\/98535\/revisions\/98536"}],"wp:featuredmedia":[{"embeddable":true,"href":"https:\/\/cultureelpersbureau.nl\/fr\/wp-json\/wp\/v2\/media\/65060"}],"wp:attachment":[{"href":"https:\/\/cultureelpersbureau.nl\/fr\/wp-json\/wp\/v2\/media?parent=98535"}],"wp:term":[{"taxonomy":"category","embeddable":true,"href":"https:\/\/cultureelpersbureau.nl\/fr\/wp-json\/wp\/v2\/categories?post=98535"},{"taxonomy":"post_tag","embeddable":true,"href":"https:\/\/cultureelpersbureau.nl\/fr\/wp-json\/wp\/v2\/tags?post=98535"}],"curies":[{"name":"wp","href":"https:\/\/api.w.org\/{rel}","templated":true}]}}