{"id":98631,"date":"2025-09-22T14:01:47","date_gmt":"2025-09-22T12:01:47","guid":{"rendered":"https:\/\/cultureelpersbureau.nl\/?p=98631"},"modified":"2025-09-22T14:01:49","modified_gmt":"2025-09-22T12:01:49","slug":"raad-voor-cultuur-openbaart-vertrouwelijk-advies-panorama-mesdag","status":"publish","type":"post","link":"https:\/\/cultureelpersbureau.nl\/fr\/2025\/09\/raad-voor-cultuur-openbaart-vertrouwelijk-advies-panorama-mesdag\/","title":{"rendered":"Le Conseil de la culture r\u00e9v\u00e8le un avis confidentiel Panorama Mesdag"},"content":{"rendered":"<p>Communiqu\u00e9 de presse | 22-09-2025 | 11:55<\/p>\n\n\n\n<p>Le vendredi 19 septembre, le Mus\u00e9e Panorama Mesdag a transf\u00e9r\u00e9 sa collection et son b\u00e2timent \u00e0 l'\u00c9tat n\u00e9erlandais. Le mus\u00e9e a d\u00e9sormais l'obligation l\u00e9gale de g\u00e9rer la collection et le b\u00e2timent et de les rendre accessibles au public. Pour mener \u00e0 bien cette t\u00e2che, l'\u00c9tat financera le mus\u00e9e \u00e0 partir de 2026 dans le cadre de la loi sur le patrimoine culturel.&nbsp;<a href=\"https:\/\/www.cultureelerfgoed.nl\/onderwerpen\/erfgoedwet\">Loi sur le patrimoine.<\/a><\/p>\n\n\n\n<figure class=\"wp-block-image\"><img decoding=\"async\" src=\"https:\/\/www.raadvoorcultuur.nl\/binaries\/medium\/content\/gallery\/raadvoorcultuur\/content-afbeeldingen\/actueel\/panorama-mesdag-bijgesneden.png\" alt=\"Cropped Panorama Mesdag\"\/><\/figure>\n\n\n\n<p>Avant le transfert, le ministre de l'OCW de l'\u00e9poque, Eppo Bruins, a demand\u00e9 l'avis du Conseil de la culture sur l'attribution de cette t\u00e2che statutaire. Cet avis est rest\u00e9 confidentiel jusqu'au transfert. Maintenant que le ministre Gouke Moes a pris la d\u00e9cision de transf\u00e9rer la collection et le b\u00e2timent, le Conseil rend son avis public.<\/p>\n\n\n\n<h2 class=\"wp-block-heading\">Voir aussi<\/h2>\n\n\n\n<ul class=\"wp-block-list\">\n<li><a href=\"https:\/\/www.raadvoorcultuur.nl\/documenten\/adviezen\/2025\/09\/22\/advies-toewijzen-wettelijke-taak-museum-panorama-mesdag\">Avis sur l'attribution d'une mission statutaire Mus\u00e9e Panorama Mesdag<\/a>Opinion | 22-09-2025<\/li>\n<\/ul>","protected":false},"excerpt":{"rendered":"<p>Nieuwsbericht | 22-09-2025 | 11:55 Vrijdag 19 september heeft Museum Panorama Mesdag haar collectie en gebouw overgedragen aan de Staat der Nederlanden. Het museum heeft nu een wettelijke taak gekregen om de collectie en het gebouw te beheren en voor het publiek toegankelijk te houden. Om die taak uit te voeren zal vanaf 2026 het [&hellip;]<\/p>\n","protected":false},"author":13,"featured_media":71730,"comment_status":"open","ping_status":"closed","sticky":false,"template":"","format":"standard","meta":{"_eb_attr":"","_themeisle_gutenberg_block_has_review":false,"_jetpack_memberships_contains_paid_content":false,"activitypub_content_warning":"","activitypub_content_visibility":"","activitypub_max_image_attachments":3,"activitypub_interaction_policy_quote":"anyone","activitypub_status":"federated","footnotes":"","jetpack_publicize_message":"","jetpack_publicize_feature_enabled":true,"jetpack_social_post_already_shared":false,"jetpack_social_options":{"image_generator_settings":{"template":"highway","default_image_id":0,"font":"","enabled":false},"version":2}},"categories":[1,15614,10340,11917],"tags":[3225,1148],"class_list":["post-98631","post","type-post","status-publish","format-standard","has-post-thumbnail","hentry","category-nieuws","category-beleid","category-erfgoed","category-persberichten","tag-den-haag","tag-raad-voor-cultuur"],"views":248,"jetpack_publicize_connections":[],"jetpack_featured_media_url":"https:\/\/cultureelpersbureau.nl\/wp-content\/uploads\/2021\/11\/raadvcultiir.jpg","jetpack-related-posts":[{"id":98612,"url":"https:\/\/cultureelpersbureau.nl\/fr\/2025\/09\/museum-panorama-mesdag-wordt-rijksmuseum-uniek-erfgoed-behouden\/","url_meta":{"origin":98631,"position":0},"title":"Le mus\u00e9e Panorama Mesdag devient mus\u00e9e d'\u00c9tat : un patrimoine unique pr\u00e9serv\u00e9","author":"een van onze leden","date":"19 septembre 2025","format":false,"excerpt":"Le Mus\u00e9e Panorama Mesdag, avec sa c\u00e9l\u00e8bre peinture panoramique de Scheveningen, sera un mus\u00e9e d'\u00c9tat \u00e0 partir du 1er janvier 2026. C'est ce qu'a annonc\u00e9 aujourd'hui le ministre Moes (\u00c9ducation, culture et sciences). Le mus\u00e9e est en grande difficult\u00e9 financi\u00e8re. Les descendants de Hendrik Willem Mesdag et de Sientje Mesdag-van Houten ont donc d\u00e9cid\u00e9 de transf\u00e9rer la collection et le b\u00e2timent du mus\u00e9e.","rel":"","context":"Dans &quot;beleid&quot;","block_context":{"text":"beleid","link":"https:\/\/cultureelpersbureau.nl\/fr\/genre\/beleid\/"},"img":{"alt_text":"","src":"https:\/\/i0.wp.com\/cultureelpersbureau.nl\/wp-content\/uploads\/2025\/09\/Panorama_mesdag_binnen.jpg?resize=350%2C200&ssl=1","width":350,"height":200,"srcset":"https:\/\/i0.wp.com\/cultureelpersbureau.nl\/wp-content\/uploads\/2025\/09\/Panorama_mesdag_binnen.jpg?resize=350%2C200&ssl=1 1x, https:\/\/i0.wp.com\/cultureelpersbureau.nl\/wp-content\/uploads\/2025\/09\/Panorama_mesdag_binnen.jpg?resize=525%2C300&ssl=1 1.5x, https:\/\/i0.wp.com\/cultureelpersbureau.nl\/wp-content\/uploads\/2025\/09\/Panorama_mesdag_binnen.jpg?resize=700%2C400&ssl=1 2x"},"classes":[]},{"id":100443,"url":"https:\/\/cultureelpersbureau.nl\/fr\/2026\/01\/maken-zonder-druk-raad-voor-cultuur-roept-op-tot-actieve-bescherming-van-artistieke-vrijheid\/","url_meta":{"origin":98631,"position":1},"title":"La cr\u00e9ation sous pression : le Conseil de la culture appelle \u00e0 une protection active de la libert\u00e9 artistique","author":"een van onze leden","date":"20 janvier 2026","format":false,"excerpt":"La libert\u00e9 artistique est l'un des piliers de notre \u00c9tat de droit d\u00e9mocratique. Elle joue un r\u00f4le essentiel dans une soci\u00e9t\u00e9 ouverte. C'est pourquoi cette libert\u00e9 doit \u00eatre activement entretenue et prot\u00e9g\u00e9e. Dans son avis Maken (z)onder druk (Faire (sous) pression), le Conseil de la culture d\u00e9clare qu'il s'agit l\u00e0 d'une t\u00e2che qui incombe \u00e0 la politique, au secteur et \u00e0 l'\u00e9ducation. C'est ainsi qu'il convient de proc\u00e9der,","rel":"","context":"Dans &quot;beleid&quot;","block_context":{"text":"beleid","link":"https:\/\/cultureelpersbureau.nl\/fr\/genre\/beleid\/"},"img":{"alt_text":"","src":"","width":0,"height":0},"classes":[]},{"id":32750,"url":"https:\/\/cultureelpersbureau.nl\/fr\/2016\/04\/moderne-panoramas-bij-mesdag\/","url_meta":{"origin":98631,"position":2},"title":"Les panoramas modernes de Mesdag n'\u00e9clipsent pas les anciens.","author":"Frans van Hilten","date":"26 avril 2016","format":false,"excerpt":"Bien que le Panorama Mesdag se concentre toujours sur une peinture, il ne s'agit pas d'un mus\u00e9e statique. Les expositions changeantes mettent tant\u00f4t en lumi\u00e8re Mesdag et son \u00e9poque, tant\u00f4t des expressions artistiques plus modernes. Cette fois-ci, le mus\u00e9e a demand\u00e9 \u00e0 des artistes de d\u00e9velopper de nouvelles visions du concept de panorama. Une d\u00e9cision louable. Quant \u00e0 savoir si les nouveaux panoramas sont tous aussi convaincants....","rel":"","context":"Dans &quot;ACTUEEL&quot;","block_context":{"text":"ACTUEEL","link":"https:\/\/cultureelpersbureau.nl\/fr\/genre\/nieuws\/"},"img":{"alt_text":"","src":"https:\/\/i0.wp.com\/cultureelpersbureau.nl\/wp-content\/uploads\/2016\/04\/Zeger-Reyers-en-Pietertje-van-Splunter-Continu%C3%BCm.jpg?resize=350%2C200&ssl=1","width":350,"height":200,"srcset":"https:\/\/i0.wp.com\/cultureelpersbureau.nl\/wp-content\/uploads\/2016\/04\/Zeger-Reyers-en-Pietertje-van-Splunter-Continu%C3%BCm.jpg?resize=350%2C200&ssl=1 1x, https:\/\/i0.wp.com\/cultureelpersbureau.nl\/wp-content\/uploads\/2016\/04\/Zeger-Reyers-en-Pietertje-van-Splunter-Continu%C3%BCm.jpg?resize=525%2C300&ssl=1 1.5x, https:\/\/i0.wp.com\/cultureelpersbureau.nl\/wp-content\/uploads\/2016\/04\/Zeger-Reyers-en-Pietertje-van-Splunter-Continu%C3%BCm.jpg?resize=700%2C400&ssl=1 2x"},"classes":[]},{"id":95476,"url":"https:\/\/cultureelpersbureau.nl\/fr\/2024\/10\/groen-licht-voor-renovatie-amsterdam-museum\/","url_meta":{"origin":98631,"position":3},"title":"Feu vert pour la r\u00e9novation du mus\u00e9e d'Amsterdam\u00a0","author":"een van onze leden","date":"16 octobre 2024","format":false,"excerpt":"La Cour supr\u00eame statue : la r\u00e9novation peut commencer Le Conseil d'\u00c9tat a donn\u00e9 \u00e0 la ville d'Amsterdam le feu vert en appel pour r\u00e9nover le site principal du mus\u00e9e d'Amsterdam sur Kalverstraat. Le mus\u00e9e d'Amsterdam disposera d'un espace plus grand et de meilleure qualit\u00e9 pour la collection et le public, deviendra plus durable et...","rel":"","context":"Dans &quot;ACTUEEL&quot;","block_context":{"text":"ACTUEEL","link":"https:\/\/cultureelpersbureau.nl\/fr\/genre\/nieuws\/"},"img":{"alt_text":"","src":"https:\/\/i0.wp.com\/cultureelpersbureau.nl\/wp-content\/uploads\/2024\/10\/Visualisatie-renovatieplan-Amsterdam-Museum-vogelvlucht.-Vero-Visuals-scaled.jpeg?resize=350%2C200&ssl=1","width":350,"height":200,"srcset":"https:\/\/i0.wp.com\/cultureelpersbureau.nl\/wp-content\/uploads\/2024\/10\/Visualisatie-renovatieplan-Amsterdam-Museum-vogelvlucht.-Vero-Visuals-scaled.jpeg?resize=350%2C200&ssl=1 1x, https:\/\/i0.wp.com\/cultureelpersbureau.nl\/wp-content\/uploads\/2024\/10\/Visualisatie-renovatieplan-Amsterdam-Museum-vogelvlucht.-Vero-Visuals-scaled.jpeg?resize=525%2C300&ssl=1 1.5x, https:\/\/i0.wp.com\/cultureelpersbureau.nl\/wp-content\/uploads\/2024\/10\/Visualisatie-renovatieplan-Amsterdam-Museum-vogelvlucht.-Vero-Visuals-scaled.jpeg?resize=700%2C400&ssl=1 2x, https:\/\/i0.wp.com\/cultureelpersbureau.nl\/wp-content\/uploads\/2024\/10\/Visualisatie-renovatieplan-Amsterdam-Museum-vogelvlucht.-Vero-Visuals-scaled.jpeg?resize=1050%2C600&ssl=1 3x, https:\/\/i0.wp.com\/cultureelpersbureau.nl\/wp-content\/uploads\/2024\/10\/Visualisatie-renovatieplan-Amsterdam-Museum-vogelvlucht.-Vero-Visuals-scaled.jpeg?resize=1400%2C800&ssl=1 4x"},"classes":[]},{"id":71682,"url":"https:\/\/cultureelpersbureau.nl\/fr\/2021\/11\/een-groot-iconisch-gebouw-met-een-park-eromheen-cultuurraden-amsterdam-en-rijk-leggen-de-lat-hoog-voor-het-slavernijmuseum\/","url_meta":{"origin":98631,"position":4},"title":"Un grand b\u00e2timent embl\u00e9matique entour\u00e9 d'un parc. Les Conseils de la Culture d'Amsterdam et de Rijk placent la barre tr\u00e8s haut pour le Mus\u00e9e de l'Esclavage","author":"Wijbrand Schaap","date":"1 novembre 2021","format":false,"excerpt":"Le mus\u00e9e n\u00e9erlandais de l'esclavage a fait un pas de plus, maintenant que le Conseil des arts (Amsterdam) et le Conseil de la culture (Rijk) ont \u00e9mis un avis sur l'exploration d'un groupe de direction pr\u00e9sent\u00e9 au d\u00e9but de cette ann\u00e9e. Ainsi, la proc\u00e9dure officielle de diligence raisonnable a \u00e9t\u00e9 respect\u00e9e, bien que la cr\u00e9ation du mus\u00e9e n\u00e9cessaire semble...","rel":"","context":"Dans &quot;ACTUEEL&quot;","block_context":{"text":"ACTUEEL","link":"https:\/\/cultureelpersbureau.nl\/fr\/genre\/nieuws\/"},"img":{"alt_text":"","src":"https:\/\/i0.wp.com\/cultureelpersbureau.nl\/wp-content\/uploads\/2021\/11\/slavernijmonument.jpg?resize=350%2C200&ssl=1","width":350,"height":200,"srcset":"https:\/\/i0.wp.com\/cultureelpersbureau.nl\/wp-content\/uploads\/2021\/11\/slavernijmonument.jpg?resize=350%2C200&ssl=1 1x, https:\/\/i0.wp.com\/cultureelpersbureau.nl\/wp-content\/uploads\/2021\/11\/slavernijmonument.jpg?resize=525%2C300&ssl=1 1.5x, https:\/\/i0.wp.com\/cultureelpersbureau.nl\/wp-content\/uploads\/2021\/11\/slavernijmonument.jpg?resize=700%2C400&ssl=1 2x, https:\/\/i0.wp.com\/cultureelpersbureau.nl\/wp-content\/uploads\/2021\/11\/slavernijmonument.jpg?resize=1050%2C600&ssl=1 3x, https:\/\/i0.wp.com\/cultureelpersbureau.nl\/wp-content\/uploads\/2021\/11\/slavernijmonument.jpg?resize=1400%2C800&ssl=1 4x"},"classes":[]},{"id":96184,"url":"https:\/\/cultureelpersbureau.nl\/fr\/2025\/01\/raad-voor-cultuur-adviescommissie-governance-van-start\/","url_meta":{"origin":98631,"position":5},"title":"Conseil Culture : lancement du comit\u00e9 consultatif sur la gouvernance","author":"een van onze leden","date":"29 janvier 2025","format":false,"excerpt":"Le Conseil de la culture a lanc\u00e9 un processus consultatif sur la supervision dans le secteur culturel et cr\u00e9atif. Avec son comit\u00e9 de gouvernance, le Conseil examine comment la supervision interne peut \u00eatre am\u00e9lior\u00e9e afin que les organisations puissent fonctionner durablement et renforcer leur position. L'avis devrait \u00eatre pr\u00e9sent\u00e9 vers l'\u00e9t\u00e9 2025. Pourquoi ce conseil","rel":"","context":"Dans &quot;ACTUEEL&quot;","block_context":{"text":"ACTUEEL","link":"https:\/\/cultureelpersbureau.nl\/fr\/genre\/nieuws\/"},"img":{"alt_text":"","src":"https:\/\/i0.wp.com\/cultureelpersbureau.nl\/wp-content\/uploads\/2025\/01\/29-01-governance.jpg?resize=350%2C200&ssl=1","width":350,"height":200,"srcset":"https:\/\/i0.wp.com\/cultureelpersbureau.nl\/wp-content\/uploads\/2025\/01\/29-01-governance.jpg?resize=350%2C200&ssl=1 1x, https:\/\/i0.wp.com\/cultureelpersbureau.nl\/wp-content\/uploads\/2025\/01\/29-01-governance.jpg?resize=525%2C300&ssl=1 1.5x, https:\/\/i0.wp.com\/cultureelpersbureau.nl\/wp-content\/uploads\/2025\/01\/29-01-governance.jpg?resize=700%2C400&ssl=1 2x"},"classes":[]}],"jetpack_shortlink":"https:\/\/wp.me\/p3yKke-pEP","jetpack_sharing_enabled":true,"_links":{"self":[{"href":"https:\/\/cultureelpersbureau.nl\/fr\/wp-json\/wp\/v2\/posts\/98631","targetHints":{"allow":["GET"]}}],"collection":[{"href":"https:\/\/cultureelpersbureau.nl\/fr\/wp-json\/wp\/v2\/posts"}],"about":[{"href":"https:\/\/cultureelpersbureau.nl\/fr\/wp-json\/wp\/v2\/types\/post"}],"author":[{"embeddable":true,"href":"https:\/\/cultureelpersbureau.nl\/fr\/wp-json\/wp\/v2\/users\/13"}],"replies":[{"embeddable":true,"href":"https:\/\/cultureelpersbureau.nl\/fr\/wp-json\/wp\/v2\/comments?post=98631"}],"version-history":[{"count":1,"href":"https:\/\/cultureelpersbureau.nl\/fr\/wp-json\/wp\/v2\/posts\/98631\/revisions"}],"predecessor-version":[{"id":98632,"href":"https:\/\/cultureelpersbureau.nl\/fr\/wp-json\/wp\/v2\/posts\/98631\/revisions\/98632"}],"wp:featuredmedia":[{"embeddable":true,"href":"https:\/\/cultureelpersbureau.nl\/fr\/wp-json\/wp\/v2\/media\/71730"}],"wp:attachment":[{"href":"https:\/\/cultureelpersbureau.nl\/fr\/wp-json\/wp\/v2\/media?parent=98631"}],"wp:term":[{"taxonomy":"category","embeddable":true,"href":"https:\/\/cultureelpersbureau.nl\/fr\/wp-json\/wp\/v2\/categories?post=98631"},{"taxonomy":"post_tag","embeddable":true,"href":"https:\/\/cultureelpersbureau.nl\/fr\/wp-json\/wp\/v2\/tags?post=98631"}],"curies":[{"name":"wp","href":"https:\/\/api.w.org\/{rel}","templated":true}]}}