{"id":98785,"date":"2025-10-03T05:00:00","date_gmt":"2025-10-03T03:00:00","guid":{"rendered":"https:\/\/cultureelpersbureau.nl\/?p=98785"},"modified":"2025-10-02T15:37:39","modified_gmt":"2025-10-02T13:37:39","slug":"meer-dan-750-nederlandse-en-belgische-kunstenaars-en-250-culturele-instellingen-gaan-over-tot-boycot-israel","status":"publish","type":"post","link":"https:\/\/cultureelpersbureau.nl\/fr\/2025\/10\/meer-dan-750-nederlandse-en-belgische-kunstenaars-en-250-culturele-instellingen-gaan-over-tot-boycot-israel\/","title":{"rendered":"Plus de 750 artistes n\u00e9erlandais et belges et 250 institutions culturelles d\u00e9cident de boycotter Isra\u00ebl"},"content":{"rendered":"<p><strong>Une large repr\u00e9sentation du secteur culturel n\u00e9erlandais et belge se sent oblig\u00e9e de proc\u00e9der \u00e0 un boycott culturel d'Isra\u00ebl. Elle ne souhaite plus rester en marge des crimes de guerre, des crimes contre l'humanit\u00e9 et du g\u00e9nocide du peuple palestinien reconnus par toutes les institutions faisant autorit\u00e9. Bonnefanten, DE SINGEL, Nederlands Film Festival, Museum voor Schone Kunsten Gent, Rijksacademie voor de Kunsten, Kunstencentrum VIERNULVIER et Het Zuidelijk Toneel, entre autres, ont sign\u00e9 le boycott. Des artistes tels que Marlene Dumas, Maryam Hassouni, Tom Lanoye, Alain Platel, Babs Gons, Sinan \u00c7ankaya, David Van Reybrouck, Eric Corton, Nasrdin Dchar et Ramsey Nasr soutiennent \u00e9galement cet appel. De nouvelles institutions et de nouveaux artistes s'y joignent chaque jour.<\/strong><\/p>\n\n\n\n<p>Le boycott vise l'\u00c9tat d'Isra\u00ebl et toutes les institutions et entreprises isra\u00e9liennes. Sont exclues les organisations qui ne sont pas complices de violations du droit international et qui se sont prononc\u00e9es sans \u00e9quivoque contre le g\u00e9nocide, l'occupation ill\u00e9gale et l'apartheid. Le boycott ne vise pas explicitement les individus ou leurs origines, c'est-\u00e0-dire les Isra\u00e9liens en tant que tels, mais la complicit\u00e9 des institutions et des entreprises isra\u00e9liennes dans les violations des droits de l'homme \u00e0 l'encontre des Palestiniens.<\/p>\n\n\n\n<p>Cela signifie, entre autres, que les organisations et les artistes participants ne collaboreront pas avec les organisations complices et qu'ils ne pr\u00e9senteront pas leurs \u0153uvres dans les th\u00e9\u00e2tres, les sc\u00e8nes pop, les mus\u00e9es ou les festivals de cin\u00e9ma isra\u00e9liens.<\/p>\n\n\n\n<p>Apr\u00e8s presque deux ans de g\u00e9nocide \u00e0 Gaza, depuis mars 2025, Isra\u00ebl a encore intensifi\u00e9 la violence jusqu'\u00e0 la destruction totale de la bande de Gaza. Toutes les formes de culture palestinienne sont d\u00e9truites : les \u00e9glises, les mosqu\u00e9es, les \u00e9tablissements d'enseignement, les biblioth\u00e8ques et le patrimoine culturel sont les premi\u00e8res cibles, tout comme les journalistes, les travailleurs humanitaires, les m\u00e9decins et les artistes. En Cisjordanie et \u00e0 J\u00e9rusalem, les Palestiniens sont \u00e9galement de plus en plus priv\u00e9s de vie. Ce n'est que la derni\u00e8re phase d'une politique qui dure depuis des d\u00e9cennies et qui a syst\u00e9matiquement opprim\u00e9, marginalis\u00e9 et expuls\u00e9 les Palestiniens.<\/p>\n\n\n\n<p>Un boycott du secteur culturel ne suffira pas \u00e0 mettre fin au g\u00e9nocide et \u00e0 l'occupation. Les signataires appellent donc \u00e9galement les secteurs sportif, universitaire, \u00e9conomique et politique \u00e0 couper les liens avec Isra\u00ebl. Ce n'est qu'ensemble que nous pourrons contraindre Isra\u00ebl \u00e0 respecter le droit international.<\/p>\n\n\n\n<p>Ce boycott n'est pas une d\u00e9cision prise \u00e0 la l\u00e9g\u00e8re. Le secteur culturel repose sur la conviction que les \u00e9changes artistiques rendent le monde meilleur ou, du moins, ne font pas de mal. Cependant, il ne peut y avoir de statu quo : l'impunit\u00e9 doit cesser.<\/p>\n\n\n\n<div class=\"su-note\"  style=\"border-color:#e5e54c;border-radius:3px;-moz-border-radius:3px;-webkit-border-radius:3px;\"><div class=\"su-note-inner su-u-clearfix su-u-trim\" style=\"background-color:#FFFF66;border-color:#ffffff;color:#333333;border-radius:3px;-moz-border-radius:3px;-webkit-border-radius:3px;\">Pour plus d'informations sur ce boycott et ceux qui l'ont sign\u00e9 : \u00a0<a href=\"http:\/\/www.cultureleboycotisrael.nu\/\" target=\"_blank\" rel=\"noreferrer noopener\">www.cultureleboycotisrael.nu<\/a>.<\/div><\/div>\n\n\n<a href=\"https:\/\/cultureelpersbureau.nl\/wp-content\/uploads\/2025\/10\/PERSBERICHT-Culturele-Boycot-NL.pdf\" class=\"pdfemb-viewer\" style=\"height:600px;\" data-width=\"max\" data-height=\"600\" data-toolbar=\"both\" data-toolbar-fixed=\"off\">COMMUNIQU\u00c9 DE PRESSE-Culturel-Boycot-NL<\/a>","protected":false},"excerpt":{"rendered":"<p>Een ruime vertegenwoordiging van de Nederlandse en Belgische cultuursector ziet zich genoodzaakt over te gaan tot een culturele boycot van Isra\u00ebl. Zij wenst niet langer aan de zijlijn te blijven staan van oorlogsmisdaden, misdaden tegen de menselijkheid en een door alle gezaghebbende instituties erkende genocide op het Palestijnse volk. Onder andere Bonnefanten, DE SINGEL, Nederlands [&hellip;]<\/p>\n","protected":false},"author":13,"featured_media":98790,"comment_status":"open","ping_status":"closed","sticky":false,"template":"","format":"standard","meta":{"_eb_attr":"","_themeisle_gutenberg_block_has_review":false,"_jetpack_memberships_contains_paid_content":false,"activitypub_content_warning":"","activitypub_content_visibility":"","activitypub_max_image_attachments":3,"activitypub_interaction_policy_quote":"anyone","activitypub_status":"federated","footnotes":"","jetpack_publicize_message":"","jetpack_publicize_feature_enabled":true,"jetpack_social_post_already_shared":true,"jetpack_social_options":{"image_generator_settings":{"template":"highway","default_image_id":0,"font":"","enabled":false},"version":2}},"categories":[15614],"tags":[15922,16453],"class_list":["post-98785","post","type-post","status-publish","format-standard","has-post-thumbnail","hentry","category-beleid","tag-boycot","tag-gaza"],"views":420,"jetpack_publicize_connections":[],"jetpack_featured_media_url":"https:\/\/cultureelpersbureau.nl\/wp-content\/uploads\/2025\/10\/culturele_boycot_A3_300dpi_CMYK_NL_01.png","jetpack-related-posts":[{"id":22213,"url":"https:\/\/cultureelpersbureau.nl\/fr\/2015\/05\/the-impact-art-heftig-slot-driedaagse-conferentie\/","url_meta":{"origin":98785,"position":0},"title":"L'impact de l'art, conclusion f\u00e9roce d'une conf\u00e9rence de trois jours","author":"Helen Westerik","date":"7 mai 2015","format":false,"excerpt":"Comment \u00e9crire sur une conf\u00e9rence de trois jours, dont une partie s'est d\u00e9roul\u00e9e \u00e0 huis clos, dont la soir\u00e9e de cl\u00f4ture a l'air tr\u00e8s soign\u00e9e sur vimeo, mais o\u00f9 la tension dans la salle \u00e9tait palpable ? Avec un esprit totalement ouvert et \u00e0 peine plus de connaissances qu'un lecteur de journal moyen, mais avec la ferme conviction que le","rel":"","context":"Dans &quot;ACTUEEL&quot;","block_context":{"text":"ACTUEEL","link":"https:\/\/cultureelpersbureau.nl\/fr\/genre\/nieuws\/"},"img":{"alt_text":"","src":"https:\/\/i0.wp.com\/cultureelpersbureau.nl\/wp-content\/uploads\/2015\/05\/nir.jpg?resize=350%2C200&ssl=1","width":350,"height":200,"srcset":"https:\/\/i0.wp.com\/cultureelpersbureau.nl\/wp-content\/uploads\/2015\/05\/nir.jpg?resize=350%2C200&ssl=1 1x, https:\/\/i0.wp.com\/cultureelpersbureau.nl\/wp-content\/uploads\/2015\/05\/nir.jpg?resize=525%2C300&ssl=1 1.5x"},"classes":[]},{"id":22121,"url":"https:\/\/cultureelpersbureau.nl\/fr\/2015\/05\/laveren-kunst-en-politiek-tussenstand\/","url_meta":{"origin":98785,"position":1},"title":"Lavering entre l'art et la politique, un point de vue provisoire","author":"Helen Westerik","date":"1 mai 2015","format":false,"excerpt":"Mercredi, c'\u00e9tait la soir\u00e9e d'ouverture de la conf\u00e9rence de trois jours What's Art Got To Do With It ? sur l'art, la politique et Isra\u00ebl\/Palestine. Comment ouvrir une conf\u00e9rence sur un sujet charg\u00e9 sur lequel tout le monde a une opinion, surtout dans les coulisses ? Avec de la musique. Car comment s'y opposer ? La soir\u00e9e...","rel":"","context":"Dans &quot;ACTUEEL&quot;","block_context":{"text":"ACTUEEL","link":"https:\/\/cultureelpersbureau.nl\/fr\/genre\/nieuws\/"},"img":{"alt_text":"","src":"https:\/\/i0.wp.com\/cultureelpersbureau.nl\/wp-content\/uploads\/2015\/05\/img_0845.jpg?resize=350%2C200&ssl=1","width":350,"height":200,"srcset":"https:\/\/i0.wp.com\/cultureelpersbureau.nl\/wp-content\/uploads\/2015\/05\/img_0845.jpg?resize=350%2C200&ssl=1 1x, https:\/\/i0.wp.com\/cultureelpersbureau.nl\/wp-content\/uploads\/2015\/05\/img_0845.jpg?resize=525%2C300&ssl=1 1.5x, https:\/\/i0.wp.com\/cultureelpersbureau.nl\/wp-content\/uploads\/2015\/05\/img_0845.jpg?resize=700%2C400&ssl=1 2x, https:\/\/i0.wp.com\/cultureelpersbureau.nl\/wp-content\/uploads\/2015\/05\/img_0845.jpg?resize=1050%2C600&ssl=1 3x, https:\/\/i0.wp.com\/cultureelpersbureau.nl\/wp-content\/uploads\/2015\/05\/img_0845.jpg?resize=1400%2C800&ssl=1 4x"},"classes":[]},{"id":85076,"url":"https:\/\/cultureelpersbureau.nl\/fr\/2022\/06\/in-perspectief-4-internationale-solidariteit\/","url_meta":{"origin":98785,"position":2},"title":"EN PERSPECTIVE #4 : Solidarit\u00e9 internationale.","author":"Erik Akkermans","date":"16 juin 2022","format":false,"excerpt":"Dans la s\u00e9rie \"En perspective\", Erik Akkermans jette un regard r\u00e9trospectif et prospectif sur les \u00e9volutions de la politique et de la pratique culturelles. Aujourd'hui : la solidarit\u00e9 internationale. Quand Hans van Manen veut bien recevoir des Russes Sc\u00e8ne 1. Pelouse de la Maison Blanche Sur la pelouse devant la Maison Blanche, la premi\u00e8re dame Pat Nixon1 passe devant les chorales align\u00e9es...","rel":"","context":"Dans &quot;ACTUEEL&quot;","block_context":{"text":"ACTUEEL","link":"https:\/\/cultureelpersbureau.nl\/fr\/genre\/nieuws\/"},"img":{"alt_text":"","src":"https:\/\/i0.wp.com\/cultureelpersbureau.nl\/wp-content\/uploads\/2022\/06\/WVR_email.jpg?resize=350%2C200&ssl=1","width":350,"height":200,"srcset":"https:\/\/i0.wp.com\/cultureelpersbureau.nl\/wp-content\/uploads\/2022\/06\/WVR_email.jpg?resize=350%2C200&ssl=1 1x, https:\/\/i0.wp.com\/cultureelpersbureau.nl\/wp-content\/uploads\/2022\/06\/WVR_email.jpg?resize=525%2C300&ssl=1 1.5x, https:\/\/i0.wp.com\/cultureelpersbureau.nl\/wp-content\/uploads\/2022\/06\/WVR_email.jpg?resize=700%2C400&ssl=1 2x"},"classes":[]},{"id":89602,"url":"https:\/\/cultureelpersbureau.nl\/fr\/2023\/02\/nederlands-dans-theater-bekent-kleur-in-hondenpoepzaak-waarom-pas-na-uitzonderlijke-druk-van-de-danspers\/","url_meta":{"origin":98785,"position":3},"title":"Le Nederlands Dans Theater avoue la couleur dans l'affaire des crottes de chien. Pourquoi seulement apr\u00e8s une pression exceptionnelle de la presse sp\u00e9cialis\u00e9e dans la danse ?","author":"Wijbrand Schaap","date":"24 f\u00e9vrier 2023","format":false,"excerpt":"Si j'\u00e9tais au champagne. Une question pos\u00e9e par une connaissance du monde de la danse. Le Nederlands Dans Theater a annonc\u00e9 qu'il ne poursuivrait pas sa collaboration avec le chor\u00e9graphe Marco Goecke tant qu'il ne se serait pas excus\u00e9 pour son agression contre la critique de danse Wiebke H\u00fcster du Frankfurter...","rel":"","context":"Dans &quot;ACTUEEL&quot;","block_context":{"text":"ACTUEEL","link":"https:\/\/cultureelpersbureau.nl\/fr\/genre\/nieuws\/"},"img":{"alt_text":"Amare, het huis van o.a. NDT in Den Haag","src":"https:\/\/i0.wp.com\/cultureelpersbureau.nl\/wp-content\/uploads\/2023\/02\/Amare_The_Hague_09-2021_img_01-scaled.jpg?resize=350%2C200&ssl=1","width":350,"height":200,"srcset":"https:\/\/i0.wp.com\/cultureelpersbureau.nl\/wp-content\/uploads\/2023\/02\/Amare_The_Hague_09-2021_img_01-scaled.jpg?resize=350%2C200&ssl=1 1x, https:\/\/i0.wp.com\/cultureelpersbureau.nl\/wp-content\/uploads\/2023\/02\/Amare_The_Hague_09-2021_img_01-scaled.jpg?resize=525%2C300&ssl=1 1.5x, https:\/\/i0.wp.com\/cultureelpersbureau.nl\/wp-content\/uploads\/2023\/02\/Amare_The_Hague_09-2021_img_01-scaled.jpg?resize=700%2C400&ssl=1 2x, https:\/\/i0.wp.com\/cultureelpersbureau.nl\/wp-content\/uploads\/2023\/02\/Amare_The_Hague_09-2021_img_01-scaled.jpg?resize=1050%2C600&ssl=1 3x, https:\/\/i0.wp.com\/cultureelpersbureau.nl\/wp-content\/uploads\/2023\/02\/Amare_The_Hague_09-2021_img_01-scaled.jpg?resize=1400%2C800&ssl=1 4x"},"classes":[]},{"id":100371,"url":"https:\/\/cultureelpersbureau.nl\/fr\/2026\/01\/wetgevingsoverleg-cultuur-was-bruikbaar-podium-voor-trumpistische-kamerfracties\/","url_meta":{"origin":98785,"position":4},"title":"La consultation l\u00e9gislative sur la culture a \u00e9t\u00e9 une \u00e9tape utile pour les factions Trumpistes de la Chambre des repr\u00e9sentants","author":"Wijbrand Schaap","date":"19 janvier 2026","format":false,"excerpt":"\u2018Ik ben opgevoed met de bijbelvertaling uit 1951, maar ook blij dat er sindsdien vertalingen zijn verschenen waarin nieuwe woorden zijn gevonden.\u2019 Aldus Gouke Moes, dubbel-demissionair minister van OCW. Met deze interessante formulering reageerde hij tijdens het wetgevingsoverleg Cultuur op de vraag van PVV-kamerlid Bosma, die wilde weten wat Moes\u2026","rel":"","context":"Dans &quot;beleid&quot;","block_context":{"text":"beleid","link":"https:\/\/cultureelpersbureau.nl\/fr\/genre\/beleid\/"},"img":{"alt_text":"","src":"https:\/\/i0.wp.com\/cultureelpersbureau.nl\/wp-content\/uploads\/2026\/01\/Schermafdruk-van-2026-01-19-11-02-33.png?resize=350%2C200&ssl=1","width":350,"height":200,"srcset":"https:\/\/i0.wp.com\/cultureelpersbureau.nl\/wp-content\/uploads\/2026\/01\/Schermafdruk-van-2026-01-19-11-02-33.png?resize=350%2C200&ssl=1 1x, https:\/\/i0.wp.com\/cultureelpersbureau.nl\/wp-content\/uploads\/2026\/01\/Schermafdruk-van-2026-01-19-11-02-33.png?resize=525%2C300&ssl=1 1.5x"},"classes":[]},{"id":90855,"url":"https:\/\/cultureelpersbureau.nl\/fr\/2023\/06\/volle-zalen-voor-rooms-katholieke-cultuur-van-nick-cave-en-herman-finkers\/","url_meta":{"origin":98785,"position":5},"title":"Des maisons enti\u00e8res pour la culture catholique par Nick Cave et Herman Finkers","author":"Peter Olsthoorn","date":"7 juin 2023","format":false,"excerpt":"Les traditions culturelles chr\u00e9tiennes, comme le catholicisme, sont en plein marasme. Comment s'en sortir ? Quels que soient le sexe, l'origine et les croyances, il est utile de les consid\u00e9rer de mani\u00e8re positive, avec compassion et humour ; comme toutes ces personnes et ces expressions diff\u00e9rentes sont belles et dr\u00f4les ! Je suis donc heureuse d'\u00e9crire maintenant...","rel":"","context":"Dans &quot;LITERAIR&quot;","block_context":{"text":"LITERAIR","link":"https:\/\/cultureelpersbureau.nl\/fr\/genre\/literatuur-2\/"},"img":{"alt_text":"Brainwash Festival \/ Joy Hansson","src":"https:\/\/i0.wp.com\/cultureelpersbureau.nl\/wp-content\/uploads\/2023\/06\/Nick-Sean2.jpg?resize=350%2C200&ssl=1","width":350,"height":200,"srcset":"https:\/\/i0.wp.com\/cultureelpersbureau.nl\/wp-content\/uploads\/2023\/06\/Nick-Sean2.jpg?resize=350%2C200&ssl=1 1x, https:\/\/i0.wp.com\/cultureelpersbureau.nl\/wp-content\/uploads\/2023\/06\/Nick-Sean2.jpg?resize=525%2C300&ssl=1 1.5x, https:\/\/i0.wp.com\/cultureelpersbureau.nl\/wp-content\/uploads\/2023\/06\/Nick-Sean2.jpg?resize=700%2C400&ssl=1 2x, https:\/\/i0.wp.com\/cultureelpersbureau.nl\/wp-content\/uploads\/2023\/06\/Nick-Sean2.jpg?resize=1050%2C600&ssl=1 3x, https:\/\/i0.wp.com\/cultureelpersbureau.nl\/wp-content\/uploads\/2023\/06\/Nick-Sean2.jpg?resize=1400%2C800&ssl=1 4x"},"classes":[]}],"jetpack_shortlink":"https:\/\/wp.me\/p3yKke-pHj","jetpack_sharing_enabled":true,"_links":{"self":[{"href":"https:\/\/cultureelpersbureau.nl\/fr\/wp-json\/wp\/v2\/posts\/98785","targetHints":{"allow":["GET"]}}],"collection":[{"href":"https:\/\/cultureelpersbureau.nl\/fr\/wp-json\/wp\/v2\/posts"}],"about":[{"href":"https:\/\/cultureelpersbureau.nl\/fr\/wp-json\/wp\/v2\/types\/post"}],"author":[{"embeddable":true,"href":"https:\/\/cultureelpersbureau.nl\/fr\/wp-json\/wp\/v2\/users\/13"}],"replies":[{"embeddable":true,"href":"https:\/\/cultureelpersbureau.nl\/fr\/wp-json\/wp\/v2\/comments?post=98785"}],"version-history":[{"count":2,"href":"https:\/\/cultureelpersbureau.nl\/fr\/wp-json\/wp\/v2\/posts\/98785\/revisions"}],"predecessor-version":[{"id":98791,"href":"https:\/\/cultureelpersbureau.nl\/fr\/wp-json\/wp\/v2\/posts\/98785\/revisions\/98791"}],"wp:featuredmedia":[{"embeddable":true,"href":"https:\/\/cultureelpersbureau.nl\/fr\/wp-json\/wp\/v2\/media\/98790"}],"wp:attachment":[{"href":"https:\/\/cultureelpersbureau.nl\/fr\/wp-json\/wp\/v2\/media?parent=98785"}],"wp:term":[{"taxonomy":"category","embeddable":true,"href":"https:\/\/cultureelpersbureau.nl\/fr\/wp-json\/wp\/v2\/categories?post=98785"},{"taxonomy":"post_tag","embeddable":true,"href":"https:\/\/cultureelpersbureau.nl\/fr\/wp-json\/wp\/v2\/tags?post=98785"}],"curies":[{"name":"wp","href":"https:\/\/api.w.org\/{rel}","templated":true}]}}