{"id":99135,"date":"2025-10-16T11:20:47","date_gmt":"2025-10-16T09:20:47","guid":{"rendered":"https:\/\/cultureelpersbureau.nl\/?p=99135"},"modified":"2025-10-16T11:20:49","modified_gmt":"2025-10-16T09:20:49","slug":"burgemeester-femke-halsema-opent-amsterdam-in-motion","status":"publish","type":"post","link":"https:\/\/cultureelpersbureau.nl\/fr\/2025\/10\/burgemeester-femke-halsema-opent-amsterdam-in-motion\/","title":{"rendered":"La maire Femke Halsema inaugure Amsterdam in Motion\u00a0"},"content":{"rendered":"<p><br \/><strong>Zuiveringshal Oost, sur le site de Westergas, accueillera l'ouverture d'Amsterdam in Motion le lundi 27 octobre 2025 : l'histoire multim\u00e9dia d'Amsterdam dans un spectacle th\u00e9matique sur le pass\u00e9, le pr\u00e9sent et l'avenir. Ce projet culturel, fruit d'une collaboration entre l'initiateur Duncan Stutterheim (Westergas) et le mus\u00e9e d'Amsterdam, a \u00e9t\u00e9 rendu possible par une large coalition de partenaires amstellodamois. Il s'agit d'un cadeau des Amstellodamois \u00e0 Amsterdam. <\/strong><\/p>\n\n\n\n<p><strong>C'est lors d'un rassemblement festif organis\u00e9 \u00e0 l'occasion du 750e anniversaire officiel de la ville que le maire Femke Halsema a accept\u00e9 ce cadeau durable au nom de l'anniversaire d'Amsterdam. <em>\"Amsterdam in Motion est l'un des h\u00e9ritages les plus impressionnants des 750 ans d'Amsterdam - un merveilleux cadeau permanent \u00e0 la ville pour marquer une ann\u00e9e d'anniversaire historique.<\/em> A partir du mardi 28 octobre, Amsterdam in Motion sera ouvert au public tous les jours. Les billets pour cette exp\u00e9rience urbaine sont d\u00e9sormais disponibles via <a href=\"http:\/\/www.amsterdaminmotion.nl\" target=\"_blank\" rel=\"noreferrer noopener\">Amsterdaminmotion.nl<\/a>.<\/strong><\/p>\n\n\n\n<h2 class=\"wp-block-heading\"><strong>Amsterdam en mouvement : pr\u00e9sentation<\/strong><\/h2>\n\n\n\n<div class=\"wp-block-jetpack-tiled-gallery aligncenter is-style-rectangular\"><div class=\"\"><div class=\"tiled-gallery__gallery\"><div class=\"tiled-gallery__row\"><div class=\"tiled-gallery__col\" style=\"flex-basis:66.78803%\"><figure class=\"tiled-gallery__item\"><img decoding=\"async\" data-attachment-id=\"99137\" data-permalink=\"https:\/\/cultureelpersbureau.nl\/fr\/2025\/10\/burgemeester-femke-halsema-opent-amsterdam-in-motion\/amsterdam-in-motion-foto-jitske-napook\/\" data-orig-file=\"https:\/\/cultureelpersbureau.nl\/wp-content\/uploads\/2025\/10\/Amsterdam-in-Motion.-Foto-Jitske-Napook.jpg\" data-orig-size=\"354,236\" data-comments-opened=\"1\" data-image-meta=\"{&quot;aperture&quot;:&quot;0&quot;,&quot;credit&quot;:&quot;&quot;,&quot;camera&quot;:&quot;&quot;,&quot;caption&quot;:&quot;&quot;,&quot;created_timestamp&quot;:&quot;0&quot;,&quot;copyright&quot;:&quot;&quot;,&quot;focal_length&quot;:&quot;0&quot;,&quot;iso&quot;:&quot;0&quot;,&quot;shutter_speed&quot;:&quot;0&quot;,&quot;title&quot;:&quot;&quot;,&quot;orientation&quot;:&quot;0&quot;}\" data-image-title=\"Amsterdam in Motion. Foto Jitske Napook\" data-image-description=\"\" data-image-caption=\"\" data-large-file=\"https:\/\/cultureelpersbureau.nl\/wp-content\/uploads\/2025\/10\/Amsterdam-in-Motion.-Foto-Jitske-Napook.jpg\" role=\"button\" tabindex=\"0\" aria-label=\"Ouvrir l&#039;image 1 sur 3 en plein \u00e9cran\" srcset=\"https:\/\/i0.wp.com\/cultureelpersbureau.nl\/wp-content\/uploads\/2025\/10\/Amsterdam-in-Motion.-Foto-Jitske-Napook.jpg?strip=info&#038;w=354&#038;ssl=1 354w\" alt=\"\" data-height=\"236\" data-id=\"99137\" data-link=\"https:\/\/cultureelpersbureau.nl\/?attachment_id=99137\" data-url=\"https:\/\/cultureelpersbureau.nl\/wp-content\/uploads\/2025\/10\/Amsterdam-in-Motion.-Foto-Jitske-Napook.jpg\" data-width=\"354\" src=\"https:\/\/i0.wp.com\/cultureelpersbureau.nl\/wp-content\/uploads\/2025\/10\/Amsterdam-in-Motion.-Foto-Jitske-Napook.jpg?ssl=1\" data-amp-layout=\"responsive\"\/><\/figure><\/div><div class=\"tiled-gallery__col\" style=\"flex-basis:33.21197%\"><figure class=\"tiled-gallery__item\"><img decoding=\"async\" data-attachment-id=\"99136\" data-permalink=\"https:\/\/cultureelpersbureau.nl\/fr\/2025\/10\/burgemeester-femke-halsema-opent-amsterdam-in-motion\/amsterdam-in-motion-foto-jitske-nap\/\" data-orig-file=\"https:\/\/cultureelpersbureau.nl\/wp-content\/uploads\/2025\/10\/Amsterdam-in-Motion.-Foto-Jitske-Nap.jpg\" data-orig-size=\"354,236\" data-comments-opened=\"1\" data-image-meta=\"{&quot;aperture&quot;:&quot;0&quot;,&quot;credit&quot;:&quot;&quot;,&quot;camera&quot;:&quot;&quot;,&quot;caption&quot;:&quot;&quot;,&quot;created_timestamp&quot;:&quot;0&quot;,&quot;copyright&quot;:&quot;&quot;,&quot;focal_length&quot;:&quot;0&quot;,&quot;iso&quot;:&quot;0&quot;,&quot;shutter_speed&quot;:&quot;0&quot;,&quot;title&quot;:&quot;&quot;,&quot;orientation&quot;:&quot;0&quot;}\" data-image-title=\"Amsterdam in Motion. Foto Jitske Nap\" data-image-description=\"\" data-image-caption=\"\" data-large-file=\"https:\/\/cultureelpersbureau.nl\/wp-content\/uploads\/2025\/10\/Amsterdam-in-Motion.-Foto-Jitske-Nap.jpg\" role=\"button\" tabindex=\"0\" aria-label=\"Ouvrir l&#039;image 2 sur 3 en plein \u00e9cran\" srcset=\"https:\/\/i0.wp.com\/cultureelpersbureau.nl\/wp-content\/uploads\/2025\/10\/Amsterdam-in-Motion.-Foto-Jitske-Nap.jpg?strip=info&#038;w=354&#038;ssl=1 354w\" alt=\"\" data-height=\"236\" data-id=\"99136\" data-link=\"https:\/\/cultureelpersbureau.nl\/?attachment_id=99136\" data-url=\"https:\/\/cultureelpersbureau.nl\/wp-content\/uploads\/2025\/10\/Amsterdam-in-Motion.-Foto-Jitske-Nap.jpg\" data-width=\"354\" src=\"https:\/\/i0.wp.com\/cultureelpersbureau.nl\/wp-content\/uploads\/2025\/10\/Amsterdam-in-Motion.-Foto-Jitske-Nap.jpg?ssl=1\" data-amp-layout=\"responsive\"\/><\/figure><figure class=\"tiled-gallery__item\"><img decoding=\"async\" data-attachment-id=\"99138\" data-permalink=\"https:\/\/cultureelpersbureau.nl\/fr\/2025\/10\/burgemeester-femke-halsema-opent-amsterdam-in-motion\/amsterdam-in-motion-foto-jitske-nap-6\/\" data-orig-file=\"https:\/\/cultureelpersbureau.nl\/wp-content\/uploads\/2025\/10\/Amsterdam-in-Motion.-Foto-Jitske-Nap-6.jpg\" data-orig-size=\"354,236\" data-comments-opened=\"1\" data-image-meta=\"{&quot;aperture&quot;:&quot;0&quot;,&quot;credit&quot;:&quot;&quot;,&quot;camera&quot;:&quot;&quot;,&quot;caption&quot;:&quot;&quot;,&quot;created_timestamp&quot;:&quot;0&quot;,&quot;copyright&quot;:&quot;&quot;,&quot;focal_length&quot;:&quot;0&quot;,&quot;iso&quot;:&quot;0&quot;,&quot;shutter_speed&quot;:&quot;0&quot;,&quot;title&quot;:&quot;&quot;,&quot;orientation&quot;:&quot;0&quot;}\" data-image-title=\"Amsterdam in Motion. Foto Jitske Nap (6)\" data-image-description=\"\" data-image-caption=\"&lt;p&gt;Foto&amp;#8217;s: Jitske Nap&lt;\/p&gt;\" data-large-file=\"https:\/\/cultureelpersbureau.nl\/wp-content\/uploads\/2025\/10\/Amsterdam-in-Motion.-Foto-Jitske-Nap-6.jpg\" role=\"button\" tabindex=\"0\" aria-label=\"Ouvrir l&#039;image 3 sur 3 en plein \u00e9cran\" srcset=\"https:\/\/i0.wp.com\/cultureelpersbureau.nl\/wp-content\/uploads\/2025\/10\/Amsterdam-in-Motion.-Foto-Jitske-Nap-6.jpg?strip=info&#038;w=354&#038;ssl=1 354w\" alt=\"\" data-height=\"236\" data-id=\"99138\" data-link=\"https:\/\/cultureelpersbureau.nl\/?attachment_id=99138\" data-url=\"https:\/\/cultureelpersbureau.nl\/wp-content\/uploads\/2025\/10\/Amsterdam-in-Motion.-Foto-Jitske-Nap-6.jpg\" data-width=\"354\" src=\"https:\/\/i0.wp.com\/cultureelpersbureau.nl\/wp-content\/uploads\/2025\/10\/Amsterdam-in-Motion.-Foto-Jitske-Nap-6.jpg?ssl=1\" data-amp-layout=\"responsive\"\/><\/figure><\/div><\/div><\/div><\/div><\/div>\n\n\n\n<p>Outre un spectacle audiovisuel grandiose sur une gigantesque maquette de 30 500 b\u00e2timents, Amsterdam in Motion propose \u00e9galement, \u00e0 l'\u00e9tage sup\u00e9rieur, une exposition interactive. Le spectacle et l'exposition partagent la m\u00eame mission : ils visent \u00e0 montrer la ville sous toutes ses facettes. Alors que la maquette visualise l'histoire et la dynamique actuelle dans un voyage dans le temps de 15 minutes, l'\u00e9tage sup\u00e9rieur se tourne vers l'avenir \u00e0 partir du pr\u00e9sent : comment les Amstellodamois, les entreprises et les gouvernements font des choix en mati\u00e8re de durabilit\u00e9, de logement, de diversit\u00e9 et de qualit\u00e9 de vie \u00e0 chaque fois. L'approche de cet \u00e9tage, une orientation interactive, invite les visiteurs \u00e0 d\u00e9couvrir leur propre r\u00f4le dans le d\u00e9veloppement de la ville.<\/p>\n\n\n\n<h2 class=\"wp-block-heading\"><strong>Amsterdam en mouvement : \u00e9ducation<\/strong><\/h2>\n\n\n\n<div class=\"wp-block-jetpack-tiled-gallery aligncenter is-style-rectangular\"><div class=\"\"><div class=\"tiled-gallery__gallery\"><div class=\"tiled-gallery__row\"><div class=\"tiled-gallery__col\" style=\"flex-basis:65.35645%\"><figure class=\"tiled-gallery__item\"><img decoding=\"async\" data-attachment-id=\"99140\" data-permalink=\"https:\/\/cultureelpersbureau.nl\/fr\/2025\/10\/burgemeester-femke-halsema-opent-amsterdam-in-motion\/amsterdam-in-motion-foto-amsterdam-in-motion-3\/\" data-orig-file=\"https:\/\/cultureelpersbureau.nl\/wp-content\/uploads\/2025\/10\/Amsterdam-in-Motion.-Foto-Amsterdam-in-Motion-3.jpg\" data-orig-size=\"339,227\" data-comments-opened=\"1\" data-image-meta=\"{&quot;aperture&quot;:&quot;0&quot;,&quot;credit&quot;:&quot;&quot;,&quot;camera&quot;:&quot;&quot;,&quot;caption&quot;:&quot;&quot;,&quot;created_timestamp&quot;:&quot;0&quot;,&quot;copyright&quot;:&quot;&quot;,&quot;focal_length&quot;:&quot;0&quot;,&quot;iso&quot;:&quot;0&quot;,&quot;shutter_speed&quot;:&quot;0&quot;,&quot;title&quot;:&quot;&quot;,&quot;orientation&quot;:&quot;0&quot;}\" data-image-title=\"Amsterdam in Motion. Foto Amsterdam in Motion (3)\" data-image-description=\"\" data-image-caption=\"\" data-large-file=\"https:\/\/cultureelpersbureau.nl\/wp-content\/uploads\/2025\/10\/Amsterdam-in-Motion.-Foto-Amsterdam-in-Motion-3.jpg\" role=\"button\" tabindex=\"0\" aria-label=\"Ouvrir l&#039;image 1 sur 3 en plein \u00e9cran\" srcset=\"https:\/\/i0.wp.com\/cultureelpersbureau.nl\/wp-content\/uploads\/2025\/10\/Amsterdam-in-Motion.-Foto-Amsterdam-in-Motion-3.jpg?strip=info&#038;w=339&#038;ssl=1 339w\" alt=\"\" data-height=\"227\" data-id=\"99140\" data-link=\"https:\/\/cultureelpersbureau.nl\/?attachment_id=99140\" data-url=\"https:\/\/cultureelpersbureau.nl\/wp-content\/uploads\/2025\/10\/Amsterdam-in-Motion.-Foto-Amsterdam-in-Motion-3.jpg\" data-width=\"339\" src=\"https:\/\/i0.wp.com\/cultureelpersbureau.nl\/wp-content\/uploads\/2025\/10\/Amsterdam-in-Motion.-Foto-Amsterdam-in-Motion-3.jpg?ssl=1\" data-amp-layout=\"responsive\"\/><\/figure><\/div><div class=\"tiled-gallery__col\" style=\"flex-basis:34.64355%\"><figure class=\"tiled-gallery__item\"><img decoding=\"async\" data-attachment-id=\"99139\" data-permalink=\"https:\/\/cultureelpersbureau.nl\/fr\/2025\/10\/burgemeester-femke-halsema-opent-amsterdam-in-motion\/amsterdam-in-motion-foto-amsterdam-in-motion-6\/\" data-orig-file=\"https:\/\/cultureelpersbureau.nl\/wp-content\/uploads\/2025\/10\/Amsterdam-in-Motion.-Foto-Amsterdam-in-Motion-6.jpg\" data-orig-size=\"381,227\" data-comments-opened=\"1\" data-image-meta=\"{&quot;aperture&quot;:&quot;0&quot;,&quot;credit&quot;:&quot;&quot;,&quot;camera&quot;:&quot;&quot;,&quot;caption&quot;:&quot;&quot;,&quot;created_timestamp&quot;:&quot;0&quot;,&quot;copyright&quot;:&quot;&quot;,&quot;focal_length&quot;:&quot;0&quot;,&quot;iso&quot;:&quot;0&quot;,&quot;shutter_speed&quot;:&quot;0&quot;,&quot;title&quot;:&quot;&quot;,&quot;orientation&quot;:&quot;0&quot;}\" data-image-title=\"Amsterdam in Motion. Foto Amsterdam in Motion (6)\" data-image-description=\"\" data-image-caption=\"\" data-large-file=\"https:\/\/cultureelpersbureau.nl\/wp-content\/uploads\/2025\/10\/Amsterdam-in-Motion.-Foto-Amsterdam-in-Motion-6.jpg\" role=\"button\" tabindex=\"0\" aria-label=\"Ouvrir l&#039;image 2 sur 3 en plein \u00e9cran\" srcset=\"https:\/\/i0.wp.com\/cultureelpersbureau.nl\/wp-content\/uploads\/2025\/10\/Amsterdam-in-Motion.-Foto-Amsterdam-in-Motion-6.jpg?strip=info&#038;w=381&#038;ssl=1 381w\" alt=\"\" data-height=\"227\" data-id=\"99139\" data-link=\"https:\/\/cultureelpersbureau.nl\/?attachment_id=99139\" data-url=\"https:\/\/cultureelpersbureau.nl\/wp-content\/uploads\/2025\/10\/Amsterdam-in-Motion.-Foto-Amsterdam-in-Motion-6.jpg\" data-width=\"381\" src=\"https:\/\/i0.wp.com\/cultureelpersbureau.nl\/wp-content\/uploads\/2025\/10\/Amsterdam-in-Motion.-Foto-Amsterdam-in-Motion-6.jpg?ssl=1\" data-amp-layout=\"responsive\"\/><\/figure><figure class=\"tiled-gallery__item\"><img decoding=\"async\" data-attachment-id=\"99141\" data-permalink=\"https:\/\/cultureelpersbureau.nl\/fr\/2025\/10\/burgemeester-femke-halsema-opent-amsterdam-in-motion\/amsterdam-in-motion-foto-amsterdam-in-motion\/\" data-orig-file=\"https:\/\/cultureelpersbureau.nl\/wp-content\/uploads\/2025\/10\/Amsterdam-in-Motion.-Foto-Amsterdam-in-Motion.jpg\" data-orig-size=\"344,227\" data-comments-opened=\"1\" data-image-meta=\"{&quot;aperture&quot;:&quot;0&quot;,&quot;credit&quot;:&quot;&quot;,&quot;camera&quot;:&quot;&quot;,&quot;caption&quot;:&quot;&quot;,&quot;created_timestamp&quot;:&quot;0&quot;,&quot;copyright&quot;:&quot;&quot;,&quot;focal_length&quot;:&quot;0&quot;,&quot;iso&quot;:&quot;0&quot;,&quot;shutter_speed&quot;:&quot;0&quot;,&quot;title&quot;:&quot;&quot;,&quot;orientation&quot;:&quot;0&quot;}\" data-image-title=\"Amsterdam in Motion. Foto Amsterdam in Motion\" data-image-description=\"\" data-image-caption=\"&lt;p&gt;Foto&amp;#8217;s: Jitske Nap&lt;\/p&gt;\" data-large-file=\"https:\/\/cultureelpersbureau.nl\/wp-content\/uploads\/2025\/10\/Amsterdam-in-Motion.-Foto-Amsterdam-in-Motion.jpg\" role=\"button\" tabindex=\"0\" aria-label=\"Ouvrir l&#039;image 3 sur 3 en plein \u00e9cran\" srcset=\"https:\/\/i0.wp.com\/cultureelpersbureau.nl\/wp-content\/uploads\/2025\/10\/Amsterdam-in-Motion.-Foto-Amsterdam-in-Motion.jpg?strip=info&#038;w=344&#038;ssl=1 344w\" alt=\"\" data-height=\"227\" data-id=\"99141\" data-link=\"https:\/\/cultureelpersbureau.nl\/?attachment_id=99141\" data-url=\"https:\/\/cultureelpersbureau.nl\/wp-content\/uploads\/2025\/10\/Amsterdam-in-Motion.-Foto-Amsterdam-in-Motion.jpg\" data-width=\"344\" src=\"https:\/\/i0.wp.com\/cultureelpersbureau.nl\/wp-content\/uploads\/2025\/10\/Amsterdam-in-Motion.-Foto-Amsterdam-in-Motion.jpg?ssl=1\" data-amp-layout=\"responsive\"\/><\/figure><\/div><\/div><\/div><\/div><\/div>\n\n\n\n<p>Amsterdam in Motion propose un programme \u00e9ducatif complet pour les classes et les \u00e9tudiants, avec des visites et des ateliers dans une salle d'\u00e9ducation sp\u00e9cialement \u00e9quip\u00e9e. L'objectif est d'amener les jeunes \u00e0 r\u00e9fl\u00e9chir \u00e0 l'histoire et \u00e0 leur r\u00f4le dans l'avenir de la ville, et de les associer activement \u00e0 des th\u00e8mes tels que la durabilit\u00e9, la migration et l'innovation.<\/p>\n\n\n\n<h2 class=\"wp-block-heading\"><strong>Amsterdam en mouvement : cr\u00e9ation<\/strong><\/h2>\n\n\n\n<div class=\"wp-block-jetpack-tiled-gallery aligncenter is-style-rectangular\"><div class=\"\"><div class=\"tiled-gallery__gallery\"><div class=\"tiled-gallery__row\"><div class=\"tiled-gallery__col\" style=\"flex-basis:67.45222%\"><figure class=\"tiled-gallery__item\"><img decoding=\"async\" data-attachment-id=\"99142\" data-permalink=\"https:\/\/cultureelpersbureau.nl\/fr\/2025\/10\/burgemeester-femke-halsema-opent-amsterdam-in-motion\/amsterdam-in-motion-foto-jitske-nap-4\/\" data-orig-file=\"https:\/\/cultureelpersbureau.nl\/wp-content\/uploads\/2025\/10\/Amsterdam-in-Motion.-Foto-Jitske-Nap-4.jpg\" data-orig-size=\"362,240\" data-comments-opened=\"1\" data-image-meta=\"{&quot;aperture&quot;:&quot;0&quot;,&quot;credit&quot;:&quot;&quot;,&quot;camera&quot;:&quot;&quot;,&quot;caption&quot;:&quot;&quot;,&quot;created_timestamp&quot;:&quot;0&quot;,&quot;copyright&quot;:&quot;&quot;,&quot;focal_length&quot;:&quot;0&quot;,&quot;iso&quot;:&quot;0&quot;,&quot;shutter_speed&quot;:&quot;0&quot;,&quot;title&quot;:&quot;&quot;,&quot;orientation&quot;:&quot;0&quot;}\" data-image-title=\"Amsterdam in Motion. Foto Jitske Nap (4)\" data-image-description=\"\" data-image-caption=\"\" data-large-file=\"https:\/\/cultureelpersbureau.nl\/wp-content\/uploads\/2025\/10\/Amsterdam-in-Motion.-Foto-Jitske-Nap-4.jpg\" role=\"button\" tabindex=\"0\" aria-label=\"Ouvrir l&#039;image 1 sur 3 en plein \u00e9cran\" srcset=\"https:\/\/i0.wp.com\/cultureelpersbureau.nl\/wp-content\/uploads\/2025\/10\/Amsterdam-in-Motion.-Foto-Jitske-Nap-4.jpg?strip=info&#038;w=362&#038;ssl=1 362w\" alt=\"\" data-height=\"240\" data-id=\"99142\" data-link=\"https:\/\/cultureelpersbureau.nl\/?attachment_id=99142\" data-url=\"https:\/\/cultureelpersbureau.nl\/wp-content\/uploads\/2025\/10\/Amsterdam-in-Motion.-Foto-Jitske-Nap-4.jpg\" data-width=\"362\" src=\"https:\/\/i0.wp.com\/cultureelpersbureau.nl\/wp-content\/uploads\/2025\/10\/Amsterdam-in-Motion.-Foto-Jitske-Nap-4.jpg?ssl=1\" data-amp-layout=\"responsive\"\/><\/figure><\/div><div class=\"tiled-gallery__col\" style=\"flex-basis:32.54778%\"><figure class=\"tiled-gallery__item\"><img decoding=\"async\" data-attachment-id=\"99144\" data-permalink=\"https:\/\/cultureelpersbureau.nl\/fr\/2025\/10\/burgemeester-femke-halsema-opent-amsterdam-in-motion\/amsterdam-in-motion-foto-jitske-nap-1\/\" data-orig-file=\"https:\/\/cultureelpersbureau.nl\/wp-content\/uploads\/2025\/10\/Amsterdam-in-Motion.-Foto-Jitske-Nap-1.jpg\" data-orig-size=\"362,240\" data-comments-opened=\"1\" data-image-meta=\"{&quot;aperture&quot;:&quot;0&quot;,&quot;credit&quot;:&quot;&quot;,&quot;camera&quot;:&quot;&quot;,&quot;caption&quot;:&quot;&quot;,&quot;created_timestamp&quot;:&quot;0&quot;,&quot;copyright&quot;:&quot;&quot;,&quot;focal_length&quot;:&quot;0&quot;,&quot;iso&quot;:&quot;0&quot;,&quot;shutter_speed&quot;:&quot;0&quot;,&quot;title&quot;:&quot;&quot;,&quot;orientation&quot;:&quot;0&quot;}\" data-image-title=\"Amsterdam in Motion. Foto Jitske Nap (1)\" data-image-description=\"\" data-image-caption=\"\" data-large-file=\"https:\/\/cultureelpersbureau.nl\/wp-content\/uploads\/2025\/10\/Amsterdam-in-Motion.-Foto-Jitske-Nap-1.jpg\" role=\"button\" tabindex=\"0\" aria-label=\"Ouvrir l&#039;image 2 sur 3 en plein \u00e9cran\" srcset=\"https:\/\/i0.wp.com\/cultureelpersbureau.nl\/wp-content\/uploads\/2025\/10\/Amsterdam-in-Motion.-Foto-Jitske-Nap-1.jpg?strip=info&#038;w=362&#038;ssl=1 362w\" alt=\"\" data-height=\"240\" data-id=\"99144\" data-link=\"https:\/\/cultureelpersbureau.nl\/?attachment_id=99144\" data-url=\"https:\/\/cultureelpersbureau.nl\/wp-content\/uploads\/2025\/10\/Amsterdam-in-Motion.-Foto-Jitske-Nap-1.jpg\" data-width=\"362\" src=\"https:\/\/i0.wp.com\/cultureelpersbureau.nl\/wp-content\/uploads\/2025\/10\/Amsterdam-in-Motion.-Foto-Jitske-Nap-1.jpg?ssl=1\" data-amp-layout=\"responsive\"\/><\/figure><figure class=\"tiled-gallery__item\"><img decoding=\"async\" data-attachment-id=\"99143\" data-permalink=\"https:\/\/cultureelpersbureau.nl\/fr\/2025\/10\/burgemeester-femke-halsema-opent-amsterdam-in-motion\/amsterdam-in-motion-foto-amsterdam-in-motion-4\/\" data-orig-file=\"https:\/\/cultureelpersbureau.nl\/wp-content\/uploads\/2025\/10\/Amsterdam-in-Motion.-Foto-Amsterdam-in-Motion-4.jpg\" data-orig-size=\"341,240\" data-comments-opened=\"1\" data-image-meta=\"{&quot;aperture&quot;:&quot;0&quot;,&quot;credit&quot;:&quot;&quot;,&quot;camera&quot;:&quot;&quot;,&quot;caption&quot;:&quot;&quot;,&quot;created_timestamp&quot;:&quot;0&quot;,&quot;copyright&quot;:&quot;&quot;,&quot;focal_length&quot;:&quot;0&quot;,&quot;iso&quot;:&quot;0&quot;,&quot;shutter_speed&quot;:&quot;0&quot;,&quot;title&quot;:&quot;&quot;,&quot;orientation&quot;:&quot;0&quot;}\" data-image-title=\"Amsterdam in Motion. Foto Amsterdam in Motion (4)\" data-image-description=\"\" data-image-caption=\"&lt;p&gt;Foto&amp;#8217;s: Jitske Nap&lt;\/p&gt;\" data-large-file=\"https:\/\/cultureelpersbureau.nl\/wp-content\/uploads\/2025\/10\/Amsterdam-in-Motion.-Foto-Amsterdam-in-Motion-4.jpg\" role=\"button\" tabindex=\"0\" aria-label=\"Ouvrir l&#039;image 3 sur 3 en plein \u00e9cran\" srcset=\"https:\/\/i0.wp.com\/cultureelpersbureau.nl\/wp-content\/uploads\/2025\/10\/Amsterdam-in-Motion.-Foto-Amsterdam-in-Motion-4.jpg?strip=info&#038;w=341&#038;ssl=1 341w\" alt=\"\" data-height=\"240\" data-id=\"99143\" data-link=\"https:\/\/cultureelpersbureau.nl\/?attachment_id=99143\" data-url=\"https:\/\/cultureelpersbureau.nl\/wp-content\/uploads\/2025\/10\/Amsterdam-in-Motion.-Foto-Amsterdam-in-Motion-4.jpg\" data-width=\"341\" src=\"https:\/\/i0.wp.com\/cultureelpersbureau.nl\/wp-content\/uploads\/2025\/10\/Amsterdam-in-Motion.-Foto-Amsterdam-in-Motion-4.jpg?ssl=1\" data-amp-layout=\"responsive\"\/><\/figure><\/div><\/div><\/div><\/div><\/div>\n\n\n\n<p><em>\"Amsterdam in Motion est une histoire sur Amsterdam ET les Amstellodamois, sur une ville qui n'est jamais finie, racont\u00e9e et d\u00e9velopp\u00e9e de mani\u00e8re innovante par une merveilleuse \u00e9quipe de cr\u00e9atifs. Le concept num\u00e9rique et la conception des projections d'Amsterdam in Motion ont \u00e9t\u00e9 d\u00e9velopp\u00e9s par l'agence de cr\u00e9ation num\u00e9rique Monks. Fiction Factory et Phanta Vision ont construit la maquette multim\u00e9dia. La r\u00e9alisation technique et la production audiovisuelle de la pr\u00e9sentation \u00e0 l'\u00e9tage ont \u00e9t\u00e9 assur\u00e9es par l'agence de conception, de conseil et de design pour le secteur culturel, XPEX\".<\/em>explique Judikje Kiers, directrice du mus\u00e9e d'Amsterdam. En collaboration avec ses partenaires, le mus\u00e9e d'Amsterdam a \u00e9labor\u00e9 le contenu de l'exposition de maquettes et de l'exposition interactive. Amsterdam in Motion est conforme au r\u00f4le du mus\u00e9e en tant que mus\u00e9e de la ville : raconter des histoires sur le pass\u00e9, le pr\u00e9sent et l'avenir d'Amsterdam. D\u00e8s l'ouverture, le mus\u00e9e g\u00e9rera \u00e9galement l'exposition.<\/p>\n\n\n\n<p>Amsterdam in Motion a \u00e9t\u00e9 rendu possible par une large coalition de partenaires, dont Westergas Vastgoed C.V., Familie Stutterheim, Hartwig Foundation, JCDecaux, Rabobank Amsterdam, Port of Amsterdam et Phanta Vision. Et XPEX, ORAM, Amports, BPD Cultuurfonds, Fiction Factory, Dell, Scenexus, Capgemini, AMFI, Amsterdam Institute for Advanced Metropolitan Solutions, Hogeschool van Amsterdam, NWO, Maeson, Epson, MassiveMusic, Gemeente Amsterdam, Stichting Zabawas, Amsterdam 750, IJsfontein, Shosho, Total Design, Triply, Universiteit van Amsterdam, Arcam, NEMO et bien d'autres encore. Ensemble, ils ont facilit\u00e9 la cr\u00e9ation d'un projet permanent et accessible qui refl\u00e8te la fiert\u00e9, la cr\u00e9ativit\u00e9 et le pouvoir de changement de la ville.<\/p>\n\n\n\n<h2 class=\"wp-block-heading\"><strong>Entr\u00e9e gratuite pour les jeunes<\/strong><\/h2>\n\n\n\n<p>JCDecaux, partenaire fondateur du projet, offre \u00e0 tous les moins de 18 ans un acc\u00e8s gratuit \u00e0 Amsterdam in Motion. Hannelore Majoor, directrice g\u00e9n\u00e9rale de JCDecaux, a d\u00e9clar\u00e9 : \"...<em>JCDecaux souhaite offrir \u00e0 la ville un cadeau durable et pertinent sur le plan social \u00e0 l'occasion de son 750e anniversaire. Avec Amsterdam in Motion, nous voulons rendre hommage \u00e0 Amsterdam, la ville avec laquelle nous sommes si \u00e9troitement associ\u00e9s depuis 40 ans. Et apr\u00e8s tout, les jeunes ont l'avenir entre leurs mains, y compris celui de cette ville, c'est pourquoi nous offrons l'entr\u00e9e gratuite \u00e0 tous les visiteurs de moins de 18 ans.<\/em><\/p>\n\n\n\n<div class=\"su-note\"  style=\"border-color:#e5e54c;border-radius:3px;-moz-border-radius:3px;-webkit-border-radius:3px;\"><div class=\"su-note-inner su-u-clearfix su-u-trim\" style=\"background-color:#FFFF66;border-color:#ffffff;color:#333333;border-radius:3px;-moz-border-radius:3px;-webkit-border-radius:3px;\"><a href=\"https:\/\/www.amsterdaminmotion.nl\/en\/\" target=\"_blank\" rel=\"noreferrer noopener\"><strong>Amsterdam en mouvement<\/strong><\/a><br \/>Hall d'\u00e9puration East Westergas<br \/>Rue Pazzani 19-23<br \/>1014 DB Amsterdam<br \/>\u00a0<br \/><strong>Billets :<\/strong> Adultes 18,-<br \/>Jeunes de moins de 18 ans : entr\u00e9e gratuite<br \/>Carte de mus\u00e9e, Amsterdam City Card, VriendenLoterij VIP-KAART et Stadspas : entr\u00e9e gratuite<br \/><strong>Heures d'ouverture<\/strong>Horaires de travail : du dimanche au mercredi : 10h00 - 18h00<br \/>Du jeudi au samedi : 10:00 - 21:00<br \/>\u00a0<br \/><a href=\"https:\/\/www.amsterdaminmotion.nl\/en\/\" target=\"_blank\" rel=\"noreferrer noopener\">Amsterdaminmotion.nl<\/a><\/div><\/div>\u00a0<\/p>","protected":false},"excerpt":{"rendered":"<p>In Zuiveringshal Oost op het Westergas-terrein vindt op maandag 27 oktober 2025 de opening plaats van Amsterdam in Motion: het multimediale verhaal van Amsterdam in een thematische show over verleden, heden en toekomst. Dit culturele project, een samenwerking tussen initiatiefnemer Duncan Stutterheim (Westergas) en het Amsterdam Museum, is mogelijk gemaakt door een brede coalitie van [&hellip;]<\/p>\n","protected":false},"author":13,"featured_media":99145,"comment_status":"open","ping_status":"closed","sticky":false,"template":"","format":"standard","meta":{"_eb_attr":"","_themeisle_gutenberg_block_has_review":false,"_jetpack_memberships_contains_paid_content":false,"activitypub_content_warning":"","activitypub_content_visibility":"","activitypub_max_image_attachments":3,"activitypub_interaction_policy_quote":"anyone","activitypub_status":"federated","footnotes":"","jetpack_publicize_message":"","jetpack_publicize_feature_enabled":true,"jetpack_social_post_already_shared":false,"jetpack_social_options":{"image_generator_settings":{"template":"highway","default_image_id":0,"font":"","enabled":false},"version":2}},"categories":[10340,11917],"tags":[13413],"class_list":["post-99135","post","type-post","status-publish","format-standard","has-post-thumbnail","hentry","category-erfgoed","category-persberichten","tag-amsterdam-museum"],"views":440,"jetpack_publicize_connections":[],"jetpack_featured_media_url":"https:\/\/cultureelpersbureau.nl\/wp-content\/uploads\/2025\/10\/Amsterdam-in-Motion.-Foto-Amsterdam-in-Motion-4-1.jpg","jetpack-related-posts":[{"id":97529,"url":"https:\/\/cultureelpersbureau.nl\/fr\/2025\/06\/amsterdam-krijgt-spectaculaire-maquetteshow-van-ontwikkelingen-stad\/","url_meta":{"origin":99135,"position":0},"title":"Amsterdam se dote d'une maquette spectaculaire pour pr\u00e9senter les d\u00e9veloppements de la ville","author":"een van onze leden","date":"11 juin 2025","format":false,"excerpt":"\u00c0 l'occasion de son 750e anniversaire, Amsterdam re\u00e7oit un cadeau durable. Pour tous les habitants et visiteurs de la ville. Dans le village culturel Westergas, Amsterdam in Motion ouvrira ses portes en octobre 2025 : une exp\u00e9rience spectaculaire sur le d\u00e9veloppement d'Amsterdam. Amsterdam in Motion est une initiative de Duncan Stutterheim en coop\u00e9ration avec...","rel":"","context":"Dans &quot;Architectuur&quot;","block_context":{"text":"Architectuur","link":"https:\/\/cultureelpersbureau.nl\/fr\/genre\/beeldende-kunst-2\/architectuur\/"},"img":{"alt_text":"","src":"https:\/\/i0.wp.com\/cultureelpersbureau.nl\/wp-content\/uploads\/2025\/06\/Artist-Impression-van-de-driedimensionale-maquette-Monks-3-scaled.jpg?resize=350%2C200&ssl=1","width":350,"height":200,"srcset":"https:\/\/i0.wp.com\/cultureelpersbureau.nl\/wp-content\/uploads\/2025\/06\/Artist-Impression-van-de-driedimensionale-maquette-Monks-3-scaled.jpg?resize=350%2C200&ssl=1 1x, https:\/\/i0.wp.com\/cultureelpersbureau.nl\/wp-content\/uploads\/2025\/06\/Artist-Impression-van-de-driedimensionale-maquette-Monks-3-scaled.jpg?resize=525%2C300&ssl=1 1.5x, https:\/\/i0.wp.com\/cultureelpersbureau.nl\/wp-content\/uploads\/2025\/06\/Artist-Impression-van-de-driedimensionale-maquette-Monks-3-scaled.jpg?resize=700%2C400&ssl=1 2x, https:\/\/i0.wp.com\/cultureelpersbureau.nl\/wp-content\/uploads\/2025\/06\/Artist-Impression-van-de-driedimensionale-maquette-Monks-3-scaled.jpg?resize=1050%2C600&ssl=1 3x, https:\/\/i0.wp.com\/cultureelpersbureau.nl\/wp-content\/uploads\/2025\/06\/Artist-Impression-van-de-driedimensionale-maquette-Monks-3-scaled.jpg?resize=1400%2C800&ssl=1 4x"},"classes":[]},{"id":98647,"url":"https:\/\/cultureelpersbureau.nl\/fr\/2025\/09\/amsterdam-in-motions-werelds-grootste-multimediale-maquette-van-een-stad-opent-op-750ste-verjaardagvan-amsterdam\/","url_meta":{"origin":99135,"position":1},"title":"Amsterdam in Motion : la plus grande maquette multim\u00e9dia de ville au monde ouvre ses portes \u00e0 l'occasion du 750e anniversaire d'Amsterdam","author":"een van onze leden","date":"23 septembre 2025","format":false,"excerpt":"Un voyage dans le temps fascinant de l'Amsterdam de 1275 \u00e0 la m\u00e9tropole de demain Le 27 octobre 2025, \u00e0 l'occasion du 750e anniversaire d'Amsterdam, Amsterdam in Motion ouvrira ses portes au Zuiveringshal Oost de Westergas. Eye-catcher est la plus grande maquette multim\u00e9dia de ville au monde. Gr\u00e2ce \u00e0 des projections immersives, les visiteurs d\u00e9couvrent l'\u00e9volution d'Amsterdam : du village \u00e0 la ville, en passant par la ville.","rel":"","context":"Dans &quot;BEELDEND&quot;","block_context":{"text":"BEELDEND","link":"https:\/\/cultureelpersbureau.nl\/fr\/genre\/beeldende-kunst-2\/"},"img":{"alt_text":"","src":"https:\/\/i0.wp.com\/cultureelpersbureau.nl\/wp-content\/uploads\/2025\/09\/Zuiveringshal-Oost-in-Cultuurdorp-Westergas-in-Amsterdam.-Foto-Cultuurdorp-Westergas.jpg?resize=350%2C200&ssl=1","width":350,"height":200},"classes":[]},{"id":88890,"url":"https:\/\/cultureelpersbureau.nl\/fr\/2022\/11\/amsterdam-museum-verwerft-kunstwerk-aukje-dekker-over-eerste-vrouwelijke-burgemeester\/","url_meta":{"origin":99135,"position":2},"title":"Le mus\u00e9e d'Amsterdam acquiert l'\u0153uvre d'art Aukje Dekker sur la premi\u00e8re femme maire","author":"een van onze leden","date":"30 novembre 2022","format":false,"excerpt":"Le mus\u00e9e d'Amsterdam a acquis l'\u0153uvre Woman on top (2022) de l'artiste Aukje Dekker. L'\u0153uvre, que Dekker utilise pour souligner le fait que Femke Halsema est la premi\u00e8re femme maire d'Amsterdam, a \u00e9t\u00e9 officiellement d\u00e9voil\u00e9e mardi dans le bureau de la maire Halsema \u00e0 l'h\u00f4tel de ville. L'\u0153uvre Woman on top...","rel":"","context":"Dans &quot;ACTUEEL&quot;","block_context":{"text":"ACTUEEL","link":"https:\/\/cultureelpersbureau.nl\/fr\/genre\/nieuws\/"},"img":{"alt_text":"","src":"https:\/\/i0.wp.com\/cultureelpersbureau.nl\/wp-content\/uploads\/2022\/11\/Woman-on-top-Aukje-Dekker.-Collectie-Amsterdam-Museum-Foto-Francoise-Bolechowski.-scaled.jpg?resize=350%2C200&ssl=1","width":350,"height":200,"srcset":"https:\/\/i0.wp.com\/cultureelpersbureau.nl\/wp-content\/uploads\/2022\/11\/Woman-on-top-Aukje-Dekker.-Collectie-Amsterdam-Museum-Foto-Francoise-Bolechowski.-scaled.jpg?resize=350%2C200&ssl=1 1x, https:\/\/i0.wp.com\/cultureelpersbureau.nl\/wp-content\/uploads\/2022\/11\/Woman-on-top-Aukje-Dekker.-Collectie-Amsterdam-Museum-Foto-Francoise-Bolechowski.-scaled.jpg?resize=525%2C300&ssl=1 1.5x, https:\/\/i0.wp.com\/cultureelpersbureau.nl\/wp-content\/uploads\/2022\/11\/Woman-on-top-Aukje-Dekker.-Collectie-Amsterdam-Museum-Foto-Francoise-Bolechowski.-scaled.jpg?resize=700%2C400&ssl=1 2x, https:\/\/i0.wp.com\/cultureelpersbureau.nl\/wp-content\/uploads\/2022\/11\/Woman-on-top-Aukje-Dekker.-Collectie-Amsterdam-Museum-Foto-Francoise-Bolechowski.-scaled.jpg?resize=1050%2C600&ssl=1 3x, https:\/\/i0.wp.com\/cultureelpersbureau.nl\/wp-content\/uploads\/2022\/11\/Woman-on-top-Aukje-Dekker.-Collectie-Amsterdam-Museum-Foto-Francoise-Bolechowski.-scaled.jpg?resize=1400%2C800&ssl=1 4x"},"classes":[]},{"id":99426,"url":"https:\/\/cultureelpersbureau.nl\/fr\/2025\/10\/laatste-kans-om-refresh-amsterdam-3-te-zien\/","url_meta":{"origin":99135,"position":3},"title":"Derni\u00e8re chance de voir Refresh Amsterdam #3","author":"een van onze leden","date":"31 octobre 2025","format":false,"excerpt":"Derni\u00e8re exposition du mus\u00e9e d'Amsterdam au mus\u00e9e H'ART L'exposition tr\u00e8s m\u00e9diatis\u00e9e Refresh Amsterdam #3 : Imagine the Future entre dans ses derni\u00e8res semaines. Jusqu'au 30 novembre, elle montre comment les artistes contemporains et le grand public envisagent l'avenir. Il s'agit \u00e9galement de la derni\u00e8re exposition du mus\u00e9e d'Amsterdam...","rel":"","context":"Dans &quot;ACTUEEL&quot;","block_context":{"text":"ACTUEEL","link":"https:\/\/cultureelpersbureau.nl\/fr\/genre\/nieuws\/"},"img":{"alt_text":"","src":"https:\/\/i0.wp.com\/cultureelpersbureau.nl\/wp-content\/uploads\/2025\/10\/001.AMSTERDAM-MUSEUM-REFRESH-2025-PH.GJ_.vanROOIJ.jpg?resize=350%2C200&ssl=1","width":350,"height":200,"srcset":"https:\/\/i0.wp.com\/cultureelpersbureau.nl\/wp-content\/uploads\/2025\/10\/001.AMSTERDAM-MUSEUM-REFRESH-2025-PH.GJ_.vanROOIJ.jpg?resize=350%2C200&ssl=1 1x, https:\/\/i0.wp.com\/cultureelpersbureau.nl\/wp-content\/uploads\/2025\/10\/001.AMSTERDAM-MUSEUM-REFRESH-2025-PH.GJ_.vanROOIJ.jpg?resize=525%2C300&ssl=1 1.5x"},"classes":[]},{"id":69803,"url":"https:\/\/cultureelpersbureau.nl\/fr\/2021\/05\/1-jaar-corona-in-de-stad-buitenexpositie-en-online-estafette-uitzending\/","url_meta":{"origin":99135,"position":4},"title":"1 an de Corona in the City - Exposition ext\u00e9rieure et diffusion relais en ligne","author":"een van onze leden","date":"10 mai 2021","format":false,"excerpt":"Le samedi 15 mai 2021, cela fera exactement un an que la maire Femke Halsema a inaugur\u00e9 l'exposition num\u00e9rique du mus\u00e9e d'Amsterdam intitul\u00e9e Corona in de Stad. Une exposition num\u00e9rique sur les effets du virus Corona sur la ville d'Amsterdam et ses habitants. Pour comm\u00e9morer ce premier anniversaire...","rel":"","context":"Dans &quot;ACTUEEL&quot;","block_context":{"text":"ACTUEEL","link":"https:\/\/cultureelpersbureau.nl\/fr\/genre\/nieuws\/"},"img":{"alt_text":"","src":"https:\/\/i0.wp.com\/cultureelpersbureau.nl\/wp-content\/uploads\/2021\/05\/AM-Studio-5-Foto-Amsterdam-Museum.jpg?resize=350%2C200&ssl=1","width":350,"height":200,"srcset":"https:\/\/i0.wp.com\/cultureelpersbureau.nl\/wp-content\/uploads\/2021\/05\/AM-Studio-5-Foto-Amsterdam-Museum.jpg?resize=350%2C200&ssl=1 1x, https:\/\/i0.wp.com\/cultureelpersbureau.nl\/wp-content\/uploads\/2021\/05\/AM-Studio-5-Foto-Amsterdam-Museum.jpg?resize=525%2C300&ssl=1 1.5x, https:\/\/i0.wp.com\/cultureelpersbureau.nl\/wp-content\/uploads\/2021\/05\/AM-Studio-5-Foto-Amsterdam-Museum.jpg?resize=700%2C400&ssl=1 2x, https:\/\/i0.wp.com\/cultureelpersbureau.nl\/wp-content\/uploads\/2021\/05\/AM-Studio-5-Foto-Amsterdam-Museum.jpg?resize=1050%2C600&ssl=1 3x, https:\/\/i0.wp.com\/cultureelpersbureau.nl\/wp-content\/uploads\/2021\/05\/AM-Studio-5-Foto-Amsterdam-Museum.jpg?resize=1400%2C800&ssl=1 4x"},"classes":[]},{"id":98316,"url":"https:\/\/cultureelpersbureau.nl\/fr\/2025\/08\/we-hebben-die-vervelende-vragen-van-griet-op-de-beeck-aan-femke-halsema-even-gemist-tijdens-zomergasten\/","url_meta":{"origin":99135,"position":5},"title":"Nous avons bri\u00e8vement manqu\u00e9 ces questions aga\u00e7antes de Griet op de Beeck \u00e0 Femke Halsema pendant Zomergasten.","author":"Wijbrand Schaap","date":"25 ao\u00fbt 2025","format":false,"excerpt":"\"Nous n'aurions vraiment pas d\u00fb vous demander cela\". Lorsque vous recevez ce commentaire du jury lors de votre audition \u00e0 l'\u00e9cole d'art dramatique, c'est que vous avez fait quelque chose d'horriblement embarrassant. Femke Halsema avait pr\u00e9par\u00e9 un monologue tir\u00e9 du roman \"Un homme\" d'Oriana Fallaci sur son amant, le...","rel":"","context":"Dans &quot;MEDIA&quot;","block_context":{"text":"MEDIA","link":"https:\/\/cultureelpersbureau.nl\/fr\/genre\/media\/"},"img":{"alt_text":"","src":"https:\/\/i0.wp.com\/cultureelpersbureau.nl\/wp-content\/uploads\/2025\/08\/Schermafdruk-van-2025-08-25-11-41-58.png?resize=350%2C200&ssl=1","width":350,"height":200,"srcset":"https:\/\/i0.wp.com\/cultureelpersbureau.nl\/wp-content\/uploads\/2025\/08\/Schermafdruk-van-2025-08-25-11-41-58.png?resize=350%2C200&ssl=1 1x, https:\/\/i0.wp.com\/cultureelpersbureau.nl\/wp-content\/uploads\/2025\/08\/Schermafdruk-van-2025-08-25-11-41-58.png?resize=525%2C300&ssl=1 1.5x, https:\/\/i0.wp.com\/cultureelpersbureau.nl\/wp-content\/uploads\/2025\/08\/Schermafdruk-van-2025-08-25-11-41-58.png?resize=700%2C400&ssl=1 2x, https:\/\/i0.wp.com\/cultureelpersbureau.nl\/wp-content\/uploads\/2025\/08\/Schermafdruk-van-2025-08-25-11-41-58.png?resize=1050%2C600&ssl=1 3x, https:\/\/i0.wp.com\/cultureelpersbureau.nl\/wp-content\/uploads\/2025\/08\/Schermafdruk-van-2025-08-25-11-41-58.png?resize=1400%2C800&ssl=1 4x"},"classes":[]}],"jetpack_shortlink":"https:\/\/wp.me\/p3yKke-pMX","jetpack_sharing_enabled":true,"_links":{"self":[{"href":"https:\/\/cultureelpersbureau.nl\/fr\/wp-json\/wp\/v2\/posts\/99135","targetHints":{"allow":["GET"]}}],"collection":[{"href":"https:\/\/cultureelpersbureau.nl\/fr\/wp-json\/wp\/v2\/posts"}],"about":[{"href":"https:\/\/cultureelpersbureau.nl\/fr\/wp-json\/wp\/v2\/types\/post"}],"author":[{"embeddable":true,"href":"https:\/\/cultureelpersbureau.nl\/fr\/wp-json\/wp\/v2\/users\/13"}],"replies":[{"embeddable":true,"href":"https:\/\/cultureelpersbureau.nl\/fr\/wp-json\/wp\/v2\/comments?post=99135"}],"version-history":[{"count":1,"href":"https:\/\/cultureelpersbureau.nl\/fr\/wp-json\/wp\/v2\/posts\/99135\/revisions"}],"predecessor-version":[{"id":99146,"href":"https:\/\/cultureelpersbureau.nl\/fr\/wp-json\/wp\/v2\/posts\/99135\/revisions\/99146"}],"wp:featuredmedia":[{"embeddable":true,"href":"https:\/\/cultureelpersbureau.nl\/fr\/wp-json\/wp\/v2\/media\/99145"}],"wp:attachment":[{"href":"https:\/\/cultureelpersbureau.nl\/fr\/wp-json\/wp\/v2\/media?parent=99135"}],"wp:term":[{"taxonomy":"category","embeddable":true,"href":"https:\/\/cultureelpersbureau.nl\/fr\/wp-json\/wp\/v2\/categories?post=99135"},{"taxonomy":"post_tag","embeddable":true,"href":"https:\/\/cultureelpersbureau.nl\/fr\/wp-json\/wp\/v2\/tags?post=99135"}],"curies":[{"name":"wp","href":"https:\/\/api.w.org\/{rel}","templated":true}]}}