{"id":99882,"date":"2025-12-16T16:42:07","date_gmt":"2025-12-16T15:42:07","guid":{"rendered":"https:\/\/cultureelpersbureau.nl\/?p=99882"},"modified":"2025-12-16T16:53:08","modified_gmt":"2025-12-16T15:53:08","slug":"openhartige-gesprekken-in-podcast-de-kunst-van-het-leiden-over-persoonlijke-crisis-en-invloed-op-leiderschap","status":"publish","type":"post","link":"https:\/\/cultureelpersbureau.nl\/fr\/2025\/12\/openhartige-gesprekken-in-podcast-de-kunst-van-het-leiden-over-persoonlijke-crisis-en-invloed-op-leiderschap\/","title":{"rendered":"CONVERSATIONS FRANCHES DANS LE PODCAST \u00ab L'ART DE DIRIGER \u00bb SUR LES CRISES PERSONNELLES ET LEUR INFLUENCE SUR LE LEADERSHIP"},"content":{"rendered":"<p class=\"wp-block-paragraph\">En mars 2025, le podcast <a href=\"https:\/\/cultuurontwerp.nl\/podcast\/\" title=\"\">L'art de diriger<\/a> En direct. Dans ce podcast, Anne-Marie Kremer (CultuurOntwerp) s'entretient en toute franchise avec des personnalit\u00e9s telles qu'Anne Breure (directrice artistique du Theater Utrecht), l'\u00e9crivain Lot Vekemans, Gabbi Mesters (directrice du Fonds pour la participation culturelle), Marc Vlemmix (Marc Vlemmix Dance) et In\u00e8z Derksen, directrice artistique de la troupe de th\u00e9\u00e2tre pour jeunes Het Laagland.<\/p>\n\n\n\n<h2 class=\"wp-block-heading\"><strong>Les leaders culturels en dialogue<\/strong><\/h2>\n\n\n\n<p class=\"wp-block-paragraph\">Avec ces leaders culturels innovants et d'autres, Anne-Marie examine les crises qu'ils ont travers\u00e9es dans leur vie professionnelle et priv\u00e9e. Quel impact ces \u00e9v\u00e9nements majeurs ont-ils eu sur eux personnellement ? Comment cela a-t-il influenc\u00e9 leur leadership ? Et qu'en ont-ils fait, au sens propre comme au figur\u00e9 ?<\/p>\n\n\n\n<h2 class=\"wp-block-heading\"><strong>Avant &amp; Apr\u00e8s<\/strong><\/h2>\n\n\n\n<p class=\"wp-block-paragraph\">Les entretiens offrent un aper\u00e7u int\u00e9ressant du travail et du leadership dans le secteur culturel et de la mani\u00e8re dont sont g\u00e9r\u00e9s les \u00e9v\u00e9nements marquants tels que la maladie, la faillite, la mort, les crises d'identit\u00e9 et le burn-out. Ils se sont av\u00e9r\u00e9s \u00eatre un tournant dans la vie et ont cr\u00e9\u00e9 un \u2018 avant et apr\u00e8s \u2019.<\/p>\n\n\n\n<p class=\"wp-block-paragraph\">Ainsi, <a href=\"https:\/\/cultuurontwerp.nl\/podcast?ppplayer=5a505f6871aeeae8663a0da96a0382d8&amp;ppepisode=c7a2bb7778720ba3968c134fd62a6740\" title=\"\">Marc Vlemmix<\/a> une nouvelle destination en dansant, apr\u00e8s avoir appris \u00e0 37 ans qu'il \u00e9tait atteint de la maladie de Parkinson. Pour <a href=\"https:\/\/cultuurontwerp.nl\/podcast?ppplayer=5a505f6871aeeae8663a0da96a0382d8&amp;ppepisode=68430c2befb10a845d43d461a5c043bc\" title=\"\">Anne Breure<\/a> Les l\u00e9sions c\u00e9r\u00e9brales subies apr\u00e8s un accident et un enfant confront\u00e9 \u00e0 des probl\u00e8mes de sant\u00e9 ont rendu son leadership plus doux et plus empathique. La transition de son fils a conduit \u00e0 <a href=\"https:\/\/cultuurontwerp.nl\/podcast?ppplayer=5a505f6871aeeae8663a0da96a0382d8&amp;ppepisode=ac14b89a4f4b82c9aa51f9c7b8f48541\" title=\"\">In\u00e8z Derksen <\/a>\u00e0 une nouvelle repr\u00e9sentation, mais aussi \u00e0 un d\u00e9veloppement personnel profond.<\/p>\n\n\n\n<h2 class=\"wp-block-heading\"><strong>Faire face \u00e0 l'adversit\u00e9, r\u00e9silience et leadership<\/strong><\/h2>\n\n\n\n<p class=\"wp-block-paragraph\">Dans d'autres \u00e9pisodes du podcast, Anne-Marie Kremer revient sur les conversations. Elle sait traduire les enseignements tir\u00e9s de la gestion des revers, de la r\u00e9silience et du leadership dans la vie et le travail de l'auditeur, en s'appuyant sur ses propres exp\u00e9riences avant et apr\u00e8s.<\/p>\n\n\n\n<p class=\"wp-block-paragraph\">En 2021, Kremer a \u00e9t\u00e9 trait\u00e9e avec succ\u00e8s pour un cancer du col de l'ut\u00e9rus, mais elle a d\u00fb faire face \u00e0 une longue convalescence et \u00e0 des s\u00e9quelles physiques permanentes. Cela l'a \u00e9galement pouss\u00e9e \u00e0 se r\u00e9inventer, devenant ainsi un exemple inspirant de ce qu'une crise peut apporter et de la mani\u00e8re dont on peut la g\u00e9rer.<\/p>\n\n\n\n<h2 class=\"wp-block-heading\"><strong>2500 t\u00e9l\u00e9chargements en 2025<\/strong><\/h2>\n\n\n\n<p class=\"wp-block-paragraph\">Le <a href=\"https:\/\/cultuurontwerp.nl\/podcast\/\" title=\"\">podcast<\/a> est disponible sur Apple podcast, Spotify et le site web de CultuurOntwerp. Fin novembre, la campagne \u2018 Participez : 2 500 t\u00e9l\u00e9chargements fin 2025 \u2019 a \u00e9t\u00e9 lanc\u00e9e. La campagne est toujours en cours : au 16 d\u00e9cembre, le compteur affiche 2 398 t\u00e9l\u00e9chargements (par 825 auditeurs).<\/p>","protected":false},"excerpt":{"rendered":"<p>Dans le podcast \u00ab L'art du leadership \u00bb d'Anne-Marie Kremer (CultuurOntwerp), des leaders culturels tels qu'Anne Breure, Gabbi Mesters, In\u00e8z Derksen, Marc Vlemmix et Lot Vekemans parlent ouvertement des crises qu'ils ont v\u00e9cues, de ce que cela leur a fait personnellement et de l'influence sur leur leadership. Les conversations\u2026  <\/p>\n<p>Ces entretiens offrent un aper\u00e7u int\u00e9ressant du travail et du management dans le secteur culturel, ainsi que de la mani\u00e8re de faire face \u00e0 des \u00e9v\u00e9nements marquants tels que la maladie, la faillite, le d\u00e9c\u00e8s, les crises d'identit\u00e9 et le burn-out. Dans de courts \u00e9pisodes intercal\u00e9s, Anne-Marie Kremer parvient \u00e0 transposer de mani\u00e8re inspirante des r\u00e9flexions sur la r\u00e9silience et le leadership dans la vie et le travail de l'auditeur.<\/p>","protected":false},"author":13,"featured_media":99884,"comment_status":"open","ping_status":"closed","sticky":false,"template":"","format":"standard","meta":{"_eb_attr":"","_themeisle_gutenberg_block_has_review":false,"_jetpack_newsletter_access":"","_jetpack_dont_email_post_to_subs":false,"_jetpack_newsletter_tier_id":0,"_jetpack_memberships_contains_paywalled_content":false,"_jetpack_feature_clip_id":0,"_jetpack_memberships_contains_paid_content":false,"activitypub_content_warning":"","activitypub_content_visibility":"","activitypub_max_image_attachments":3,"activitypub_interaction_policy_quote":"anyone","activitypub_status":"federated","footnotes":"","jetpack_publicize_message":"","jetpack_publicize_feature_enabled":true,"jetpack_social_post_already_shared":false,"jetpack_social_options":{"image_generator_settings":{"template":"highway","default_image_id":0,"font":"","enabled":false},"version":2},"jetpack_post_was_ever_published":false},"categories":[11917,8843],"tags":[16028],"class_list":["post-99882","post","type-post","status-publish","format-standard","has-post-thumbnail","hentry","category-persberichten","category-podiumkunst","tag-leiderschap"],"featured_image_url":{"thumbnail":"https:\/\/cultureelpersbureau.nl\/wp-content\/uploads\/2025\/12\/Anne-Marie-Kremer-1-150x150.jpeg","medium":"https:\/\/cultureelpersbureau.nl\/wp-content\/uploads\/2025\/12\/Anne-Marie-Kremer-1-300x200.jpeg","medium_large":"https:\/\/cultureelpersbureau.nl\/wp-content\/uploads\/2025\/12\/Anne-Marie-Kremer-1-768x512.jpeg","large":"https:\/\/cultureelpersbureau.nl\/wp-content\/uploads\/2025\/12\/Anne-Marie-Kremer-1-1024x682.jpeg","1536x1536":"https:\/\/cultureelpersbureau.nl\/wp-content\/uploads\/2025\/12\/Anne-Marie-Kremer-1-1536x1024.jpeg","2048x2048":"https:\/\/cultureelpersbureau.nl\/wp-content\/uploads\/2025\/12\/Anne-Marie-Kremer-1.jpeg","trp-custom-language-flag":"https:\/\/cultureelpersbureau.nl\/wp-content\/uploads\/2025\/12\/Anne-Marie-Kremer-1-18x12.jpeg"},"post_author":"een van onze leden","assigned_categories":"PERSBERICHTEN, PODIUMKUNST","jetpack_publicize_connections":[],"jetpack-related-posts":[{"id":106498,"url":"https:\/\/cultureelpersbureau.nl\/fr\/2026\/05\/kom-naar-de-kunst-van-het-leiden-live\/","url_meta":{"origin":99882,"position":0},"title":"Venez assister \u00e0 l'\u00e9mission The Art of Leading Live","author":"Anne-Marie Kremer","date":"7 mai 2026","format":false,"excerpt":"Dans le podcast \u00ab L'art de diriger \u00bb d'Anne-Marie Kremer (CultuurOntwerp), des dirigeants culturels tels qu'Anne Breure, Mouna Laroussi, Marc Vlemmix et Lot Vekemans parlent sans d\u00e9tours des crises qu\u2019ils ont travers\u00e9es, de l\u2019impact que celles-ci ont eu sur eux personnellement et de ce qu\u2019ils en ont tir\u00e9, au sens propre comme au figur\u00e9. Ces entretiens offrent\u2026","rel":"","context":"Dans &quot;beleid&quot;","block_context":{"text":"beleid","link":"https:\/\/cultureelpersbureau.nl\/fr\/genre\/beleid\/"},"img":{"alt_text":"","src":"","width":0,"height":0},"classes":[]},{"id":131372,"url":"https:\/\/cultureelpersbureau.nl\/fr\/2026\/08\/de-infrastructuur-van-verbondenheid\/","url_meta":{"origin":99882,"position":1},"title":"L'infrastructure de la connectivit\u00e9","author":"Alessia De Santis","date":"5 ao\u00fbt 2026","format":false,"excerpt":"L'acc\u00e8s \u00e0 la culture est g\u00e9n\u00e9ralement abord\u00e9 en termes de sentiments : inclusion, hospitalit\u00e9, accueil. Ce que j'ai appris au cours d'une s\u00e9rie d'entretiens men\u00e9s dans deux pays, c'est que le sentiment d'appartenance \u00e0 un espace culturel est rarement un simple sentiment. C'est un \u00e9l\u00e9ment d'infrastructure : un bon d'achat, une formule tarifaire, un\u2026","rel":"","context":"Dans &quot;beleid&quot;","block_context":{"text":"beleid","link":"https:\/\/cultureelpersbureau.nl\/fr\/genre\/beleid\/"},"img":{"alt_text":"","src":"","width":0,"height":0},"classes":[]},{"id":67840,"url":"https:\/\/cultureelpersbureau.nl\/fr\/2020\/12\/leiding-geven-begint-bij-jezelf-leer-daar-meer-over-in-deze-podcast-over-linc-artistiek\/","url_meta":{"origin":99882,"position":2},"title":"Le leadership commence par toi-m\u00eame. Apprends-en plus \u00e0 ce sujet dans ce podcast sur LinC-Artistics.","author":"Wijbrand Schaap","date":"16 d\u00e9cembre 2020","format":false,"excerpt":"Dans ce podcast, je m'entretiens avec Marjolein Verhallen et Paul Adriaanse de l'administration publique, Nanna Verhoef des m\u00e9dias et Iris van der Tuin de la philosophie, ainsi que les directeurs artistiques Lars Ebert et Jente Hoogeveen sur ce que c'est : le leadership. Et nous parlons de la fa\u00e7on dont tu peux l'apprendre.\u00a0","rel":"","context":"Dans &quot;ACTUEEL&quot;","block_context":{"text":"ACTUEEL","link":"https:\/\/cultureelpersbureau.nl\/fr\/genre\/nieuws\/"},"img":{"alt_text":"","src":"https:\/\/i0.wp.com\/cultureelpersbureau.nl\/wp-content\/uploads\/2020\/12\/Gnothi_seauton.jpg?resize=350%2C200&ssl=1","width":350,"height":200,"srcset":"https:\/\/i0.wp.com\/cultureelpersbureau.nl\/wp-content\/uploads\/2020\/12\/Gnothi_seauton.jpg?resize=350%2C200&ssl=1 1x, https:\/\/i0.wp.com\/cultureelpersbureau.nl\/wp-content\/uploads\/2020\/12\/Gnothi_seauton.jpg?resize=525%2C300&ssl=1 1.5x"},"classes":[]},{"id":97187,"url":"https:\/\/cultureelpersbureau.nl\/fr\/2025\/05\/erik-akkermans-mensen-zonder-empathie-hebben-het-makkelijker\/","url_meta":{"origin":99882,"position":3},"title":"Erik Akkermans : \"Les personnes qui n'ont pas d'empathie ont la vie plus facile\".","author":"Wijbrand Schaap","date":"1 mai 2025","format":false,"excerpt":"Quels sont les pi\u00e8ges et les opportunit\u00e9s pour un directeur dans le secteur culturel ? Erik Akkermans nous fait part de ses 48 ann\u00e9es d'exp\u00e9rience. \u00c9couter sur Substack \u00c9couter ce podcast sur le leadership. Erik Akkermans y fait part de ses 48 ann\u00e9es d'exp\u00e9rience. Les gens qui n'ont pas d'empathie ont la vie plus facile\" par Cultural Press AgencyQuels sont les pi\u00e8ges et les...","rel":"","context":"Dans &quot;beleid&quot;","block_context":{"text":"beleid","link":"https:\/\/cultureelpersbureau.nl\/fr\/genre\/beleid\/"},"img":{"alt_text":"","src":"https:\/\/i0.wp.com\/cultureelpersbureau.nl\/wp-content\/uploads\/2020\/04\/erik-akkermans.jpeg?resize=350%2C200&ssl=1","width":350,"height":200,"srcset":"https:\/\/i0.wp.com\/cultureelpersbureau.nl\/wp-content\/uploads\/2020\/04\/erik-akkermans.jpeg?resize=350%2C200&ssl=1 1x, https:\/\/i0.wp.com\/cultureelpersbureau.nl\/wp-content\/uploads\/2020\/04\/erik-akkermans.jpeg?resize=525%2C300&ssl=1 1.5x, https:\/\/i0.wp.com\/cultureelpersbureau.nl\/wp-content\/uploads\/2020\/04\/erik-akkermans.jpeg?resize=700%2C400&ssl=1 2x, https:\/\/i0.wp.com\/cultureelpersbureau.nl\/wp-content\/uploads\/2020\/04\/erik-akkermans.jpeg?resize=1050%2C600&ssl=1 3x"},"classes":[]},{"id":129262,"url":"https:\/\/cultureelpersbureau.nl\/fr\/2026\/07\/dit-is-wat-amsterdam-en-milaan-samenbindt\/","url_meta":{"origin":99882,"position":4},"title":"Voici ce qui unit Amsterdam et Milan","author":"Alessia De Santis","date":"27 juillet 2026","format":false,"excerpt":"Il y a un seuil qui m\u2019int\u00e9resse davantage que la sc\u00e8ne elle-m\u00eame. C\u2019est celui qui se trouve juste devant : la porte d\u2019un th\u00e9\u00e2tre situ\u00e9 dans un quartier o\u00f9, officiellement, aucun th\u00e9\u00e2tre ne devrait exister. Une avenue de trois kilom\u00e8tres qui s\u00e9pare le centre de la p\u00e9riph\u00e9rie, bord\u00e9e de bureaux, et un\u2026","rel":"","context":"Dans &quot;PODCAST&quot;","block_context":{"text":"PODCAST","link":"https:\/\/cultureelpersbureau.nl\/fr\/genre\/podcast\/"},"img":{"alt_text":"","src":"","width":0,"height":0},"classes":[]},{"id":100595,"url":"https:\/\/cultureelpersbureau.nl\/fr\/2026\/02\/cultuurpers-live-deze-premiere-smaakt-naar-meer\/","url_meta":{"origin":99882,"position":5},"title":"Culture Press Live : cette premi\u00e8re a un go\u00fbt de plus","author":"Wijbrand Schaap","date":"2 f\u00e9vrier 2026","format":false,"excerpt":"Il y avait encore quelques si\u00e8ges vides, le jeudi 29 janvier \u00e0 TivoliVredenburg, mais cela fait partie de l\u2019ambiance discr\u00e8te et exp\u00e9rimentale que nous avions organis\u00e9e. Car enregistrer un podcast, on le fait d\u2019habitude dans un placard \u00e0 balais bien insonoris\u00e9, pas sur une sc\u00e8ne avec vue sur un Vredenburg l\u00e9g\u00e8rement enneig\u00e9\u2026","rel":"","context":"Dans &quot;PODCAST&quot;","block_context":{"text":"PODCAST","link":"https:\/\/cultureelpersbureau.nl\/fr\/genre\/podcast\/"},"img":{"alt_text":"","src":"https:\/\/i0.wp.com\/cultureelpersbureau.nl\/wp-content\/uploads\/2026\/02\/Schermafdruk-van-2026-02-01-15-48-07.png?resize=350%2C200&ssl=1","width":350,"height":200,"srcset":"https:\/\/i0.wp.com\/cultureelpersbureau.nl\/wp-content\/uploads\/2026\/02\/Schermafdruk-van-2026-02-01-15-48-07.png?resize=350%2C200&ssl=1 1x, https:\/\/i0.wp.com\/cultureelpersbureau.nl\/wp-content\/uploads\/2026\/02\/Schermafdruk-van-2026-02-01-15-48-07.png?resize=525%2C300&ssl=1 1.5x, https:\/\/i0.wp.com\/cultureelpersbureau.nl\/wp-content\/uploads\/2026\/02\/Schermafdruk-van-2026-02-01-15-48-07.png?resize=700%2C400&ssl=1 2x, https:\/\/i0.wp.com\/cultureelpersbureau.nl\/wp-content\/uploads\/2026\/02\/Schermafdruk-van-2026-02-01-15-48-07.png?resize=1050%2C600&ssl=1 3x, https:\/\/i0.wp.com\/cultureelpersbureau.nl\/wp-content\/uploads\/2026\/02\/Schermafdruk-van-2026-02-01-15-48-07.png?resize=1400%2C800&ssl=1 4x"},"classes":[]}],"jetpack_shortlink":"https:\/\/wp.me\/p3yKke-pZ0","jetpack_sharing_enabled":true,"jetpack_featured_media_url":"https:\/\/cultureelpersbureau.nl\/wp-content\/uploads\/2025\/12\/Anne-Marie-Kremer-1.jpeg","_links":{"self":[{"href":"https:\/\/cultureelpersbureau.nl\/fr\/wp-json\/wp\/v2\/posts\/99882","targetHints":{"allow":["GET"]}}],"collection":[{"href":"https:\/\/cultureelpersbureau.nl\/fr\/wp-json\/wp\/v2\/posts"}],"about":[{"href":"https:\/\/cultureelpersbureau.nl\/fr\/wp-json\/wp\/v2\/types\/post"}],"author":[{"embeddable":true,"href":"https:\/\/cultureelpersbureau.nl\/fr\/wp-json\/wp\/v2\/users\/13"}],"replies":[{"embeddable":true,"href":"https:\/\/cultureelpersbureau.nl\/fr\/wp-json\/wp\/v2\/comments?post=99882"}],"version-history":[{"count":3,"href":"https:\/\/cultureelpersbureau.nl\/fr\/wp-json\/wp\/v2\/posts\/99882\/revisions"}],"predecessor-version":[{"id":100216,"href":"https:\/\/cultureelpersbureau.nl\/fr\/wp-json\/wp\/v2\/posts\/99882\/revisions\/100216"}],"wp:featuredmedia":[{"embeddable":true,"href":"https:\/\/cultureelpersbureau.nl\/fr\/wp-json\/wp\/v2\/media\/99884"}],"wp:attachment":[{"href":"https:\/\/cultureelpersbureau.nl\/fr\/wp-json\/wp\/v2\/media?parent=99882"}],"wp:term":[{"taxonomy":"category","embeddable":true,"href":"https:\/\/cultureelpersbureau.nl\/fr\/wp-json\/wp\/v2\/categories?post=99882"},{"taxonomy":"post_tag","embeddable":true,"href":"https:\/\/cultureelpersbureau.nl\/fr\/wp-json\/wp\/v2\/tags?post=99882"}],"curies":[{"name":"wp","href":"https:\/\/api.w.org\/{rel}","templated":true}]}}